{"id":338270,"date":"2026-01-13T12:19:09","date_gmt":"2026-01-13T12:19:09","guid":{"rendered":"https:\/\/www.europesays.com\/es\/338270\/"},"modified":"2026-01-13T12:19:09","modified_gmt":"2026-01-13T12:19:09","slug":"brocoli-y-alcachofa-verduras-clave-para-empezar-el-ano-de-forma-saludable","status":"publish","type":"post","link":"https:\/\/www.europesays.com\/es\/338270\/","title":{"rendered":"Br\u00f3coli y alcachofa: verduras clave para empezar el a\u00f1o de forma saludable"},"content":{"rendered":"<p>Empezar el a\u00f1o con buenos prop\u00f3sitos es habitual, pero mantenerlos en el tiempo requiere apoyos reales. En ese camino, las frutas y verduras frescas europeas juegan un papel fundamental gracias a su aporte de vitaminas, minerales y fibra, esenciales para una alimentaci\u00f3n equilibrada.<\/p>\n<p>Productos locales, sostenibles y de temporada como el br\u00f3coli y la alcachofa destacan no solo por sus beneficios nutricionales, sino tambi\u00e9n por su capacidad para transformar cualquier receta en una opci\u00f3n saludable y sabrosa.<\/p>\n<p><strong>Beneficios del br\u00f3coli europeo para la salud<\/strong><\/p>\n<p>El br\u00f3coli europeo es una fuente natural de nutrientes esenciales como la vitamina C, el \u00e1cido f\u00f3lico y el hierro. Estos componentes contribuyen al correcto funcionamiento del sistema inmunitario y ayudan a reducir el cansancio y la fatiga.<\/p>\n<p>Adem\u00e1s, el br\u00f3coli es un potente antioxidante natural, lo que lo convierte en un alimento clave para proteger las c\u00e9lulas frente al da\u00f1o oxidativo.<\/p>\n<p><strong>Alcachofa europea: la reina de las verduras de invierno<\/strong><\/p>\n<p>La alcachofa europea, conocida como la \u201creina de las verduras de invierno\u201d, destaca por su contenido en cinarina, una sustancia que favorece la funci\u00f3n hep\u00e1tica y biliar y ayuda a regular los niveles de colesterol.<\/p>\n<p>A estos beneficios se suman su alto contenido en fibra y vitaminas del grupo B, nutrientes que contribuyen al buen funcionamiento del coraz\u00f3n y del sistema nervioso.<\/p>\n<p><strong>Verduras de temporada con infinitas posibilidades culinarias<\/strong><\/p>\n<p>Enero es uno de los meses de plena temporada para el br\u00f3coli y la alcachofa, lo que garantiza su frescura y sabor. El br\u00f3coli puede disfrutarse hervido, asado, salteado o crudo, y es ideal como ingrediente principal en ensaladas, arroces, pastas o tortillas.<\/p>\n<p>La alcachofa, por su parte, brilla en arroces y guisos de legumbres, aunque tambi\u00e9n es deliciosa por s\u00ed sola, a la plancha o al vapor, acompa\u00f1ada \u00fanicamente de aceite de oliva virgen extra y sal.<\/p>\n<p><strong>Recetas saludables para cumplir los prop\u00f3sitos del a\u00f1o<\/strong><\/p>\n<p>La versatilidad de estas hortalizas y sus beneficios para la salud est\u00e1n en la base de la iniciativa \u2018Una Europa m\u00e1s Saludable\u2019, cofinanciada por la Uni\u00f3n Europea y promovida por las asociaciones +Br\u00f3coli, Alcachofa de Espa\u00f1a y AOPn Fraises Framboises de France.<\/p>\n<p>Su objetivo es aumentar el consumo de frutas y verduras frescas desde los actuales 350 g por persona y d\u00eda hasta los 400 g recomendados por la OMS.<\/p>\n<p>Ideas de recetas con br\u00f3coli y alcachofa:<\/p>\n<ul>\n<li>Bu\u00f1uelos de br\u00f3coli<\/li>\n<li>Ensalada verde de br\u00f3coli y langostinos<\/li>\n<li>Pur\u00e9 de br\u00f3coli y patata con huevo poch\u00e9<\/li>\n<li>Hamburguesas de br\u00f3coli<\/li>\n<li>Alcachofas a la carbonara<\/li>\n<li>Curry verde de gambas y alcachofas<\/li>\n<\/ul>\n<p>Estas y muchas m\u00e1s propuestas pueden encontrarse en el perfil de Instagram del proyecto @ahealthiereurope y en la web estoesunaeuropamassaludable.eu.<\/p>\n","protected":false},"excerpt":{"rendered":"Empezar el a\u00f1o con buenos prop\u00f3sitos es habitual, pero mantenerlos en el tiempo requiere apoyos reales. En ese&hellip;\n","protected":false},"author":2,"featured_media":338271,"comment_status":"","ping_status":"","sticky":false,"template":"","format":"standard","meta":{"footnotes":""},"categories":[92],"tags":[21247,25,24,61705,4475,165,6026,166,23,77299],"class_list":{"0":"post-338270","1":"post","2":"type-post","3":"status-publish","4":"format-standard","5":"has-post-thumbnail","7":"category-salud","8":"tag-alimentacion-saludable","9":"tag-es","10":"tag-espana","11":"tag-estilo-de-vida-saludable","12":"tag-gastronomia","13":"tag-health","14":"tag-nutricion","15":"tag-salud","16":"tag-spain","17":"tag-verduras-de-temporada"},"share_on_mastodon":{"url":"https:\/\/pubeurope.com\/@es\/115887758668691458","error":""},"_links":{"self":[{"href":"https:\/\/www.europesays.com\/es\/wp-json\/wp\/v2\/posts\/338270","targetHints":{"allow":["GET"]}}],"collection":[{"href":"https:\/\/www.europesays.com\/es\/wp-json\/wp\/v2\/posts"}],"about":[{"href":"https:\/\/www.europesays.com\/es\/wp-json\/wp\/v2\/types\/post"}],"author":[{"embeddable":true,"href":"https:\/\/www.europesays.com\/es\/wp-json\/wp\/v2\/users\/2"}],"replies":[{"embeddable":true,"href":"https:\/\/www.europesays.com\/es\/wp-json\/wp\/v2\/comments?post=338270"}],"version-history":[{"count":0,"href":"https:\/\/www.europesays.com\/es\/wp-json\/wp\/v2\/posts\/338270\/revisions"}],"wp:featuredmedia":[{"embeddable":true,"href":"https:\/\/www.europesays.com\/es\/wp-json\/wp\/v2\/media\/338271"}],"wp:attachment":[{"href":"https:\/\/www.europesays.com\/es\/wp-json\/wp\/v2\/media?parent=338270"}],"wp:term":[{"taxonomy":"category","embeddable":true,"href":"https:\/\/www.europesays.com\/es\/wp-json\/wp\/v2\/categories?post=338270"},{"taxonomy":"post_tag","embeddable":true,"href":"https:\/\/www.europesays.com\/es\/wp-json\/wp\/v2\/tags?post=338270"}],"curies":[{"name":"wp","href":"https:\/\/api.w.org\/{rel}","templated":true}]}}