{"id":338272,"date":"2026-01-13T12:20:09","date_gmt":"2026-01-13T12:20:09","guid":{"rendered":"https:\/\/www.europesays.com\/es\/338272\/"},"modified":"2026-01-13T12:20:09","modified_gmt":"2026-01-13T12:20:09","slug":"la-gala-inaugural-de-la-presentacion-de-la-i-temporada-escena-mostoles-2026-con-pasion-vega-protagoniza-la-agenda-cultural-de-la-semana","status":"publish","type":"post","link":"https:\/\/www.europesays.com\/es\/338272\/","title":{"rendered":"La Gala inaugural de la presentaci\u00f3n de la I Temporada Escena M\u00f3stoles 2026, con Pasi\u00f3n Vega, protagoniza la agenda cultural de la semana"},"content":{"rendered":"<ul>\n<li class=\" cmAlignjustify\"><strong>La Gala se celebrar\u00e1 el mi\u00e9rcoles 14 de enero, a las 20:00 h, en el Teatro del Bosque. Como antesala, se podr\u00e1 disfrutar del espect\u00e1culo Nuevos Horizontes, de la compa\u00f1\u00eda Pablo M\u00e9ndez, para toda la familia, en los jardines de este teatro.<\/strong><\/li>\n<\/ul>\n<ul>\n<li class=\" cmAlignjustify\"><strong>El Ayuntamiento de M\u00f3stoles, organiza, adem\u00e1s, de manera gratuita, un taller familiar de \u00abEncaje de bolillos,<\/strong> <strong>el \u00abI Ciclo de Conciertos de \u00f3rgano\u00bb, el recital po\u00e9tico de ASEAPO \u00abA cuatro voces\u00bb, y la presentaci\u00f3n del libro \u00abQuince vueltas al coraz\u00f3n\u00bb, con historias reales de pilotos de moto GP, entre otras actividades.  <\/strong><\/li>\n<\/ul>\n<p class=\"cmParagraph cmAlignjustify\"><img loading=\"lazy\" decoding=\"async\" src=\"https:\/\/www.europesays.com\/es\/wp-content\/uploads\/2026\/01\/1430254-noticia Museo 18 enero 2026.jpg\" width=\"400\" height=\"225\" alt=\"noticia Museo 18 enero 2026\"\/>La agenda cultural de M\u00f3stoles, organizada por el Ayuntamiento de M\u00f3stoles a trav\u00e9s de la Concejal\u00eda de Cultura, Desarrollo y Promoci\u00f3n Tur\u00edstica, para esta semana, hasta el 18 de enero, est\u00e1 protagonizada por la <strong>Gala Inaugural de la presentaci\u00f3n de la I Temporada Escena M\u00f3stoles 2026<\/strong>. <\/p>\n<p class=\"cmParagraph cmAlignjustify\">La gala, que se celebrar\u00e1 el mi\u00e9rcoles 14 de enero, a las 20:00 h, en el Teatro del Bosque, contar\u00e1 con las actuaciones de la artista Pasi\u00f3n Vega, acompa\u00f1ada al piano por Mois\u00e9s S\u00e1nchez; la compa\u00f1\u00eda de circo Nueveuno; Carlos Rodr\u00edguez Flamenco Dance Company; y la compa\u00f1\u00eda de l\u00edrica L\u2019Operamore. Para asistir ser\u00e1 necesario tener invitaci\u00f3n, v\u00e1lida para dos personas, hasta completar aforo. <\/p>\n<p class=\"cmParagraph cmAlignjustify\">Como antesala a la Gala, a las 19:00 h, en los jardines del Teatro del Bosque, tendr\u00e1 lugar el espect\u00e1culo <strong>Nuevos Horizontes<\/strong>, de la compa\u00f1\u00eda Pablo M\u00e9ndez, dirigido a toda la familia y al que se podr\u00e1 asistir con entrada libre. <\/p>\n<p class=\"cmParagraph cmAlignjustify\">Tambi\u00e9n el mi\u00e9rcoles 14, se podr\u00e1 asistir a la proyecci\u00f3n de la pel\u00edcula <strong>\u00abMi \u00fanica familia\u00bb<\/strong> (Hard Truths, 2024), dentro del ciclo Filmoteca de M\u00f3stoles, en el Centro Sociocultural Norte-Universidad, a las 18:30 h. La entrada es gratuita, previa retirada de invitaciones en el propio centro. <\/p>\n<p class=\"cmParagraph cmAlignjustify\">El jueves 15 contin\u00faa el espect\u00e1culo musical <strong>\u00abCuentitis Musiquitis\u00bb<\/strong>, que ofrece canciones y cuentos, dentro de la programaci\u00f3n de Jueves en Familia, a cargo de la compa\u00f1\u00eda del mismo nombre, en el Centro Sociocultural Caleidoscopio, a las 18:00 h. La entrada es gratuita, previa retirada de invitaciones en el propio centro. <\/p>\n<p class=\"cmParagraph cmAlignjustify\">El d\u00eda 15, tambi\u00e9n tendr\u00e1 lugar en M\u00f3stoles el recital po\u00e9tico <strong>\u00abA cuatro voces\u00bb<\/strong>, a cargo de la Asociaci\u00f3n Espa\u00f1ola de Amigos de la Poes\u00eda (ASEAPO), en el Museo de la Ciudad, a las 18:00 h. En \u00e9l intervendr\u00e1n: Alberto Morate, Vicente Zaragoza Sesmero, Primitivo Oliva Fern\u00e1ndez y Emilio Polo Vilches, con m\u00fasica de Javier Gij\u00f3n, que leer\u00e1n textos de grandes de la Literatura como Le\u00f3n Felipe, Miguel Hern\u00e1ndez, Luis Cernuda y Juan Ram\u00f3n Jim\u00e9nez. La entrada es gratuita, previa retirada de invitaciones en el propio centro. <\/p>\n<p class=\"cmParagraph cmAlignjustify\">El viernes 16, la Biblioteca Central acoger\u00e1 la presentaci\u00f3n del libro de Ignacio Garc\u00eda Osorio, <strong>\u00abQuince vueltas al coraz\u00f3n\u00bb<\/strong>, a las 18:30 h, que recoge historias reales de pilotos de moto GP que marcaron una generaci\u00f3n, su vida, su carrera y los grandes logros que les convirtieron en leyenda. El acceso es libre hasta completar aforo. <\/p>\n<p class=\"cmParagraph cmAlignjustify\">El s\u00e1bado 17, dentro de Cine en familia, el Centro Sociocultural El Soto acoger\u00e1 la proyecci\u00f3n de la pel\u00edcula <strong>\u00abLos exploradores\u00bb<\/strong>, a las 18:00 h, que tambi\u00e9n se proyectar\u00e1 el domingo en el Centro Sociocultural Norte-Universidad, a las 12:00 h, y en el Centro Sociocultural Joan Mir\u00f3, a las 18:00 h. Esta pel\u00edcula de cine de animaci\u00f3n, para todos los p\u00fablicos, cuenta las aventuras de un ni\u00f1o de 11 a\u00f1os, heredero de Don Quijote, acompa\u00f1ado de tres conejos imaginarios, y dos amigos, que juntos, sue\u00f1an lo imposible, superan sus miedos y utilizan la imaginaci\u00f3n para encontrar la fuerza que hay tras la tormenta y que siguen el lema de que \u00absiempre hay que so\u00f1ar a lo grande\u00bb. <\/p>\n<p class=\"cmParagraph cmAlignjustify\">El domingo 18, la Asociaci\u00f3n Cultural ATAR organiza un taller familiar de <strong>\u00abEncaje de bolillos\u00bb<\/strong>, en el Museo de la Ciudad, a las 12:00 h en el que se podr\u00e1 aprender nociones de este arte textil milenario, que se transmite de generaci\u00f3n en generaci\u00f3n. La entrada es gratuita, previa retirada de invitaciones en el propio centro. <\/p>\n<p class=\"cmParagraph cmAlignjustify\">Y, por la tarde, se celebrar\u00e1 el \u00ab<strong>I Ciclo de Conciertos de \u00f3rgano\u00bb<\/strong>, a cargo de la organista Lucie Zakov\u00e1, en la iglesia de Nuestra Se\u00f1ora de la Asunci\u00f3n de M\u00f3stoles, a las 20:00 h, de acceso libre hasta completar aforo.<\/p>\n<p class=\"cmParagraph cmAlignjustify\"><strong>Exposiciones que finalizan esta semana<\/strong> <\/p>\n<p class=\"cmParagraph cmAlignjustify\">Por otro lado, esta semana finalizan diversas exposiciones, tales como <strong>\u00ab40 Muestra del Libro Infantil y Juvenil\u00bb<\/strong>, una exposici\u00f3n organizada por la Comunidad de Madrid en la Biblioteca Central, que recoge una selecci\u00f3n de las mejores novedades editoriales destinadas a ni\u00f1os y j\u00f3venes, as\u00ed como las tendencias actuales en los contenidos y la ilustraci\u00f3n. Se puede ver hasta el 14 de enero. <\/p>\n<p class=\"cmParagraph cmAlignjustify\">La exposici\u00f3n de pintura,<strong> \u00abDonde vive el Alma\u00bb<\/strong>, del artista Andrii Kovalyk, ganador del Premio Ayuntamiento de M\u00f3stoles del XCI Sal\u00f3n de Oto\u00f1o, se podr\u00e1 ver hasta el 15 de enero, en la Sala de las Columnas del Centro Cultural Villa de M\u00f3stoles. <\/p>\n<p class=\"cmParagraph cmAlignjustify\"><strong>\u00abBarbie, Cine y Moda\u00bb<\/strong>, la exposici\u00f3n que re\u00fane a m\u00e1s de 200 mu\u00f1ecas, en la Sala del Reloj del Centro Cultural Villa de M\u00f3stoles, podr\u00e1 visitarse hasta el 18 de enero. <\/p>\n<p class=\"cmParagraph cmAlignjustify\">Y, <strong>\u00abRetrospectiva\u00bb<\/strong>, la exposici\u00f3n de pintura del artista Alberto Illescas Moreno, podr\u00e1 contemplarse en el Centro Sociocultural El Soto hasta el 18 de enero.<\/p>\n","protected":false},"excerpt":{"rendered":"La Gala se celebrar\u00e1 el mi\u00e9rcoles 14 de enero, a las 20:00 h, en el Teatro del Bosque.&hellip;\n","protected":false},"author":2,"featured_media":338273,"comment_status":"","ping_status":"","sticky":false,"template":"","format":"standard","meta":{"footnotes":""},"categories":[91],"tags":[1201,6853,1250,6854,777,2800,5509,146,147,25,24,6852,1928,6850,6849,10,4111,6851,23,6855],"class_list":{"0":"post-338272","1":"post","2":"type-post","3":"status-publish","4":"format-standard","5":"has-post-thumbnail","7":"category-entretenimiento","8":"tag-alcalde","9":"tag-atencioacuten-ciudadana","10":"tag-ayuntamiento","11":"tag-callejero","12":"tag-ciudad","13":"tag-distritos","14":"tag-empleo","15":"tag-entertainment","16":"tag-entretenimiento","17":"tag-es","18":"tag-espana","19":"tag-inversioacuten","20":"tag-joven","21":"tag-juventud","22":"tag-moacutestoles","23":"tag-noticias","24":"tag-presupuestos","25":"tag-sede-electroacutenica","26":"tag-spain","27":"tag-webs-municipales"},"share_on_mastodon":{"url":"https:\/\/pubeurope.com\/@es\/115887762657478247","error":""},"_links":{"self":[{"href":"https:\/\/www.europesays.com\/es\/wp-json\/wp\/v2\/posts\/338272","targetHints":{"allow":["GET"]}}],"collection":[{"href":"https:\/\/www.europesays.com\/es\/wp-json\/wp\/v2\/posts"}],"about":[{"href":"https:\/\/www.europesays.com\/es\/wp-json\/wp\/v2\/types\/post"}],"author":[{"embeddable":true,"href":"https:\/\/www.europesays.com\/es\/wp-json\/wp\/v2\/users\/2"}],"replies":[{"embeddable":true,"href":"https:\/\/www.europesays.com\/es\/wp-json\/wp\/v2\/comments?post=338272"}],"version-history":[{"count":0,"href":"https:\/\/www.europesays.com\/es\/wp-json\/wp\/v2\/posts\/338272\/revisions"}],"wp:featuredmedia":[{"embeddable":true,"href":"https:\/\/www.europesays.com\/es\/wp-json\/wp\/v2\/media\/338273"}],"wp:attachment":[{"href":"https:\/\/www.europesays.com\/es\/wp-json\/wp\/v2\/media?parent=338272"}],"wp:term":[{"taxonomy":"category","embeddable":true,"href":"https:\/\/www.europesays.com\/es\/wp-json\/wp\/v2\/categories?post=338272"},{"taxonomy":"post_tag","embeddable":true,"href":"https:\/\/www.europesays.com\/es\/wp-json\/wp\/v2\/tags?post=338272"}],"curies":[{"name":"wp","href":"https:\/\/api.w.org\/{rel}","templated":true}]}}