{"id":338278,"date":"2026-01-13T12:23:09","date_gmt":"2026-01-13T12:23:09","guid":{"rendered":"https:\/\/www.europesays.com\/es\/338278\/"},"modified":"2026-01-13T12:23:09","modified_gmt":"2026-01-13T12:23:09","slug":"en-marcha-las-aulas-de-espanol-para-ninos-inmigrantes-con-dificultades-en-lengua-castellana","status":"publish","type":"post","link":"https:\/\/www.europesays.com\/es\/338278\/","title":{"rendered":"En marcha las aulas de espa\u00f1ol para ni\u00f1os inmigrantes con dificultades en lengua castellana"},"content":{"rendered":"<blockquote>\n<p>Participan 51 ni\u00f1os de distintos pa\u00edses y de alarga hasta finalizar el curso escolar.<\/p>\n<\/blockquote>\n<p>Las aulas de castellano retoman su actividad tras las vacaciones escolares de Navidad. El proyecto, que se desarrolla en el Centro C\u00edvico Cultural y en el que participan 51 menores, finalizar\u00e1 a la par que el curso escolar.<\/p>\n<p>La selecci\u00f3n del alumnado participante viene derivada por los propios centros educativos donde se encuentran matriculados, y participan ni\u00f1os y ni\u00f1as de los cuatro Colegios de Ejea y los dos Institutos, adem\u00e1s de dar acogida a menores que acaban de llegar al municipio y presentan desconocimiento del idioma. La colaboraci\u00f3n con los centros escolares es primordial.<\/p>\n<p>Actualmente participan 51 chicos y chicas de diferentes pa\u00edses: Ghana, Senegal, Ruman\u00eda, Mali, Ucrania, Bulgaria, Argelia y Marruecos, entre los 6 y los 17 a\u00f1os, divididos en grupos de diferentes edades y niveles.<\/p>\n<p>El Ayuntamiento de Ejea contin\u00faa apostando por este proyecto ya que tiene una positiva valoraci\u00f3n entre los centros escolares, y entre los\/as propios participantes y sus familiares, ya que supone un refuerzo ling\u00fc\u00edstico que les ayuda a mejorar en su d\u00eda a d\u00eda y en sus estudios.<\/p>\n","protected":false},"excerpt":{"rendered":"Participan 51 ni\u00f1os de distintos pa\u00edses y de alarga hasta finalizar el curso escolar. Las aulas de castellano&hellip;\n","protected":false},"author":2,"featured_media":338279,"comment_status":"","ping_status":"","sticky":false,"template":"","format":"standard","meta":{"footnotes":""},"categories":[42],"tags":[26464,26465,30365,17,18,669,26466,13,14,11,42905,61,62,63,64,19,20,9,2932,10,15,16,12,21,22,65,66,67],"class_list":{"0":"post-338278","1":"post","2":"type-post","3":"status-publish","4":"format-standard","5":"has-post-thumbnail","7":"category-internacional","8":"tag-ejeadeloscaballeros","9":"tag-pueblosejea","10":"tag-aulas","11":"tag-breaking-news","12":"tag-breakingnews","13":"tag-castellano","14":"tag-ejea","15":"tag-featured-news","16":"tag-featurednews","17":"tag-headlines","18":"tag-idioma","19":"tag-internacional","20":"tag-international","21":"tag-international-news","22":"tag-internationalnews","23":"tag-latest-news","24":"tag-latestnews","25":"tag-news","26":"tag-ninos","27":"tag-noticias","28":"tag-noticias-destacadas","29":"tag-noticiasdestacadas","30":"tag-titulares","31":"tag-ultimas-noticias","32":"tag-ultimasnoticias","33":"tag-world","34":"tag-world-news","35":"tag-worldnews"},"share_on_mastodon":{"url":"https:\/\/pubeurope.com\/@es\/115887774353145318","error":""},"_links":{"self":[{"href":"https:\/\/www.europesays.com\/es\/wp-json\/wp\/v2\/posts\/338278","targetHints":{"allow":["GET"]}}],"collection":[{"href":"https:\/\/www.europesays.com\/es\/wp-json\/wp\/v2\/posts"}],"about":[{"href":"https:\/\/www.europesays.com\/es\/wp-json\/wp\/v2\/types\/post"}],"author":[{"embeddable":true,"href":"https:\/\/www.europesays.com\/es\/wp-json\/wp\/v2\/users\/2"}],"replies":[{"embeddable":true,"href":"https:\/\/www.europesays.com\/es\/wp-json\/wp\/v2\/comments?post=338278"}],"version-history":[{"count":0,"href":"https:\/\/www.europesays.com\/es\/wp-json\/wp\/v2\/posts\/338278\/revisions"}],"wp:featuredmedia":[{"embeddable":true,"href":"https:\/\/www.europesays.com\/es\/wp-json\/wp\/v2\/media\/338279"}],"wp:attachment":[{"href":"https:\/\/www.europesays.com\/es\/wp-json\/wp\/v2\/media?parent=338278"}],"wp:term":[{"taxonomy":"category","embeddable":true,"href":"https:\/\/www.europesays.com\/es\/wp-json\/wp\/v2\/categories?post=338278"},{"taxonomy":"post_tag","embeddable":true,"href":"https:\/\/www.europesays.com\/es\/wp-json\/wp\/v2\/tags?post=338278"}],"curies":[{"name":"wp","href":"https:\/\/api.w.org\/{rel}","templated":true}]}}