{"id":338349,"date":"2026-01-13T13:30:09","date_gmt":"2026-01-13T13:30:09","guid":{"rendered":"https:\/\/www.europesays.com\/es\/338349\/"},"modified":"2026-01-13T13:30:09","modified_gmt":"2026-01-13T13:30:09","slug":"soy-experto-en-tecnologia-y-estas-son-las-tres-tablets-de-menos-de-200-euros-que-recomiendo-en-2026","status":"publish","type":"post","link":"https:\/\/www.europesays.com\/es\/338349\/","title":{"rendered":"Soy experto en tecnolog\u00eda y estas son las tres tablets de menos de 200 euros que recomiendo en 2026"},"content":{"rendered":"<p data-journey-content=\"true\" data-node-id=\"1\" class=\"css-6wxqfj emevuu60\">En mi opini\u00f3n, ha llegado un punto en el que, despu\u00e9s de probar pr\u00e1cticamente todos los modelos de tablets que salen cada a\u00f1o al mercado, ya no es cierto que los <a href=\"https:\/\/www.esquire.com\/es\/tecnologia\/g60742189\/ipad-mejor-tablet-apple-precio-opiniones\/\" target=\"_blank\" data-vars-ga-outbound-link=\"https:\/\/www.esquire.com\/es\/tecnologia\/g60742189\/ipad-mejor-tablet-apple-precio-opiniones\/\" data-vars-ga-ux-element=\"Hyperlink\" data-vars-ga-call-to-action=\"iPad de Apple\" data-node-id=\"1.1\" class=\"body-link css-1kzkd1m emevuu60\" rel=\"nofollow noopener\">iPad de Apple<\/a> sean las \u00fanicas que merezca la pena recomendar. Desde 2010 he podido probar todos los modelos de iPad que han salido al mercado y las tablets que han desarrollado otros fabricantes a partir de Android desde 2017, con lo que es una de las categor\u00edas de tecnolog\u00eda con las que me siento m\u00e1s c\u00f3modo haciendo pruebas. Hace cuatro a\u00f1os s\u00ed que era una m\u00e1xima pr\u00e1cticamente inamovible. La mayor\u00eda de las tablets Android funcionaban como un tel\u00e9fono m\u00f3vil grande y no como una tablet, con un factor de forma concreto para un uso tambi\u00e9n muy concreto. Hab\u00eda excepciones, por supuesto, pero a precios que, sencillamente, no eran competitivos (hab\u00eda modelos de tablets de Samsung, por ejemplo, que se igualaban a los iPad Pro en funcionalidades, pero que no eran competitivos en precio). Ahora ya no es cierto.<\/p>\n<p data-journey-content=\"true\" data-node-id=\"4\" class=\"css-6wxqfj emevuu60\">Al menos ya no es cierto <strong data-node-id=\"4.1\">salvo que quieras la tablet para trabajar con programas exigentes como Final Cut, Logic Pro o Procreate, busques una tablet casi exclusivamente para gaming o quieras sustituir tu port\u00e1til por una tablet<\/strong>. Ah\u00ed los iPad Air y los iPad Pro (ambos a partir del chip M3 y de 256GB de almacenamiento) van a seguir siendo de momento las mejores opciones, sobre todo desde que Apple lanz\u00f3 el sistema operativo iPadOS 26 (ahora puedes elegir entre una experiencia puramente tablet o una experiencia port\u00e1til), aunque es innegable que estos modelos tienen en 2026 una seria competencia en modelos como los Lenovo Yoga Tab Plus (desde 709 euros), la Xiaomi Pad 7 Pro (desde 399,99 euros) y las Galaxy Tab S11 (desde 819 euros) y Galaxy Tab S11 Ultra (desde 959 euros). A su favor, las tablets de Apple siempre van a tener un soporte t\u00e9cnico (actualizaciones de software) que, de momento, supera en 2-3 a\u00f1os a los de su competencia.<\/p>\n<ul class=\"embed align-center css-1g54do e1trszap1\">\n<li aria-hidden=\"false\" class=\"css-7606gf e530gh82\"><img  alt=\"Idea Tab \u2013 11&quot; 2.5K (MediaTek Dimensity 6300, 8 GB RAM, 256 GB)\" title=\"Idea Tab \u2013 11&quot; 2.5K (MediaTek Dimensity 6300, 8 GB RAM, 256 GB)\" src=\"https:\/\/www.europesays.com\/es\/wp-content\/uploads\/2026\/01\/1759413414-516Polo9fWL.jpg\" width=\"1067\" height=\"1067\" decoding=\"async\" loading=\"lazy\"\/>Lenovo Idea Tab \u2013 11&#8243; 2.5K (MediaTek Dimensity 6300, 8 GB RAM, 256 GB)<a data-theme-key=\"base-link\" href=\"#product-a7e61185-becf-4826-9774-effeb547af10\" title=\"Read more about Idea Tab \u2013 11&quot; 2.5K (MediaTek Dimensity 6300, 8 GB RAM, 256 GB)\" class=\"e17x54641 css-1inzb5d e1c1bym14\">Leer m\u00e1s<\/a><\/li>\n<li aria-hidden=\"false\" class=\"css-7606gf e530gh82\"><img  alt=\"Galaxy Tab A11+ - 11&quot; (MediaTek MT8775 6GB RAM, 128GB almacenamiento)\" title=\"Galaxy Tab A11+ - 11&quot; (MediaTek MT8775 6GB RAM, 128GB almacenamiento)\" src=\"https:\/\/www.europesays.com\/es\/wp-content\/uploads\/2026\/01\/1768300544-61U1OXOnAZL.jpg\" width=\"2000\" height=\"2000\" decoding=\"async\" loading=\"lazy\"\/>Samsung Galaxy Tab A11+ &#8211; 11&#8243; (MediaTek MT8775 6GB RAM, 128GB almacenamiento)<a data-theme-key=\"base-link\" href=\"#product-c0908f53-66a3-4886-9c81-49db2f8c9457\" title=\"Read more about Galaxy Tab A11+ - 11&quot; (MediaTek MT8775 6GB RAM, 128GB almacenamiento)\" class=\"e17x54641 css-1inzb5d e1c1bym14\">Leer m\u00e1s<\/a><\/li>\n<li aria-hidden=\"false\" class=\"css-7606gf e530gh82\"><img  alt=\"Tab Plus 11,5'' 2K (MediaTek Helio G99, 8GB RAM, 256GB)\" title=\"Tab Plus 11,5'' 2K (MediaTek Helio G99, 8GB RAM, 256GB)\" src=\"https:\/\/www.europesays.com\/es\/wp-content\/uploads\/2026\/01\/1768302486-tablet-lenovo-tab-plus-12-pulgadas-6966272c67c8e.jpg\" width=\"800\" height=\"800\" decoding=\"async\" loading=\"lazy\"\/>Lenovo Tab Plus 11,5\u00bb 2K (MediaTek Helio G99, 8GB RAM, 256GB)<a data-theme-key=\"base-link\" href=\"#product-f9b1336e-7782-419f-9c4a-2fe667d264df\" title=\"Read more about Tab Plus 11,5'' 2K (MediaTek Helio G99, 8GB RAM, 256GB)\" class=\"e17x54641 css-1inzb5d e1c1bym14\">Leer m\u00e1s<\/a><\/li>\n<\/ul>\n<p data-journey-content=\"true\" data-node-id=\"7\" class=\"css-6wxqfj emevuu60\"><strong data-node-id=\"7.0\">El est\u00e1ndar con el que mido las tablets Android es el que considero el mejor iPad en relaci\u00f3n calidad precio: el iPad Air con procesador M3<\/strong> (no, no tomo como referencia el iPad b\u00e1sico, ahora te explico por qu\u00e9). He tenido la oportunidad de probar a conciencia el iPad Air de 11 pulgadas con procesador M3, compar\u00e1ndolo con un iPad Pro de 11 pulgadas con chip M4 y el mismo modelo con chip M5 y he probado todos los modelos de iPad Air y iPad Pro anteriores con procesadores M2 y M1 y el rendimiento del \u00faltimo (de momento) iPad Air le convierte en la mejor opci\u00f3n en calidad precio del cat\u00e1logo de Apple y del universo tablet en general. Sin embargo, con un precio de 739 euros (estoy hablando del modelo de 256GB), entiendo que para muchos usuarios se va de precio (sobre todo si tienes en cuenta que a ese precio le tienes que sumar el de un teclado). En este escenario, las bajadas de precio en la gama alta que estoy viendo en enero de 2026 auguran un a\u00f1o muy interesante en este mercado.<\/p>\n<p data-journey-content=\"true\" data-node-id=\"11\" class=\"css-6wxqfj emevuu60\"><strong data-node-id=\"11.0\">Si solo quieres una tablet para navegar por Internet, ver series y pel\u00edculas y<\/strong> \u00fanicamente vas a enfrascarte en <strong data-node-id=\"11.2\">ofim\u00e1tica b\u00e1sica<\/strong> (responder a correos electr\u00f3nicos, escribir en Google Docs y llevar tus cuentas en Excel) <strong data-node-id=\"11.4\">y, sobre todo, buscas precios por debajo de los 369 euros del iPad 11 (el modelo m\u00e1s b\u00e1sico de Apple, con 128GB de almacenamiento), mi recomendaci\u00f3n es una tablet Android<\/strong>. Salvo, claro, que ya seas usuario de Apple (me refiero a usuarios de iPhone o a usuarios de MacBook): el gran valor del iPad b\u00e1sico est\u00e1 en su integraci\u00f3n en el ecosistema Apple. Por 200 euros tienes tablets muy buenas en Android.<\/p>\n<p data-journey-content=\"true\" data-node-id=\"13\" class=\"css-6wxqfj emevuu60\">Por este precio, en 2026, hasta que salgan nuevos modelos (este a\u00f1o no ha habido grandes presentaciones en la feria CES), teniendo todo esto en cuenta te recomiendo tres tablets. Mi primera opci\u00f3n, por tama\u00f1o de pantalla y por calidad de sonido es la <a href=\"https:\/\/www.esquire.com\/es\/tecnologia\/a63897535\/lenovo-tab-plus-tablet-barata-bateria-opiniones\/\" target=\"_blank\" data-vars-ga-outbound-link=\"https:\/\/www.esquire.com\/es\/tecnologia\/a63897535\/lenovo-tab-plus-tablet-barata-bateria-opiniones\/\" data-vars-ga-ux-element=\"Hyperlink\" data-vars-ga-call-to-action=\"Lenovo Tab Plus\" data-node-id=\"13.1\" class=\"body-link css-1kzkd1m emevuu60\" rel=\"nofollow noopener\">Lenovo Tab Plus<\/a> de 11,5 pulgadas, 8GB de RAM y 128GB de almacenamiento (que son ampliables a 1TB con una tarjeta microSD). Hasta noviembre del a\u00f1o pasado rivalizaba con la superventas Samsung Galaxy A9+ en esa misma configuraci\u00f3n. Aunque tiene un procesador m\u00e1s lento (aunque m\u00e1s moderno) que la Samsung Galaxy A9+, la tablet de Lenovo se calienta menos (incluso con videojuegos, aunque no es una tablet que recomiende para gaming), la calidad de la pantalla es muy similar (el modelo de Lenovo tiene mayor resoluci\u00f3n y el de Samsung tiene m\u00e1s brillo), tiene una mayor autonom\u00eda (unas tres horas, de media) e incorpora un sistema de sonido de ocho altavoces, divididos en cuatro tweeters y cuatro woofers de la marca JBL (piensa en el sonido de un altavoz bluetooth de gama media).<\/p>\n<p data-journey-content=\"true\" data-node-id=\"15\" class=\"css-6wxqfj emevuu60\">Ahora tiene que competir con la Samsung Galaxy A11+, sustituta dentro del cat\u00e1logo de tablets de Samsung de la A9+ (no, no hay Galaxy A10+), que sali\u00f3 al mercado en diciembre de 2025. La Galaxy Tab A11+ tiene un procesador m\u00e1s potente, pero sigue teniendo menos autonom\u00eda (la bater\u00eda de 8600 mAh de la tablet de Lenovo sigue siendo mayor que la nueva bater\u00eda de 7040 mAh con carga de 25 W por USB-C del modelo de Samsung), menos RAM (6GB, aunque hay una versi\u00f3n de 8GB m\u00e1s cara), una pantalla ligeramente inferior (m\u00e1s peque\u00f1a y con mejor nitidez y grado de detalle) y no la supera en sonido. Es una tablet de 11 pulgadas con una pantalla TFT LCD de 1920\u00d71200 de 90 Hz correcta, sin m\u00e1s, almacenamiento ampliable a 2TB (incluye una ranura para tarjetas microSD), que viene con Android 16 de f\u00e1brica (la Lenovo Tab Plus por su parte viene con Android 14 con la capa Lenovo ZUI 16, se puede actualizar ya a Android 15, dar\u00e1 el salto al sistema operativo Android 16 cuando est\u00e9 disponible en 2026 y recibir\u00e1 parches de seguridad durante tres a\u00f1os m\u00e1s, hasta enero de 2028).   <\/p>\n<p data-journey-content=\"true\" data-node-id=\"17\" class=\"css-6wxqfj emevuu60\">Al precio adecuado, como ya le ocurr\u00eda a la Galaxy A9+, en mi opini\u00f3n, es tambi\u00e9n una buena opci\u00f3n y es una tablet que, sin duda, recomiendo, pero el factor de forma de la Lenovo Tab Plus incluye un pr\u00e1ctico soporte de 175 grados en la trasera que te ahorra tener que comprar una funda para poder tener un soporte. Eso sumado a su mejor pantalla y su mayor autonom\u00eda con un precio m\u00e1s bajo me hace ponerla en primer lugar.<\/p>\n<p data-journey-content=\"true\" data-node-id=\"19\" class=\"css-6wxqfj emevuu60\">Hasta ahora recomendaba tambi\u00e9n la <a href=\"https:\/\/www.amazon.es\/Lenovo-Tab-M11-Ampliables-Altavoces\/dp\/B0D45M2SNB\/\" target=\"_blank\" rel=\"nofollow noopener\" data-vars-ga-outbound-link=\"https:\/\/www.amazon.es\/Lenovo-Tab-M11-Ampliables-Altavoces\/dp\/B0D45M2SNB\/\" data-vars-ga-ux-element=\"Hyperlink\" data-vars-ga-call-to-action=\"Lenovo Tab M11\" data-vars-ga-product-id=\"7ba1751b-c13e-4766-9bfb-bfd73000a6ac\" data-node-id=\"19.1\" class=\"body-link product-links css-1kzkd1m emevuu60\">Lenovo Tab M11<\/a>, que tuve la oportunidad de probar a principios de 2024, pero por la que a los precios que estoy viendo ahora, en el primer trimestre de 2026, ya no me parece que sea una opci\u00f3n. Hasta ahora la recomendaba, sobre todo, para un uso muy b\u00e1sico (no es una tablet pensada precisamente para multitarea, ni tampoco para tener muchas pesta\u00f1as abiertas, ni especialmente r\u00e1pida), pensando en una tablet para ni\u00f1os (con control parental).<\/p>\n<p data-journey-content=\"true\" data-node-id=\"21\" class=\"css-6wxqfj emevuu60\">La Lenovo Tab M11 lleva un procesador m\u00e1s antiguo que el Mediatek Helio G99 de la popular Lenovo Tab Plus, y no tiene tanta potencia sonora (lleva montados cuatro altavoces y tambi\u00e9n tiene Dolby Atmos, pero no llega al mismo nivel), pero para compensarlo tiene una buena pantalla de 11 pulgadas (con una tasa de refresco de 90 Hz) y viene con pen incluido. Aunque tiene Android 13, se puede actualizar autom\u00e1ticamente a Android 14 y tambi\u00e9n se actualizar\u00e1 a Android 15. Adem\u00e1s, recibir\u00e1 parches de seguridad hasta 2028. El problema que tiene ahora es que cuesta lo mismo que la Lenovo Tab Plus, y en igualdad de condiciones, para m\u00ed, gana el modelo con apellido Plus.<\/p>\n<p data-journey-content=\"true\" data-node-id=\"23\" class=\"css-6wxqfj emevuu60\">La Lenovo Tab M11 tambi\u00e9n ha sido desplazada por la Lenovo Idea Tab, otra tablet asequible que he probado y que me gusta mucho. Es muy parecida a la Lenovo Tab Plus, pero con otro factor de forma, unos altavoces menos potentes y, a cambio, un procesador con un rendimiento ligeramente mejor, en l\u00ednea con el de la Samsung Galaxy A11+. Viene ya con Android 15 con lo que tendr\u00e1 una vida \u00fatil mayor que la Lenovo Tab Plus. La elecci\u00f3n entre una y otra va a estar realmente en el precio, en si te gusta m\u00e1s un dise\u00f1o que otro y en cada cuantos a\u00f1os renuevas tus equipos electr\u00f3nicos. <\/p>\n<p><a target=\"_blank\" rel=\"nofollow noopener\" data-theme-key=\"product-image-wrapper\" href=\"https:\/\/www.amazon.es\/dp\/B0FKH5XJ4G?tag=esquirespain-21\" aria-label=\"189\u00a0\u20ac en Amazon for Idea Tab \u2013 11&quot; 2.5K (MediaTek Dimensity 6300, 8 GB RAM, 256 GB)\" data-href=\"https:\/\/www.amazon.es\/dp\/B0FKH5XJ4G\" data-product-url=\"https:\/\/www.amazon.es\/dp\/B0FKH5XJ4G\" data-affiliate=\"true\" data-affiliate-url=\"https:\/\/www.amazon.es\/dp\/B0FKH5XJ4G?tag=esquirespain-21\" data-affiliate-network=\"{&quot;site_id&quot;:&quot;92d07c0b-730d-4727-bddc-68f85354bda9&quot;,&quot;metadata&quot;:{&quot;links&quot;:{&quot;default&quot;:&quot;https:\/\/www.amazon.es\/dp\/B0FKH5XJ4G?tag=esquirespain-21&quot;}},&quot;network&quot;:{&quot;name&quot;:&quot;Amazon&quot;},&quot;afflink_redirect&quot;:&quot;\/_p\/afflink\/117Cy\/amazon-lenovo-idea-tab-tablet&quot;}\" data-vars-ga-call-to-action=\"189\u00a0\u20ac en Amazon\" data-vars-ga-media-role=\"1\" data-vars-ga-media-type=\"Embedded Gallery List\" data-vars-ga-outbound-link=\"https:\/\/www.amazon.es\/dp\/B0FKH5XJ4G\" data-vars-ga-product-brand=\"Lenovo\" data-vars-ga-product-id=\"a7e61185-becf-4826-9774-effeb547af10\" data-vars-ga-product-price=\"189,00\u00a0\u20ac\" data-vars-ga-product-retailer-id=\"c78ad851-b4e7-4f2d-854d-6e6dc75f3c4c\" data-vars-ga-product-sem3-brand=\"Lenovo\" data-vars-ga-product-sem3-category=\"Tablets\" data-vars-ga-gallery-display=\"list\" data-vars-ga-link-treatment=\"sale | (not set)\" data-vars-ga-sku=\"B0FKH5XJ4G\" data-vars-ga-magento-tracking=\"1\" class=\"product-image-link ebgq4gw2 e1b8bpvs0 css-g6od0w e1c1bym14\"><img  alt=\"Idea Tab \u2013 11&quot; 2.5K (MediaTek Dimensity 6300, 8 GB RAM, 256 GB)\" title=\"Idea Tab \u2013 11&quot; 2.5K (MediaTek Dimensity 6300, 8 GB RAM, 256 GB)\" src=\"https:\/\/www.europesays.com\/es\/wp-content\/uploads\/2026\/01\/1759413414-516Polo9fWL.jpg\" width=\"1067\" height=\"1067\" decoding=\"async\" loading=\"lazy\"\/><\/a>Lenovo Idea Tab \u2013 11&#8243; 2.5K (MediaTek Dimensity 6300, 8 GB RAM, 256 GB)<\/p>\n<p>Ahora 17% de descuento<\/p>\n<p>Cr\u00e9dito: Lenovo<a target=\"_blank\" rel=\"nofollow noopener\" data-theme-key=\"product-image-wrapper\" href=\"https:\/\/www.amazon.es\/dp\/B0G14W2ZWW?tag=esquirespain-21\" aria-label=\"207\u00a0\u20ac en Amazon for Galaxy Tab A11+ - 11&quot; (MediaTek MT8775 6GB RAM, 128GB almacenamiento)\" data-href=\"https:\/\/www.amazon.es\/dp\/B0G14W2ZWW\" data-product-url=\"https:\/\/www.amazon.es\/dp\/B0G14W2ZWW\" data-affiliate=\"true\" data-affiliate-url=\"https:\/\/www.amazon.es\/dp\/B0G14W2ZWW?tag=esquirespain-21\" data-affiliate-network=\"{&quot;site_id&quot;:&quot;92d07c0b-730d-4727-bddc-68f85354bda9&quot;,&quot;metadata&quot;:{&quot;links&quot;:{&quot;default&quot;:&quot;https:\/\/www.amazon.es\/dp\/B0G14W2ZWW?tag=esquirespain-21&quot;}},&quot;network&quot;:{&quot;name&quot;:&quot;Amazon&quot;},&quot;afflink_redirect&quot;:&quot;\/_p\/afflink\/117D7\/amazon-samsung-galaxy-tab-a11-128gb&quot;}\" data-vars-ga-call-to-action=\"207\u00a0\u20ac en Amazon\" data-vars-ga-media-role=\"1\" data-vars-ga-media-type=\"Embedded Gallery List\" data-vars-ga-outbound-link=\"https:\/\/www.amazon.es\/dp\/B0G14W2ZWW\" data-vars-ga-product-brand=\"Samsung\" data-vars-ga-product-id=\"c0908f53-66a3-4886-9c81-49db2f8c9457\" data-vars-ga-product-price=\"206,96\u00a0\u20ac\" data-vars-ga-product-retailer-id=\"20354e49-f569-494e-9c71-112db8b9a806\" data-vars-ga-product-sem3-brand=\"Samsung\" data-vars-ga-product-sem3-category=\"Tablets\" data-vars-ga-gallery-display=\"list\" data-vars-ga-link-treatment=\"sale | (not set)\" data-vars-ga-sku=\"B0G14W2ZWW\" data-vars-ga-magento-tracking=\"1\" class=\"product-image-link ebgq4gw2 e1b8bpvs0 css-g6od0w e1c1bym14\"><img  alt=\"Galaxy Tab A11+ - 11&quot; (MediaTek MT8775 6GB RAM, 128GB almacenamiento)\" title=\"Galaxy Tab A11+ - 11&quot; (MediaTek MT8775 6GB RAM, 128GB almacenamiento)\" src=\"https:\/\/www.europesays.com\/es\/wp-content\/uploads\/2026\/01\/1768300544-61U1OXOnAZL.jpg\" width=\"2000\" height=\"2000\" decoding=\"async\" loading=\"lazy\"\/><\/a>Samsung Galaxy Tab A11+ &#8211; 11&#8243; (MediaTek MT8775 6GB RAM, 128GB almacenamiento)<\/p>\n<p>Ahora 17% de descuento<\/p>\n<p>Cr\u00e9dito: Samsung<a target=\"_blank\" rel=\"nofollow noopener\" data-theme-key=\"product-image-wrapper\" href=\"https:\/\/www.awin1.com\/cread.php?awinmid=20982&amp;awinaffid=676279&amp;campaign=&amp;clickref=esqes|xid:{xid}&amp;ued=https%3A%2F%2Fwww.pccomponentes.com%2Ftablet-lenovo-tab-plus-115-2k-8-128gb-wifi-luna-grey&amp;platform=pl\" aria-label=\"189\u00a0\u20ac en PcComponentes for Tab Plus 11,5&#039;&#039; 2K (MediaTek Helio G99, 8GB RAM, 256GB)\" data-href=\"https:\/\/www.pccomponentes.com\/tablet-lenovo-tab-plus-115-2k-8-128gb-wifi-luna-grey\" data-product-url=\"https:\/\/www.pccomponentes.com\/tablet-lenovo-tab-plus-115-2k-8-128gb-wifi-luna-grey\" data-affiliate=\"true\" data-affiliate-url=\"https:\/\/www.awin1.com\/cread.php?awinmid=20982&amp;awinaffid=676279&amp;campaign=&amp;clickref=esqes|xid:{xid}&amp;ued=https%3A%2F%2Fwww.pccomponentes.com%2Ftablet-lenovo-tab-plus-115-2k-8-128gb-wifi-luna-grey&amp;platform=pl\" data-affiliate-network=\"{&quot;site_id&quot;:&quot;92d07c0b-730d-4727-bddc-68f85354bda9&quot;,&quot;metadata&quot;:{&quot;trackonomics&quot;:{&quot;network_name&quot;:&quot;awin&quot;}},&quot;network&quot;:{&quot;name&quot;:&quot;Trackonomics&quot;},&quot;product_metadata&quot;:{&quot;92d07c0b-730d-4727-bddc-68f85354bda9&quot;:{&quot;network_name&quot;:&quot;awin&quot;,&quot;link&quot;:&quot;https:\/\/www.awin1.com\/cread.php?awinmid=20982&amp;awinaffid=676279&amp;campaign=&amp;clickref={subid}&amp;ued=https%3A%2F%2Fwww.pccomponentes.com%2Ftablet-lenovo-tab-plus-115-2k-8-128gb-wifi-luna-grey&amp;platform=pl&quot;}},&quot;afflink_redirect&quot;:&quot;\/_p\/afflink\/117G3\/pccomponentes-tab-plus-115-2k-mediatek&quot;}\" data-vars-ga-call-to-action=\"189\u00a0\u20ac en PcComponentes\" data-vars-ga-media-role=\"1\" data-vars-ga-media-type=\"Embedded Gallery List\" data-vars-ga-outbound-link=\"https:\/\/www.pccomponentes.com\/tablet-lenovo-tab-plus-115-2k-8-128gb-wifi-luna-grey\" data-vars-ga-product-brand=\"Lenovo\" data-vars-ga-product-id=\"f9b1336e-7782-419f-9c4a-2fe667d264df\" data-vars-ga-product-price=\"189,00\u00a0\u20ac\" data-vars-ga-product-retailer-id=\"aa1a507e-9b68-4b4b-a172-116634ef2bf1\" data-vars-ga-product-sem3-brand=\"Lenovo\" data-vars-ga-gallery-display=\"list\" data-vars-ga-link-treatment=\"sale | (not set)\" class=\"product-image-link ebgq4gw2 e1b8bpvs0 css-g6od0w e1c1bym14\"><img  alt=\"Tab Plus 11,5'' 2K (MediaTek Helio G99, 8GB RAM, 256GB)\" title=\"Tab Plus 11,5'' 2K (MediaTek Helio G99, 8GB RAM, 256GB)\" src=\"https:\/\/www.europesays.com\/es\/wp-content\/uploads\/2026\/01\/1768302486-tablet-lenovo-tab-plus-12-pulgadas-6966272c67c8e.jpg\" width=\"800\" height=\"800\" decoding=\"async\" loading=\"lazy\"\/><\/a>Lenovo Tab Plus 11,5\u00bb 2K (MediaTek Helio G99, 8GB RAM, 256GB)<\/p>\n<p>Ahora 32% de descuento<\/p>\n<p>Cr\u00e9dito: Lenovo<\/p>\n","protected":false},"excerpt":{"rendered":"En mi opini\u00f3n, ha llegado un punto en el que, despu\u00e9s de probar pr\u00e1cticamente todos los modelos de&hellip;\n","protected":false},"author":2,"featured_media":338350,"comment_status":"","ping_status":"","sticky":false,"template":"","format":"standard","meta":{"footnotes":""},"categories":[81],"tags":[1655,119,123,124,253,25,24,117,121,122,23,118,120],"class_list":{"0":"post-338349","1":"post","2":"type-post","3":"status-publish","4":"format-standard","5":"has-post-thumbnail","7":"category-ciencia-y-tecnologia","8":"tag-afiliacion","9":"tag-ciencia","10":"tag-ciencia-y-tecnologia","11":"tag-cienciaytecnologia","12":"tag-discover","13":"tag-es","14":"tag-espana","15":"tag-science","16":"tag-science-and-technology","17":"tag-scienceandtechnology","18":"tag-spain","19":"tag-technology","20":"tag-tecnologia"},"share_on_mastodon":{"url":"https:\/\/pubeurope.com\/@es\/115888038020549642","error":""},"_links":{"self":[{"href":"https:\/\/www.europesays.com\/es\/wp-json\/wp\/v2\/posts\/338349","targetHints":{"allow":["GET"]}}],"collection":[{"href":"https:\/\/www.europesays.com\/es\/wp-json\/wp\/v2\/posts"}],"about":[{"href":"https:\/\/www.europesays.com\/es\/wp-json\/wp\/v2\/types\/post"}],"author":[{"embeddable":true,"href":"https:\/\/www.europesays.com\/es\/wp-json\/wp\/v2\/users\/2"}],"replies":[{"embeddable":true,"href":"https:\/\/www.europesays.com\/es\/wp-json\/wp\/v2\/comments?post=338349"}],"version-history":[{"count":0,"href":"https:\/\/www.europesays.com\/es\/wp-json\/wp\/v2\/posts\/338349\/revisions"}],"wp:featuredmedia":[{"embeddable":true,"href":"https:\/\/www.europesays.com\/es\/wp-json\/wp\/v2\/media\/338350"}],"wp:attachment":[{"href":"https:\/\/www.europesays.com\/es\/wp-json\/wp\/v2\/media?parent=338349"}],"wp:term":[{"taxonomy":"category","embeddable":true,"href":"https:\/\/www.europesays.com\/es\/wp-json\/wp\/v2\/categories?post=338349"},{"taxonomy":"post_tag","embeddable":true,"href":"https:\/\/www.europesays.com\/es\/wp-json\/wp\/v2\/tags?post=338349"}],"curies":[{"name":"wp","href":"https:\/\/api.w.org\/{rel}","templated":true}]}}