{"id":338373,"date":"2026-01-13T13:51:06","date_gmt":"2026-01-13T13:51:06","guid":{"rendered":"https:\/\/www.europesays.com\/es\/338373\/"},"modified":"2026-01-13T13:51:06","modified_gmt":"2026-01-13T13:51:06","slug":"acuerdo-hm-hospitales-msd-para-impulsar-la-mejora-asistencial-de-pacientes","status":"publish","type":"post","link":"https:\/\/www.europesays.com\/es\/338373\/","title":{"rendered":"Acuerdo HM Hospitales-MSD para impulsar la mejora asistencial de pacientes"},"content":{"rendered":"<p>\n                                                 Juan Abarca, presidente de HM Hospitales; y la directora general de MSD, Ana Argelich, en el acto de firma del acuerdo.                                            <\/p>\n<p>                                            La<strong> Fundaci\u00f3n de Investigaci\u00f3n HM Hospitales<\/strong> (FiHM) y la biofarmac\u00e9utica <strong>MSD<\/strong> han firmado un acuerdo de colaboraci\u00f3n destinado a impulsar iniciativas que mejoren la atenci\u00f3n sanitaria y contribuyan a la <strong>calidad de vida de los pacientes.<\/strong><\/p>\n<p>Este marco de colaboraci\u00f3n, suscrito por el presidente de <a href=\"https:\/\/www.redaccionmedica.com\/tags\/hm-hospitales\" target=\"_blank\" title=\"Noticias de HM Hospitales | Redacci\u00f3n M\u00e9dica\" rel=\"nofollow noopener\">HM Hospitales<\/a>, <strong>Juan Abarca Cid\u00f3n;<\/strong>\u00a0y la directora general de <a href=\"https:\/\/www.redaccionmedica.com\/tags\/msd\" target=\"_blank\" title=\"Noticias de MSD | Redacci\u00f3n M\u00e9dica\" rel=\"nofollow noopener\">MSD<\/a> en Espa\u00f1a, <strong>Ana Argelich<\/strong>, establece un entorno de cooperaci\u00f3n para fomentar la investigaci\u00f3n, la formaci\u00f3n y la aplicaci\u00f3n de soluciones innovadoras para avanzar en la excelencia asistencial. Con esta uni\u00f3n, ambas entidades refuerzan su compromiso con la excelencia sanitaria y el abordaje de patolog\u00edas que tienen un<strong> alto impacto en la salud p\u00fablica.<\/strong><\/p>\n<p>Como primera acci\u00f3n de este compromiso, ambas entidades han puesto en marcha un <strong>programa espec\u00edfico en el \u00e1mbito de la Ginecolog\u00eda<\/strong>, enfocado en la prevenci\u00f3n, el conocimiento y el abordaje cl\u00ednico de la patolog\u00eda cervicalrelacionadas con el <strong>Virus del Papiloma Humano (VPH)<\/strong>, con el objetivo de reducir su incidencia y mejorar los resultados cl\u00ednicos en las pacientes afectadas.<\/p>\n<p>Esta alianza contempla el desarrollo de<strong> sesiones formativas<\/strong> dirigidas a profesionales sanitarios, as\u00ed como iniciativas de concienciaci\u00f3n orientadas a la poblaci\u00f3n general. Estas acciones est\u00e1n dise\u00f1adas desde una visi\u00f3n que sit\u00faa la prevenci\u00f3n, la formaci\u00f3n continuada y el diagn\u00f3stico precoz como <strong>pilares fundamentales<\/strong> para mejorar los pron\u00f3sticos en este sentido.<\/p>\n<p>En el \u00e1mbito profesional, el acuerdo incluye un <strong>programa de actualizaci\u00f3n cient\u00edfica<\/strong> en formato digital dirigido a especialistas en Ginecolog\u00eda de HM Hospitales. Dentro de dicho programa se incluye\u00a0 una sesi\u00f3n dirigida a un comit\u00e9 de expertos en patolog\u00eda cervical asociada a VPH. Estas din\u00e1micas permitir\u00e1n reforzar el conocimiento cl\u00ednico, compartir buenas pr\u00e1cticas y avanzar hacia un <strong>abordaje homog\u00e9neo, riguroso y basado en la evidencia cient\u00edfica.<\/strong><\/p>\n<p>De forma complementaria, se desarrollar\u00e1n <strong>campa\u00f1as de sensibilizaci\u00f3n <\/strong>dirigidas a la ciudadan\u00eda para fomentar el conocimiento sobre la patolog\u00eda, su prevenci\u00f3n y la importancia del <strong>seguimiento cl\u00ednico<\/strong> como herramienta clave de salud p\u00fablica.<\/p>\n<p>Para Juan Abarca, \u201cla prevenci\u00f3n y la formaci\u00f3n de los profesionales sanitarios son elementos clave para avanzar hacia una<strong> Medicina m\u00e1s eficaz, responsable y orientada a las personas<\/strong>\u201d. En este sentido, ha se\u00f1alado que \u201ceste acuerdo se alinea con nuestra estrategia de integrar asistencia, docencia e investigaci\u00f3n para abordar patolog\u00edas con un alto impacto en salud p\u00fablica, como las asociadas al VPH y contribuir activamente a la mejora del sistema sanitario\u201d.<\/p>\n<p>Por su parte, Ana Argelich ha expresado la satisfacci\u00f3n de la compa\u00f1\u00eda al crear <strong>alianzas que refuercen el compromiso con los retos sanitarios actuales<\/strong>, uniendo capacidades para alcanzar la excelencia en la investigaci\u00f3n y optimizar la atenci\u00f3n asistencial mediante el apoyo constante a los profesionales. \u201cEn MSD llevamos m\u00e1s de 130 a\u00f1os trabajando para mejorar y salvar vidas en todo el mundo, con la prevenci\u00f3n de enfermedades como uno de nuestros grandes compromisos. Por este motivo, establecer alianzas con agentes clave nos permite <strong>aunar esfuerzos y conseguir mejores resultados<\/strong>; en este caso, con especial foco en la prevenci\u00f3n del virus del papiloma humano y las consecuencias que puede tener para la salud\u201d.<br \/>&#13;\n<\/p>\n<p>&#13;<br \/>\n\t<br \/>&#13;<br \/>\n\tEspecializaci\u00f3n cl\u00ednica y formaci\u00f3n constante<br \/>\n<br \/>\nLa especializaci\u00f3n cl\u00ednica y la formaci\u00f3n continuada de los profesionales constituyen dos de los pilares del modelo asistencial de HM Hospitales. Sobre esta base, el grupo ha desarrollado una <strong>red sanitaria <\/strong>orientada a la atenci\u00f3n basada en la especializaci\u00f3n y la complejidad, con equipos m\u00e9dicos de referencia y una integraci\u00f3n efectiva entre asistencia, docencia e investigaci\u00f3n, a fin de mejorar de forma constante <strong>el modelo asistencial y la salud en general.<\/strong><\/p>\n<p>En este contexto, HM Hospitales impulsa <strong>programas de actualizaci\u00f3n cient\u00edfica<\/strong>, iniciativas formativas y proyectos de concienciaci\u00f3n que facilitan la incorporaci\u00f3n del conocimiento a la pr\u00e1ctica cl\u00ednica diaria. Esta visi\u00f3n, reforzada por la actividad de la Fundaci\u00f3n de Investigaci\u00f3n HM Hospitales, permite abordar patolog\u00edas prevalentes desde un<strong> enfoque integral, preventivo y basado en la ciencia.<\/strong><\/p>\n<p>La colaboraci\u00f3n con entidades del \u00e1mbito cient\u00edfico y sanitario, como es el caso de MSD, se enmarca as\u00ed en una <strong>estrategia de largo recorrido <\/strong>que sit\u00faa la formaci\u00f3n m\u00e9dica, la especializaci\u00f3n y la prevenci\u00f3n como elementos clave para ofrecer una<strong> atenci\u00f3n segura y de calidad.<\/strong>                                        <\/p>\n<p>\n                                            Las informaciones publicadas en Redacci\u00f3n M\u00e9dica contienen afirmaciones, datos y declaraciones procedentes de instituciones oficiales y profesionales sanitarios. No obstante, ante cualquier duda relacionada con su salud, consulte con su especialista sanitario correspondiente.\n                                        <\/p>\n","protected":false},"excerpt":{"rendered":"Juan Abarca, presidente de HM Hospitales; y la directora general de MSD, Ana Argelich, en el acto de&hellip;\n","protected":false},"author":2,"featured_media":338374,"comment_status":"","ping_status":"","sticky":false,"template":"","format":"standard","meta":{"footnotes":""},"categories":[92],"tags":[25,24,165,166,23],"class_list":{"0":"post-338373","1":"post","2":"type-post","3":"status-publish","4":"format-standard","5":"has-post-thumbnail","7":"category-salud","8":"tag-es","9":"tag-espana","10":"tag-health","11":"tag-salud","12":"tag-spain"},"share_on_mastodon":{"url":"https:\/\/pubeurope.com\/@es\/115888120425725602","error":""},"_links":{"self":[{"href":"https:\/\/www.europesays.com\/es\/wp-json\/wp\/v2\/posts\/338373","targetHints":{"allow":["GET"]}}],"collection":[{"href":"https:\/\/www.europesays.com\/es\/wp-json\/wp\/v2\/posts"}],"about":[{"href":"https:\/\/www.europesays.com\/es\/wp-json\/wp\/v2\/types\/post"}],"author":[{"embeddable":true,"href":"https:\/\/www.europesays.com\/es\/wp-json\/wp\/v2\/users\/2"}],"replies":[{"embeddable":true,"href":"https:\/\/www.europesays.com\/es\/wp-json\/wp\/v2\/comments?post=338373"}],"version-history":[{"count":0,"href":"https:\/\/www.europesays.com\/es\/wp-json\/wp\/v2\/posts\/338373\/revisions"}],"wp:featuredmedia":[{"embeddable":true,"href":"https:\/\/www.europesays.com\/es\/wp-json\/wp\/v2\/media\/338374"}],"wp:attachment":[{"href":"https:\/\/www.europesays.com\/es\/wp-json\/wp\/v2\/media?parent=338373"}],"wp:term":[{"taxonomy":"category","embeddable":true,"href":"https:\/\/www.europesays.com\/es\/wp-json\/wp\/v2\/categories?post=338373"},{"taxonomy":"post_tag","embeddable":true,"href":"https:\/\/www.europesays.com\/es\/wp-json\/wp\/v2\/tags?post=338373"}],"curies":[{"name":"wp","href":"https:\/\/api.w.org\/{rel}","templated":true}]}}