{"id":338377,"date":"2026-01-13T13:53:15","date_gmt":"2026-01-13T13:53:15","guid":{"rendered":"https:\/\/www.europesays.com\/es\/338377\/"},"modified":"2026-01-13T13:53:15","modified_gmt":"2026-01-13T13:53:15","slug":"un-movil-que-convence-entre-los-que-buscan-un-gama-alta-en-el-que-todo-funcione-como-se-espera","status":"publish","type":"post","link":"https:\/\/www.europesays.com\/es\/338377\/","title":{"rendered":"un m\u00f3vil que convence entre los que buscan un gama alta en el que todo funcione como se espera"},"content":{"rendered":"<p class=\"paragraph\">Hay tel\u00e9fonos que llegan intentando convencerte desde el minuto uno con la idea de que son \u201clos mejores del a\u00f1o\u201d. El Honor Magic 8 Pro no hace eso. En mano, m\u00e1s bien da la sensaci\u00f3n de ser ese tipo de dispositivo que no necesita explicarte nada: te lo ense\u00f1a con sus decisiones, con lo que pesa, con el brillo de la pantalla en plena calle y con la calma con que ejecuta tareas que en otros m\u00f3viles calientan m\u00e1s de la cuenta.<\/p>\n<p class=\"paragraph\">Llevo d\u00edas prob\u00e1ndolo y hay algo en \u00e9l que me recuerda a los m\u00f3viles de hace unos a\u00f1os, cuando la prioridad no era tener la funci\u00f3n m\u00e1s llamativa, sino que todo funcionara bien y siempre. Un tel\u00e9fono que no busca ser extra\u00f1o ni futurista: quiere ser s\u00f3lido. Quieres usarlo y olvidarte de que tienes un tel\u00e9fono en la mano. En 2025 eso ya es casi un lujo.<\/p>\n<p>Una primera impresi\u00f3n que se siente m\u00e1s seria que espectacular<\/p>\n<p class=\"paragraph\">El Magic 8 Pro se mantiene alejado de la extravagancia. No tiene curvas imposibles ni paneles traseros que dependan de multicapas iridiscentes. Esta vez, Honor ha optado por tres acabados \u2014Black, Sky Cyan y Sunrise Gold\u2014 y un cuerpo que transmite solidez sin exageraciones. Son 8,4 mm de grosor y 213 gramos, lo justo para que se perciba robusto sin convertirse en un ladrillo. Eso s\u00ed: m\u00e1s vale que lo cojas firmemente, porque el gran m\u00f3dulo de c\u00e1maras eleva tanto el centro de gravedad que, como te descuides, intentar\u00e1s hacer reposar el terminal en la mano y se te precipitar\u00e1 al vac\u00edo como quien salta por el balc\u00f3n. El truco para evitar eso es que el m\u00f3dulo repose sobre tu dedo \u00edndice. Entonces se equilibra todo y no se te caer\u00e1.\u00a0<\/p>\n<p><img decoding=\"async\" class=\"w-full\"   alt=\"La mejor manera de coger el Honor Magic 8 Pro es haciendo reposar el m\u00f3dulo de c\u00e1maras sobre el dedo \u00edndice.\" data-full-src=\"https:\/\/www.lavanguardia.com\/uploads\/2025\/12\/03\/692ff09615d79.jpeg\" src=\"https:\/\/www.europesays.com\/es\/wp-content\/uploads\/2026\/01\/692ff09615d79.jpeg\" width=\"449\" height=\"383\" loading=\"lazy\"\/>La mejor manera de coger el Honor Magic 8 Pro es haciendo reposar el m\u00f3dulo de c\u00e1maras sobre el dedo \u00edndice.V\u00edctor Endrino<\/p>\n<p class=\"paragraph\">Pero el detalle que m\u00e1s llama la atenci\u00f3n no est\u00e1 a la vista: la certificaci\u00f3n IP68, IP69 e IP69K. Esto significa que puedes mojarlo, cubrirlo de polvo o someterlo a chorros de agua a presi\u00f3n sin que sufra. Es curioso ver una resistencia tan extrema en un m\u00f3vil que no presume de ello en su dise\u00f1o.<\/p>\n<p>Una pantalla m\u00e1s brillante que muchas de gama ultra<\/p>\n<p class=\"paragraph\">La primera vez que activ\u00e9 la pantalla bajo un sol directo pens\u00e9 que se trataba de un modo puntual o una exageraci\u00f3n del panel. Pero no: el Magic 8 Pro alcanza 6000 nits de brillo m\u00e1ximo. Es el tipo de cifra que hace que mirar el m\u00f3vil en pleno agosto en una terraza deje de ser un acto de fe.<\/p>\n<p class=\"paragraph\">El panel OLED 1,5K de 6,71 pulgadas es n\u00edtido, fluido (120 Hz LTPO) y agradable a la vista. Honor presume de una atenuaci\u00f3n PWM de 4320 Hz, pensada para reducir molestias visuales en entornos oscuros. Y aunque es una especificaci\u00f3n f\u00e1cil de ignorar, despu\u00e9s de varias horas de lectura nocturna se nota que la vista se cansa menos.\u00a0Puede que la pantalla no sea la que m\u00e1s titulares acapare en la industria, pero es de las que marcan diferencia en el uso real.<\/p>\n<p><img decoding=\"async\" class=\"w-full\"   alt=\"El Magic 8 Pro se present\u00f3 en China hace varios meses.\" data-full-src=\"https:\/\/www.lavanguardia.com\/uploads\/2026\/01\/13\/696640f3e21ea.jpeg\" src=\"https:\/\/www.europesays.com\/es\/wp-content\/uploads\/2026\/01\/696640f3e21ea.jpeg\" width=\"449\" height=\"242\" loading=\"lazy\"\/>El Magic 8 Pro se present\u00f3 en China hace varios meses.V\u00edctor Endrino<\/p>\n<p>La potencia del procesador m\u00e1s top: Snapdragon 8 Elite 5<\/p>\n<p class=\"paragraph\">El cerebro del tel\u00e9fono es el Snapdragon 8 Elite 5, de Qualcomm, una evoluci\u00f3n que no solo sube la potencia bruta, sino que afina la eficiencia. Se nota especialmente en sesiones largas de v\u00eddeo, edici\u00f3n o videojuegos, donde ves que mantiene el tipo sin sobrecalentarse.\u00a0La \u00fanica versi\u00f3n disponible en Espa\u00f1a combina 12 (+7) GB de RAM con 512 GB de almacenamiento. Es una configuraci\u00f3n generosa, sin versiones adelgazadas en capacidad que penalicen a quien no quiera o no pueda pagar m\u00e1s.<\/p>\n<p class=\"paragraph\">Honor tambi\u00e9n insiste en su Magic UI 10 sobre Android 16, que no es la capa m\u00e1s minimalista del mercado, pero s\u00ed una de las m\u00e1s r\u00e1pidas en animaciones. Combinada con el panel de 120 Hz, el tel\u00e9fono transmite sensaci\u00f3n de fluidez continua.<\/p>\n<p>Una bater\u00eda de lo m\u00e1s decente<\/p>\n<p class=\"paragraph\">El Magic 8 Pro integra 6270 mAh. A partir de 6.000, es una buena bater\u00eda que te va a dar servicio para todo el d\u00eda sin inmutarse, y seguramente te sobrar\u00e1 un 30% o m\u00e1s. Y a la hora de cargarlo, llegan dos ventajas: 100 W de carga por cable y 80 W de carga inal\u00e1mbrica<\/p>\n<p><img decoding=\"async\" class=\"w-full\"   alt=\"Honor Magic 8 Pro.\" data-full-src=\"https:\/\/www.lavanguardia.com\/uploads\/2026\/01\/13\/696641f1ad512.png\" src=\"https:\/\/www.europesays.com\/es\/wp-content\/uploads\/2026\/01\/696641f1ad512.png\" width=\"449\" height=\"449\" loading=\"lazy\"\/>Honor Magic 8 Pro.<\/p>\n<p>Las c\u00e1maras, inundadas de inteligencia artificial<\/p>\n<p class=\"paragraph\">A principios de 2025 tuve el privilegio de ser uno de los primeros periodistas espa\u00f1oles en probar el Magic 7 Pro en Bled, un buc\u00f3lico pueblecito de Eslovenia, donde me di cuenta de que la inteligencia artificial de Honor aplicaba unos ciertos artificios a partir de un zoom de m\u00e1s de 30 aumentos. Era un procesado que ped\u00eda demasiado protagonismo. En esta nueva generaci\u00f3n parece que la IA se limita a trabajar sin querer hacer alarde de nada, simplemente a procesar la foto. En el Magic 8 Pro se pueden obtener im\u00e1genes de lo m\u00e1s decentes hasta unos 30 o 40 aumentos. A partir de ah\u00ed, hasta los 100 que permite, depender\u00e1 de lo que fotograf\u00edes, de la pericia del fot\u00f3grafo o de la inspiraci\u00f3n de la IA.<\/p>\n<p><img decoding=\"async\" class=\"w-full\"   alt=\"Foto random tomada con el Magic 8 Pro.\" data-full-src=\"https:\/\/www.lavanguardia.com\/uploads\/2025\/12\/03\/692ffaa7121ae.jpeg\" src=\"https:\/\/www.europesays.com\/es\/wp-content\/uploads\/2026\/01\/692ffaa7121ae.jpeg\" width=\"449\" height=\"256\" loading=\"lazy\"\/>Foto random tomada con el Magic 8 Pro.V\u00edctor Endrino<img decoding=\"async\" class=\"w-full\"   alt=\"Nos fijamos en el cactus que se aprecia entre las dos sillas de oficina.\" data-full-src=\"https:\/\/www.lavanguardia.com\/uploads\/2025\/12\/03\/692ffac8927b5.jpeg\" src=\"https:\/\/www.europesays.com\/es\/wp-content\/uploads\/2026\/01\/692ffac8927b5.jpeg\" width=\"449\" height=\"338\" loading=\"lazy\"\/>Nos fijamos en el cactus que se aprecia entre las dos sillas de oficina.V\u00edctor Endrino<img decoding=\"async\" class=\"w-full\"   alt=\"Llevamos el zoom a 60x y la IA hace su trabajo.\" data-full-src=\"https:\/\/www.lavanguardia.com\/uploads\/2025\/12\/03\/692ffae73e2bc.jpeg\" src=\"https:\/\/www.europesays.com\/es\/wp-content\/uploads\/2026\/01\/692ffae73e2bc.jpeg\" width=\"449\" height=\"338\" loading=\"lazy\"\/>Llevamos el zoom a 60x y la IA hace su trabajo.V\u00edctor EndrinoEspecificaciones de las c\u00e1maras<\/p>\n<p>1C\u00e1mara principal ultra noche 50MP, f\/1.6. Tama\u00f1o del sensor: 1\/1,13\u201d, OIS 4 en 1. Tama\u00f1o del pixel: 2.4\u03bcm).<\/p>\n<p>2200 MP en el teleobjetivo (3.7x \u00f3ptico, apertura f 2,6 y estabilizaci\u00f3n \u00f3ptica), con un sensor de 1\/1,4 pulgadas.<\/p>\n<p>350 MP en el ultra gran angular, con un campo de visi\u00f3n de 122\u00ba.<\/p>\n<p class=\"paragraph\">Un teleobjetivo de 200 MP suena exagerado, pero al usarlo se entiende la filosof\u00eda: m\u00e1s que el marketing o las fotos tama\u00f1o p\u00f3ster que se pueden conseguir, tambi\u00e9n se obtiene la capacidad de recorte limpio, sin perder detalle (la famosa \u201ccalidad \u00f3ptica\u201d).<\/p>\n<p class=\"paragraph\">En el aspecto de foto nocturna, aqu\u00ed la clave es la entrada de luz. Las nocturnas tienen m\u00e1s informaci\u00f3n que brillo artificial, algo que se agradece cuando buscas m\u00e1s realismo que espect\u00e1culo saturado.<\/p>\n<p><img decoding=\"async\" class=\"w-full\"   alt=\"Imagen nocturna tomada con el Magic 8 Pro.\" data-full-src=\"https:\/\/www.lavanguardia.com\/uploads\/2025\/12\/03\/692ffda3272f8.jpeg\" src=\"https:\/\/www.europesays.com\/es\/wp-content\/uploads\/2026\/01\/692ffda3272f8.jpeg\" width=\"449\" height=\"337\" loading=\"lazy\"\/>Imagen nocturna tomada con el Magic 8 Pro.V\u00edctor Endrino<\/p>\n<p class=\"paragraph\">Otros ejemplos de fotos tomadas con el Honor Magic 8 Pro:<\/p>\n<p><img decoding=\"async\" class=\"w-full\"   alt=\"Imagen con HDR tomada con el Honor Magic 8 Pro.\" data-full-src=\"https:\/\/www.lavanguardia.com\/uploads\/2025\/12\/03\/692fff5487203.jpeg\" src=\"https:\/\/www.europesays.com\/es\/wp-content\/uploads\/2026\/01\/692fff5487203.jpeg\" width=\"449\" height=\"337\" loading=\"lazy\"\/>Imagen con HDR tomada con el Honor Magic 8 Pro.V\u00edctor Endrino<img decoding=\"async\" class=\"w-full\"   alt=\"Imagen tomada con el Honor Magic 8 Pro.\" data-full-src=\"https:\/\/www.lavanguardia.com\/uploads\/2025\/12\/03\/692fff7310859.jpeg\" src=\"https:\/\/www.europesays.com\/es\/wp-content\/uploads\/2026\/01\/692fff7310859.jpeg\" width=\"449\" height=\"342\" loading=\"lazy\"\/>Imagen tomada con el Honor Magic 8 Pro.V\u00edctor Endrino<img decoding=\"async\" class=\"w-full\"   alt=\"Canelones fotografiados con el Magic 8 Pro.\" data-full-src=\"https:\/\/www.lavanguardia.com\/uploads\/2025\/12\/03\/692fffa76e42d.jpeg\" src=\"https:\/\/www.europesays.com\/es\/wp-content\/uploads\/2026\/01\/692fffa76e42d.jpeg\" width=\"449\" height=\"262\" loading=\"lazy\"\/>Canelones fotografiados con el Magic 8 Pro.V\u00edctor Endrino<img decoding=\"async\" class=\"w-full\"   alt=\"El bar del Palau de la M\u00fasica, desde las \u00f3pticas del Honor Magic 8 Pro.\" data-full-src=\"https:\/\/www.lavanguardia.com\/uploads\/2025\/12\/03\/6930000247b7e.jpeg\" src=\"https:\/\/www.europesays.com\/es\/wp-content\/uploads\/2026\/01\/6930000247b7e.jpeg\" width=\"449\" height=\"337\" loading=\"lazy\"\/>El bar del Palau de la M\u00fasica, desde las \u00f3pticas del Honor Magic 8 Pro.V\u00edctor Endrino<\/p>\n<p class=\"paragraph\">La c\u00e1mara frontal a\u00f1ade otro detalle: 50 MP con sensor 3D de profundidad, lo que mejora retratos y desbloqueo facial, que se comporta bien en cualquier situaci\u00f3n.<\/p>\n<p>Un m\u00f3vil que convence con solidez<\/p>\n<p class=\"paragraph\">Despu\u00e9s de varios d\u00edas us\u00e1ndolo, se hace palpable que el punto fuerte del Magic 8 Pro no es una funci\u00f3n concreta, sino la suma: la pantalla brillante, la bater\u00eda m\u00e1s que digna, el teleobjetivo de 200 megap\u00edxeles, la carga r\u00e1pida, la resistencia IP69K, el rendimiento estable&#8230; Lo re\u00fane todo, es un tel\u00e9fono fiable en todo.<\/p>\n<p class=\"paragraph\">Un dispositivo que, sin dejar titulares estridentes, quiere ser simplemente una buena herramienta para quien busca un flagship equilibrado, Seg\u00fan como, propuestas como estas son de las que m\u00e1s falta hacen.<\/p>\n<p><img decoding=\"async\" width=\"65\" height=\"65\" loading=\"lazy\" src=\"https:\/\/www.europesays.com\/es\/wp-content\/uploads\/2025\/12\/6810e33653b7c.jpeg\" alt=\"V\u00edctor Endrino Cuesta\"\/><\/p>\n<p class=\"author_bio\">Periodista y creador de contenidos tecnol\u00f3gicos en YouTube. Graduado en Traducci\u00f3n e Interpretaci\u00f3n (UB) y vicepresidente de R\u00e0dio Associaci\u00f3 de Catalunya.<\/p>\n","protected":false},"excerpt":{"rendered":"Hay tel\u00e9fonos que llegan intentando convencerte desde el minuto uno con la idea de que son \u201clos mejores&hellip;\n","protected":false},"author":2,"featured_media":338378,"comment_status":"","ping_status":"","sticky":false,"template":"","format":"standard","meta":{"footnotes":""},"categories":[81],"tags":[119,123,124,25,24,117,121,122,23,118,120],"class_list":{"0":"post-338377","1":"post","2":"type-post","3":"status-publish","4":"format-standard","5":"has-post-thumbnail","7":"category-ciencia-y-tecnologia","8":"tag-ciencia","9":"tag-ciencia-y-tecnologia","10":"tag-cienciaytecnologia","11":"tag-es","12":"tag-espana","13":"tag-science","14":"tag-science-and-technology","15":"tag-scienceandtechnology","16":"tag-spain","17":"tag-technology","18":"tag-tecnologia"},"share_on_mastodon":{"url":"https:\/\/pubeurope.com\/@es\/115888128550181258","error":""},"_links":{"self":[{"href":"https:\/\/www.europesays.com\/es\/wp-json\/wp\/v2\/posts\/338377","targetHints":{"allow":["GET"]}}],"collection":[{"href":"https:\/\/www.europesays.com\/es\/wp-json\/wp\/v2\/posts"}],"about":[{"href":"https:\/\/www.europesays.com\/es\/wp-json\/wp\/v2\/types\/post"}],"author":[{"embeddable":true,"href":"https:\/\/www.europesays.com\/es\/wp-json\/wp\/v2\/users\/2"}],"replies":[{"embeddable":true,"href":"https:\/\/www.europesays.com\/es\/wp-json\/wp\/v2\/comments?post=338377"}],"version-history":[{"count":0,"href":"https:\/\/www.europesays.com\/es\/wp-json\/wp\/v2\/posts\/338377\/revisions"}],"wp:featuredmedia":[{"embeddable":true,"href":"https:\/\/www.europesays.com\/es\/wp-json\/wp\/v2\/media\/338378"}],"wp:attachment":[{"href":"https:\/\/www.europesays.com\/es\/wp-json\/wp\/v2\/media?parent=338377"}],"wp:term":[{"taxonomy":"category","embeddable":true,"href":"https:\/\/www.europesays.com\/es\/wp-json\/wp\/v2\/categories?post=338377"},{"taxonomy":"post_tag","embeddable":true,"href":"https:\/\/www.europesays.com\/es\/wp-json\/wp\/v2\/tags?post=338377"}],"curies":[{"name":"wp","href":"https:\/\/api.w.org\/{rel}","templated":true}]}}