{"id":338395,"date":"2026-01-13T14:10:28","date_gmt":"2026-01-13T14:10:28","guid":{"rendered":"https:\/\/www.europesays.com\/es\/338395\/"},"modified":"2026-01-13T14:10:28","modified_gmt":"2026-01-13T14:10:28","slug":"se-ha-terminado-realmente-stranger-things-5","status":"publish","type":"post","link":"https:\/\/www.europesays.com\/es\/338395\/","title":{"rendered":"\u00bfSe ha terminado realmente Stranger Things 5?"},"content":{"rendered":"<p>El \u00faltimo cap\u00edtulo sali\u00f3 hace 6 d\u00edas pero el p\u00fablico ha llenado internet de teor\u00edas que afirman un \u00faltimo episodio de Stranger Things<\/p>\n<p><strong>El fandom que apoya la teor\u00eda #conformitygate sostiene que el final es predecible y demasiado conformista como para ser real por lo tanto han creado una teor\u00eda que dice que todo es falso.\u00a0<\/strong><\/p>\n<p>Seg\u00fan los fans este<strong> 7 de enero<\/strong> van a publicar un noveno episodio ya que todo lo sucedido en el cap\u00edtulo final es falso. Seg\u00fan sus teor\u00edas <strong>todo lo que se vio<\/strong> a partir de que Steve estuviese a punto de caer de la torre, <strong>es una ilusi\u00f3n<\/strong> fruto de un hechizo de Dragones y Mazmorras. <\/p>\n<p>Justo antes de que fuera milagrosamente salvado por Jonathan hay un<strong> fundido a negro<\/strong> que dura exactamente <strong>siete segundos<\/strong>. Lo cual ha sido identificado como una de las primeras pistas de que este es el momento en el que todo empieza a ser falso. Por lo tanto el<strong> n\u00famero siete<\/strong> va a ser el d\u00eda del estreno.\u00a0<\/p>\n<p>El n\u00famero 7<\/p>\n<p>El <strong>n\u00famero siete ha sido el elegido en esta conspiraci\u00f3n<\/strong> por muchas teor\u00edas y coincidencias.<strong> En el primer episodio de la primera temporada<\/strong> cuando terminan la partida de Dragones y Mazmorras Will dice que su n\u00famero ha sido un <strong>7<\/strong>, que el demogorgon le ha matado.\u00a0<\/p>\n<p>La siguiente coincidencia es que cuando <strong>Will desaparece su madre Joyce empieza a \u201cvolverse loca\u201d al buscarle<\/strong>. No es hasta el <strong>d\u00eda 7<\/strong> que amigos y familiares empiezan a tomar sus teor\u00edas sobre que Will sigue vivo en serio.\u00a0<\/p>\n<p>Otra de las<strong> coincidencias<\/strong> que ha encontrado el fandom en el \u00faltimo cap\u00edtulo de Stranger Things 5 es que cuando<strong> finalizan los cr\u00e9ditos finales<\/strong> aparece un libro de Dragones y Mazmorras. Al lado de este libro se encuentra un <strong>dado con el n\u00famero siete boca arriba.\u00a0<\/strong><\/p>\n<p>Adem\u00e1s de estas <strong>coincidencias<\/strong> a lo largo de la serie con el n\u00famero, <strong>Netflix public\u00f3 un v\u00eddeo el 25 de diciembre del 2025 sobre que anunciar\u00eda algo el d\u00eda 7.<\/strong> En este v\u00eddeo no se especifica qu\u00e9 es exactamente lo que va a publicarse el d\u00eda 7 de enero de 2026. El <strong>v\u00eddeo trata sobre las coincidencias<\/strong> y aparece de manera clara la publicidad de la serie en la parada del bus donde aparece en peque\u00f1o un CH9. Los fans han sacado un claro parecido de la chica que protagoniza el v\u00eddeo a Joyce Byers.\u00a0\u00a0<\/p>\n<p>La <strong>cuenta oficial<\/strong> de Stranger Things en<strong> Instagram<\/strong> ha ido publicando cada d\u00eda varios posts donde el fandom ha sacado en n\u00fameros ocultos una <strong>cuenta atr\u00e1s hasta el d\u00eda 7<\/strong>. Una de las \u00faltimas publicaciones ha sido del <strong>profesor Clarke donde el reloj de aguja de la pared marca un 1 y un 7.<\/strong> Indicando una vez m\u00e1s que algo va a suceder ese d\u00eda.\u00a0<\/p>\n<p>Y si comentas \u201cFake ending\u201d en la cuenta oficial de Stranger Things de <strong>TikTok<\/strong> aparece una animaci\u00f3n de Mike, Once y Dustin en la primera temporada cuando salvan a\u00a0 Mike de caer de un precipicio.\u00a0\u00a0<\/p>\n<p><img data-recalc-dims=\"1\" fetchpriority=\"high\" decoding=\"async\" data-attachment-id=\"256928\" data-permalink=\"https:\/\/elgeneracionalpost.com\/cultura\/2026\/0107\/256914\/se-ha-terminado-realmente-stranger-things-5.html\/attachment\/img_3868\" data-orig-file=\"https:\/\/i0.wp.com\/elgeneracionalpost.com\/wp-content\/uploads\/2026\/01\/IMG_3868.jpeg?fit=1284%2C858&amp;ssl=1\" data-orig-size=\"1284,858\" data-comments-opened=\"0\" data-image-meta=\"{&quot;aperture&quot;:&quot;0&quot;,&quot;credit&quot;:&quot;&quot;,&quot;camera&quot;:&quot;&quot;,&quot;caption&quot;:&quot;&quot;,&quot;created_timestamp&quot;:&quot;0&quot;,&quot;copyright&quot;:&quot;&quot;,&quot;focal_length&quot;:&quot;0&quot;,&quot;iso&quot;:&quot;0&quot;,&quot;shutter_speed&quot;:&quot;0&quot;,&quot;title&quot;:&quot;&quot;,&quot;orientation&quot;:&quot;1&quot;}\" data-image-title=\"\" data-image-description=\"\" data-image-caption=\"&lt;p&gt;TikTok con animaci\u00f3n | Fuente.: Propia&lt;\/p&gt;&#10;\" data-medium-file=\"https:\/\/i0.wp.com\/elgeneracionalpost.com\/wp-content\/uploads\/2026\/01\/IMG_3868.jpeg?fit=300%2C200&amp;ssl=1\" data-large-file=\"https:\/\/i0.wp.com\/elgeneracionalpost.com\/wp-content\/uploads\/2026\/01\/IMG_3868.jpeg?fit=696%2C465&amp;ssl=1\" class=\"size-full wp-image-256928\" src=\"https:\/\/www.europesays.com\/es\/wp-content\/uploads\/2026\/01\/IMG_3868.jpeg\" alt=\"\" width=\"696\" height=\"465\"  \/>TikTok con animaci\u00f3n | Fuente: Propia<br \/>\nHydra<\/p>\n<p>La <strong>teor\u00eda general que sostiene el fandom es que a partir de ese fundido a negro todo son ilusiones<\/strong> provocadas por una falsa Hydra que es una criatura de Dragones y Mazmorras que lanza hechizos que afectan a la mente de las personas.\u00a0<\/p>\n<p>Entre sus <strong>capacidades<\/strong> est\u00e1n la de <strong>manipular los recuerdos<\/strong> de quienes est\u00e1n cerca de ella, afectar a lo que dicen y lo que escuchan y en general crear sugesti\u00f3n masiva. Lo hace a trav\u00e9s de un<strong> grito o una canci\u00f3n que es capaz de meterse en la psique de los seres que lo rodean que no son inmunes a ella.<\/strong> Por lo tanto se supone que Vecna ha empleado uno de estos hechizos para hacer gaslighting a todos.\u00a0<\/p>\n<p>Si nos fijamos en el <strong>significado literal de la expresi\u00f3n \u201cbomba de gas\u201d<\/strong> significa emitir un gas que enga\u00f1a a alguien para convencerlo de algo. Y en Stranger Things esto ha sucedido con frecuencia. Porque <strong>durante las primeras temporadas todas las veces que entraban al mundo del rev\u00e9s empleaban mascarillas<\/strong> o incluso escafandras de buceo para no inhalar el aire de esta dimensi\u00f3n.\u00a0<\/p>\n<p><img loading=\"lazy\" data-recalc-dims=\"1\" decoding=\"async\" data-attachment-id=\"256921\" data-permalink=\"https:\/\/elgeneracionalpost.com\/cultura\/2026\/0107\/256914\/se-ha-terminado-realmente-stranger-things-5.html\/attachment\/dyd\" data-orig-file=\"https:\/\/i0.wp.com\/elgeneracionalpost.com\/wp-content\/uploads\/2026\/01\/dyd.png?fit=1283%2C715&amp;ssl=1\" data-orig-size=\"1283,715\" data-comments-opened=\"0\" data-image-meta=\"{&quot;aperture&quot;:&quot;0&quot;,&quot;credit&quot;:&quot;&quot;,&quot;camera&quot;:&quot;&quot;,&quot;caption&quot;:&quot;&quot;,&quot;created_timestamp&quot;:&quot;0&quot;,&quot;copyright&quot;:&quot;&quot;,&quot;focal_length&quot;:&quot;0&quot;,&quot;iso&quot;:&quot;0&quot;,&quot;shutter_speed&quot;:&quot;0&quot;,&quot;title&quot;:&quot;&quot;,&quot;orientation&quot;:&quot;0&quot;}\" data-image-title=\"\" data-image-description=\"\" data-image-caption=\"&lt;p&gt;Figuras de Dragones y Mazmorras | Fuente: Netflix&lt;\/p&gt;&#10;\" data-medium-file=\"https:\/\/i0.wp.com\/elgeneracionalpost.com\/wp-content\/uploads\/2026\/01\/dyd.png?fit=300%2C167&amp;ssl=1\" data-large-file=\"https:\/\/i0.wp.com\/elgeneracionalpost.com\/wp-content\/uploads\/2026\/01\/dyd.png?fit=696%2C388&amp;ssl=1\" class=\"size-full wp-image-256921\" src=\"https:\/\/www.europesays.com\/es\/wp-content\/uploads\/2026\/01\/dyd.png\" alt=\"\" width=\"696\" height=\"388\"  \/>Figuras de Dragones y Mazmorras | Fuente: Netflix<\/p>\n<p>Sin embargo, a partir de la cuarta temporada los personajes principales entraban y sal\u00edan de este mundo<strong> sin cuidado respirando el aire constantemente<\/strong>. <\/p>\n<p>Antes de que saliera la quinta temporada, los Duffer publicaron en Twitter algunos <strong>anuncios de los ochenta que recomendaban a las madres que no fumaran cerca de sus hijos.<\/strong> Que empleaban consignas como la de \u201cNo fumes cerca de ellos para que no respiren aire contaminado\u201d.\u00a0<\/p>\n<p>Y si lo trasladamos a la serie podr\u00eda significar que hay algo en el aire <strong>del mundo del rev\u00e9s <\/strong>que se ha metido en las cabezas de los personajes. Y les est\u00e1 haciendo alucinar como lo har\u00eda el hechizo de la Hydra.<\/p>\n<p> Adem\u00e1s, <strong>en el episodio ocho<\/strong>, justo antes de ser atrapados por los militares. Van todos repartidos en dos camionetas y Robin y Steve van juntos. <strong>Robin baja la ventanilla porque dice que Steve huele muy mal y toma aire de fuera.<\/strong> Cuando inhala dice algo del estilo de que por fin respira aire fresco.<\/p>\n<p><img loading=\"lazy\" data-recalc-dims=\"1\" decoding=\"async\" data-attachment-id=\"256920\" data-permalink=\"https:\/\/elgeneracionalpost.com\/cultura\/2026\/0107\/256914\/se-ha-terminado-realmente-stranger-things-5.html\/attachment\/upside-down\" data-orig-file=\"https:\/\/i0.wp.com\/elgeneracionalpost.com\/wp-content\/uploads\/2026\/01\/upside-down.png?fit=1711%2C854&amp;ssl=1\" data-orig-size=\"1711,854\" data-comments-opened=\"0\" data-image-meta=\"{&quot;aperture&quot;:&quot;0&quot;,&quot;credit&quot;:&quot;&quot;,&quot;camera&quot;:&quot;&quot;,&quot;caption&quot;:&quot;&quot;,&quot;created_timestamp&quot;:&quot;0&quot;,&quot;copyright&quot;:&quot;&quot;,&quot;focal_length&quot;:&quot;0&quot;,&quot;iso&quot;:&quot;0&quot;,&quot;shutter_speed&quot;:&quot;0&quot;,&quot;title&quot;:&quot;&quot;,&quot;orientation&quot;:&quot;0&quot;}\" data-image-title=\"\" data-image-description=\"\" data-image-caption=\"&lt;p&gt;Mundo del rev\u00e9s | Fuente: Netflix&lt;\/p&gt;&#10;\" data-medium-file=\"https:\/\/i0.wp.com\/elgeneracionalpost.com\/wp-content\/uploads\/2026\/01\/upside-down.png?fit=300%2C150&amp;ssl=1\" data-large-file=\"https:\/\/i0.wp.com\/elgeneracionalpost.com\/wp-content\/uploads\/2026\/01\/upside-down.png?fit=696%2C347&amp;ssl=1\" class=\"size-full wp-image-256920\" src=\"https:\/\/www.europesays.com\/es\/wp-content\/uploads\/2026\/01\/upside-down.png\" alt=\"\" width=\"696\" height=\"347\"  \/>Mundo del rev\u00e9s | Fuente: Netflix<br \/>\nFallos cap\u00edtulo ocho<\/p>\n<p>Para confirmar esta teor\u00eda los fans han sacado <strong>fallos o \u201ccosas extra\u00f1as\u201d a las escenas del \u00faltimo cap\u00edtulo.<\/strong> Un ejemplo de esto es la graduaci\u00f3n de los chicos. <strong>Jonathan graba la graduaci\u00f3n y se ve que en la escena no hay ni fecha ni hora en la grabaci\u00f3n<\/strong>. A lo largo de Stranger Things esto no sucede. Cuando se graban con c\u00e1maras utilizadas por los personajes se ve la hora y fecha y justo en este cap\u00edtulo no.\u00a0<\/p>\n<p>En la <strong>graduaci\u00f3n los chicos van de naranja cuando el color oficial del instituto es verde. En un libro de la serie aparece que Nancy se gradu\u00f3 de verde.<\/strong> El fandom relaciona el color naranja como el color que llevan los prisioneros apuntando a que est\u00e1n <strong>presos.<\/strong> Todos los espectadores de la graduaci\u00f3n tienen la <strong>misma postura que Henry.\u00a0<\/strong><\/p>\n<p><strong>Tambi\u00e9n el peinado que tienen Mike, Nancy y Karen en el ep\u00edlogo es igual al peinado que tiene Henry<\/strong> durante la temporada. Adem\u00e1s, cuando Mike aparece como el escritor del final tiene unas gafas iguales a las de Henry.\u00a0<\/p>\n<p><img data-recalc-dims=\"1\" loading=\"lazy\" decoding=\"async\" data-attachment-id=\"256918\" data-permalink=\"https:\/\/elgeneracionalpost.com\/cultura\/2026\/0107\/256914\/se-ha-terminado-realmente-stranger-things-5.html\/attachment\/mike-pelo\" data-orig-file=\"https:\/\/i0.wp.com\/elgeneracionalpost.com\/wp-content\/uploads\/2026\/01\/mike-pelo.png?fit=1530%2C853&amp;ssl=1\" data-orig-size=\"1530,853\" data-comments-opened=\"0\" data-image-meta=\"{&quot;aperture&quot;:&quot;0&quot;,&quot;credit&quot;:&quot;&quot;,&quot;camera&quot;:&quot;&quot;,&quot;caption&quot;:&quot;&quot;,&quot;created_timestamp&quot;:&quot;0&quot;,&quot;copyright&quot;:&quot;&quot;,&quot;focal_length&quot;:&quot;0&quot;,&quot;iso&quot;:&quot;0&quot;,&quot;shutter_speed&quot;:&quot;0&quot;,&quot;title&quot;:&quot;&quot;,&quot;orientation&quot;:&quot;0&quot;}\" data-image-title=\"\" data-image-description=\"\" data-image-caption=\"&lt;p&gt;Mike con el pelo parecido a Henry | Fuente:  Netflix&lt;\/p&gt;&#10;\" data-medium-file=\"https:\/\/i0.wp.com\/elgeneracionalpost.com\/wp-content\/uploads\/2026\/01\/mike-pelo.png?fit=300%2C167&amp;ssl=1\" data-large-file=\"https:\/\/i0.wp.com\/elgeneracionalpost.com\/wp-content\/uploads\/2026\/01\/mike-pelo.png?fit=696%2C388&amp;ssl=1\" class=\"size-full wp-image-256918\" src=\"https:\/\/www.europesays.com\/es\/wp-content\/uploads\/2026\/01\/mike-pelo.png\" alt=\"\" width=\"696\" height=\"388\"  \/>Mike con el pelo parecido a Henry | Fuente: Netflix<\/p>\n<p>En el <strong>ep\u00edlogo Hopper acaba siendo otra vez miembro del cuerpo de polic\u00eda.<\/strong> Para los habitantes de Hawkins Hopper estaba muerto. Con todos los cr\u00edmenes que ha causado ser\u00eda muy poco probable que<strong> confiaran de nuevo en \u00e9l para ser polic\u00eda.<\/strong><\/p>\n<p>Durante el discurso de <strong>salida del armario de Will<\/strong> en el episodio siete, habla con los chicos de las cosas que les gusta hacer juntos. Hay un par de cosas que no cuadran.<strong> En primer lugar, menciona que aman perderse por el bosque.<\/strong> Para Will eso forma parte del trauma que conserva de cuando se le llev\u00f3 el demogorgon. <\/p>\n<p>Por lo que no tiene sentido que ahora diga que le gusta mucho. Y por otro lado dice que tambi\u00e9n les gustaba ir juntos a pedir <strong>batidos al Melvald\u2019s. <\/strong>Cuando en esta tienda que es en la que trabajaba Joyce no se venden ya batidos.\u00a0<\/p>\n<p>Pero se conoce gracias <strong>al musical<\/strong> de Stranger Things\u00a0 que en la \u00e9poca en la que<strong> Henry era j\u00f3ven, el Melvald\u2019s era una tienda de batidos.<\/strong> Esto contribuye a la creencia de que todo lo que dec\u00eda Will y lo que suced\u00eda, era producto de lo que les estaba <strong>presentando Vecna en esta ilusi\u00f3n.\u00a0<\/strong><\/p>\n<p>Esto sumado a que en el<strong> ep\u00edlogo Vicky<\/strong>, la novia de Robin, no aparece ni se la menciona.\u00a0 Pero si es cierta l<strong>a teor\u00eda de que todo viene de la imaginaci\u00f3n de Vecna<\/strong> tiene sentido que no se la mencione. Porque \u00e9l no la conoc\u00eda. Por lo tanto <strong>no la incluy\u00f3 en su historia.<\/strong><\/p>\n<p><strong>Cuando el grupo juega una \u00faltima partida<\/strong> a Dragones y Mazmorras, <strong>Max plantea que el final de todos es muy f\u00e1cil<\/strong> y sencillo y se llega a enfadar. Cuando la madre de Mike les llama para que suban a cenar ella ya no tiene las cicatrices cuando hac\u00eda un momento en la graduaci\u00f3n si las ten\u00eda. <strong>Tambi\u00e9n la puerta est\u00e1 del rev\u00e9s<\/strong>, no como en la primera temporada. Esto al fandom le sorprende ya que todo lo dem\u00e1s que se encuentra en la habitaci\u00f3n es tal cual en la <strong>primera temporada.\u00a0<\/strong><\/p>\n<p>Adem\u00e1s este final indica que todo ha sido como una partida de Dragones y Mazmorras en la que han aparecido m\u00faltiples elementos y hechizos que <strong>forman parte del lore del juego.<\/strong> Por lo que no ser\u00eda una locura que este hechizo de la falsa Hydra se hubiera utilizado tambi\u00e9n.<\/p>\n<p><strong>El otro lado del fandom<\/strong> sostiene que #conformitygate es falso. Muchos dicen que en publicidad no pueden enga\u00f1arte. Hasta el momento <strong>todo lo publicado por todas las cuentas oficiales han indicado que el <a href=\"https:\/\/elgeneracionalpost.com\/cultura\/2026\/0104\/256669\/stranger-things-el-final-de-la-historia-interminable.html\" rel=\"nofollow noopener\" target=\"_blank\">\u00faltimo cap\u00edtulo es el d\u00eda 1 de enero<\/a>.<\/strong> La otra cara del fandom<strong> rechaza esta idea<\/strong> diciendo que cabe una posibilidad de que todo est\u00e9 pactado. Adem\u00e1s muchos otros hablan sobre todas las coincidencias o los fallos que han sacado los fans en el hilo narrativo como<strong> agujeros narrativos y fallos en el guion.\u00a0<\/strong><\/p>\n<p>La <strong>presencia<\/strong> del paralelismo entre la serie y el juego de rol Dragones y Mazmorras es muy fuerte. Por lo que ser\u00eda viable que el final se hiciera de esta forma. <strong>Un cap\u00edtulo extra,<\/strong> inesperado por todos, que remate la serie continuando el <strong>ambiente misterioso que ha llevado durante todas las temporadas<\/strong>. Y que si realmente es cierto va a resultar revolucionario.<\/p>\n<p><strong>Art\u00edculo realizado por: Isabel Carvajal Hern\u00e1ndez y Martina Ferr\u00f3n Muriel.\u00a0<\/strong><\/p>\n<p>Me gusta esto:<\/p>\n<p>Me gusta Cargando&#8230;<\/p>\n<p><a class=\"sd-link-color\"\/><\/p>\n<p>\n\tRelacionado<\/p>\n","protected":false},"excerpt":{"rendered":"El \u00faltimo cap\u00edtulo sali\u00f3 hace 6 d\u00edas pero el p\u00fablico ha llenado internet de teor\u00edas que afirman un&hellip;\n","protected":false},"author":2,"featured_media":338396,"comment_status":"","ping_status":"","sticky":false,"template":"","format":"standard","meta":{"footnotes":""},"categories":[171],"tags":[77309,77310,146,147,25,24,152,23,214],"class_list":{"0":"post-338395","1":"post","2":"type-post","3":"status-publish","4":"format-standard","5":"has-post-thumbnail","7":"category-tv","8":"tag-strangerthings","9":"tag-strangerthings5","10":"tag-entertainment","11":"tag-entretenimiento","12":"tag-es","13":"tag-espana","14":"tag-netflix","15":"tag-spain","16":"tag-tv"},"share_on_mastodon":{"url":"https:\/\/pubeurope.com\/@es\/115888195076911030","error":""},"_links":{"self":[{"href":"https:\/\/www.europesays.com\/es\/wp-json\/wp\/v2\/posts\/338395","targetHints":{"allow":["GET"]}}],"collection":[{"href":"https:\/\/www.europesays.com\/es\/wp-json\/wp\/v2\/posts"}],"about":[{"href":"https:\/\/www.europesays.com\/es\/wp-json\/wp\/v2\/types\/post"}],"author":[{"embeddable":true,"href":"https:\/\/www.europesays.com\/es\/wp-json\/wp\/v2\/users\/2"}],"replies":[{"embeddable":true,"href":"https:\/\/www.europesays.com\/es\/wp-json\/wp\/v2\/comments?post=338395"}],"version-history":[{"count":0,"href":"https:\/\/www.europesays.com\/es\/wp-json\/wp\/v2\/posts\/338395\/revisions"}],"wp:featuredmedia":[{"embeddable":true,"href":"https:\/\/www.europesays.com\/es\/wp-json\/wp\/v2\/media\/338396"}],"wp:attachment":[{"href":"https:\/\/www.europesays.com\/es\/wp-json\/wp\/v2\/media?parent=338395"}],"wp:term":[{"taxonomy":"category","embeddable":true,"href":"https:\/\/www.europesays.com\/es\/wp-json\/wp\/v2\/categories?post=338395"},{"taxonomy":"post_tag","embeddable":true,"href":"https:\/\/www.europesays.com\/es\/wp-json\/wp\/v2\/tags?post=338395"}],"curies":[{"name":"wp","href":"https:\/\/api.w.org\/{rel}","templated":true}]}}