{"id":338419,"date":"2026-01-13T14:30:15","date_gmt":"2026-01-13T14:30:15","guid":{"rendered":"https:\/\/www.europesays.com\/es\/338419\/"},"modified":"2026-01-13T14:30:15","modified_gmt":"2026-01-13T14:30:15","slug":"carlo-costanzia-padre-hace-un-unfollow-a-alejandra-rubio-y-a-su-hijo-tras-su-complice-reaparicion-con-mar-flores","status":"publish","type":"post","link":"https:\/\/www.europesays.com\/es\/338419\/","title":{"rendered":"Carlo Costanzia padre hace un &#8216;unfollow&#8217; a Alejandra Rubio y a su hijo tras su c\u00f3mplice reaparici\u00f3n con Mar Flores"},"content":{"rendered":"<p>\u00a0\u00a0\u00a0MADRID, 12 Ene. (CHANCE) &#8211;<\/p>\n<p style=\"text-align: justify;\">\u00a0Nuevo frente abierto para <strong>Alejandra Rubio<\/strong> y <strong>Carlo Costanzia<\/strong>; tal y como ha revelado la periodista Anna Gurgui el pasado viernes, poco despu\u00e9s de que el<a title=\"actor derrochase complicidad y gestos de cari\u00f1o con Mar Flores en la presentaci\u00f3n del nuevo programa de TVE en el que concursan como pareja, &#039;Decomasters&#039;\" href=\"https:\/\/www.europapress.es\/chance\/tv\/noticia-palabras-gran-complicidad-mar-flores-carlo-costanzia-rueda-prensa-decomasters-20260109154252.html\" rel=\"nofollow noopener\" target=\"_blank\"> actor derrochase complicidad y gestos de cari\u00f1o con <strong>Mar Flores<\/strong> en la presentaci\u00f3n del nuevo programa de TVE en el que concursan como pareja, &#8216;Decomasters&#8217;<\/a>, <strong>Carlo Costanzia di Costigliole<\/strong> hac\u00eda un significativo movimiento en redes sociales desmarc\u00e1ndose de su hijo y de su nuera.<\/p>\n<p style=\"text-align: justify;\"><img loading=\"lazy\" class=\"lazyload\" decoding=\"async\" src=\"https:\/\/www.europesays.com\/es\/wp-content\/uploads\/2026\/01\/fotogaleriafamosos_282298_690.jpg\" alt=\"\" width=\"690\" height=\"1102\"\/><\/p>\n<p style=\"text-align: justify;\">\u00a0Y es que justo despu\u00e9s de que el &#8216;yerno&#8217; de <strong>Terelu Campos<\/strong> confesase emocionado que ha sido un aut\u00e9ntico \u00abregalo\u00bb poder pasar tanto tiempo con su madre en el rodaje del talent-show de interiorismo y decoraci\u00f3n -que se estrenar\u00e1 en los pr\u00f3ximos d\u00edas en la cadena p\u00fablica- y en cierto modo \u00abrecuperar el tiempo perdido\u00bb en los \u00faltimos a\u00f1os, su padre dejaba de seguirle en Instagram. Un &#8216;unfollow&#8217; que extend\u00eda a <strong>Alejandra,<\/strong> a la que tambi\u00e9n eliminaba de su cuenta.<\/p>\n<p style=\"text-align: justify;\">\u00a0No ha sido hasta este domingo, cuando<strong> <\/strong><a title=\"Carlo hijo ha compartido un emotivo post homenajeando a su abuela paterna tras su reciente fallecimiento\" href=\"https:\/\/www.europapress.es\/chance\/gente\/noticia-carlo-costanzia-comparte-album-familiar-recordar-abuela-paterna-20260112002251.html\" rel=\"nofollow noopener\" target=\"_blank\"><strong>Carlo <\/strong>ha compartido un emotivo post homenajeando a su abuela paterna tras su reciente fallecimiento<\/a>, cuando ha salido a la luz que <strong>Costanzia di Costigliole<\/strong> hab\u00eda tomado la dr\u00e1stica y llamativa decisi\u00f3n -ya que siempre han presumido de ser una aut\u00e9ntica pi\u00f1a- de borrar de un plumazo de sus redes sociales a su hijo y a su nuera<\/p>\n<p style=\"text-align: justify;\"><img loading=\"lazy\" class=\"lazyload\" decoding=\"async\" src=\"https:\/\/www.europesays.com\/es\/wp-content\/uploads\/2026\/01\/fotogaleriafamosos_282296_690.jpg\" alt=\"\" width=\"690\" height=\"488\"\/><\/p>\n<p style=\"text-align: justify;\">\u00a0 Y no solo eso, ya que poco despu\u00e9s de que trascendiese su &#8216;unfollow&#8217; a <strong>Carlo <\/strong>y a <strong>Alejandra,<\/strong> el exmarido de <strong>Mar Flores<\/strong> ha desactivado su cuenta de Instagram, qui\u00e9n sabe si para &#8216;mitigar&#8217; la avalancha de comentarios que ha desatado su rotuda manera de marcar distancias con su hijo coincidiendo con la complicidad que ha mostrado con su madre -a la que el italiano ha anunciado que va a demandar por acusarle de \u00abmaltratador\u00bb en sus memorias, &#8216;Mar en calma&#8217;- en la presentaci\u00f3n de &#8216;Decomasters&#8217;.<\/p>\n<blockquote class=\"instagram-media\" data-instgrm-captioned=\"\" data-instgrm-permalink=\"https:\/\/www.instagram.com\/p\/DTYi3B4DKHR\/\" data-instgrm-version=\"14\" style=\" background:#FFF; border:0; border-radius:3px; box-shadow:0 0 1px 0 rgba(0,0,0,0.5),0 1px 10px 0 rgba(0,0,0,0.15); margin: 1px; max-width:540px; min-width:326px; padding:0; width:99.375%; width:-webkit-calc(100% - 2px); width:calc(100% - 2px);\"\/><p>\n<script async src=\"\/\/www.instagram.com\/embed.js\"><\/script><\/p>\n","protected":false},"excerpt":{"rendered":"\u00a0\u00a0\u00a0MADRID, 12 Ene. (CHANCE) &#8211; \u00a0Nuevo frente abierto para Alejandra Rubio y Carlo Costanzia; tal y como ha&hellip;\n","protected":false},"author":2,"featured_media":338420,"comment_status":"","ping_status":"","sticky":false,"template":"","format":"standard","meta":{"footnotes":""},"categories":[174],"tags":[255,146,147,25,24,256,23],"class_list":{"0":"post-338419","1":"post","2":"type-post","3":"status-publish","4":"format-standard","5":"has-post-thumbnail","7":"category-famosos","8":"tag-celebrities","9":"tag-entertainment","10":"tag-entretenimiento","11":"tag-es","12":"tag-espana","13":"tag-famosos","14":"tag-spain"},"share_on_mastodon":{"url":"https:\/\/pubeurope.com\/@es\/115888273749344220","error":""},"_links":{"self":[{"href":"https:\/\/www.europesays.com\/es\/wp-json\/wp\/v2\/posts\/338419","targetHints":{"allow":["GET"]}}],"collection":[{"href":"https:\/\/www.europesays.com\/es\/wp-json\/wp\/v2\/posts"}],"about":[{"href":"https:\/\/www.europesays.com\/es\/wp-json\/wp\/v2\/types\/post"}],"author":[{"embeddable":true,"href":"https:\/\/www.europesays.com\/es\/wp-json\/wp\/v2\/users\/2"}],"replies":[{"embeddable":true,"href":"https:\/\/www.europesays.com\/es\/wp-json\/wp\/v2\/comments?post=338419"}],"version-history":[{"count":0,"href":"https:\/\/www.europesays.com\/es\/wp-json\/wp\/v2\/posts\/338419\/revisions"}],"wp:featuredmedia":[{"embeddable":true,"href":"https:\/\/www.europesays.com\/es\/wp-json\/wp\/v2\/media\/338420"}],"wp:attachment":[{"href":"https:\/\/www.europesays.com\/es\/wp-json\/wp\/v2\/media?parent=338419"}],"wp:term":[{"taxonomy":"category","embeddable":true,"href":"https:\/\/www.europesays.com\/es\/wp-json\/wp\/v2\/categories?post=338419"},{"taxonomy":"post_tag","embeddable":true,"href":"https:\/\/www.europesays.com\/es\/wp-json\/wp\/v2\/tags?post=338419"}],"curies":[{"name":"wp","href":"https:\/\/api.w.org\/{rel}","templated":true}]}}