{"id":338425,"date":"2026-01-13T14:38:07","date_gmt":"2026-01-13T14:38:07","guid":{"rendered":"https:\/\/www.europesays.com\/es\/338425\/"},"modified":"2026-01-13T14:38:07","modified_gmt":"2026-01-13T14:38:07","slug":"investigan-a-julio-iglesias-por-trata-y-agresion-sexual","status":"publish","type":"post","link":"https:\/\/www.europesays.com\/es\/338425\/","title":{"rendered":"Investigan a Julio Iglesias por trata y agresi\u00f3n sexual"},"content":{"rendered":"<p>La <strong>Fiscal\u00eda de la Audiencia Nacional<\/strong> ha incoado diligencias de investigaci\u00f3n penal preprocesales contra el cantante <strong>Julio Iglesias<\/strong> tras una denuncia presentada el pasado <strong>5 de enero <\/strong>por dos de sus <strong>antiguas empleadas dom\u00e9sticas<\/strong>. Seg\u00fan han confirmado fuentes judiciales a <strong>RTVE<\/strong>, las actuaciones tienen car\u00e1cter reservado para garantizar la <strong>\u00abprotecci\u00f3n prioritaria de las presuntas v\u00edctimas\u00bb<\/strong> y debido a la gravedad de los hechos denunciados.<\/p>\n<p>La investigaci\u00f3n, <a href=\"https:\/\/www.eldiario.es\/cultura\/mujeres-denuncian-espana-julio-iglesias-agresion-sexual-trata-seres-humanos_1_12902790.html\" target=\"_blank\" rel=\"nofollow noopener\">adelantada por elDiario.es y Univision<\/a>, se centra en presuntos delitos de <strong>trata de seres humanos con fines de servidumbre<\/strong>, <strong>agresi\u00f3n sexual<\/strong>, <strong>acoso y lesiones<\/strong>. Los hechos habr\u00edan tenido lugar <strong>en 2021 <\/strong>en las residencias del artista en Rep\u00fablica Dominicana y Bahamas. A pesar de haber ocurrido en el extranjero, <strong>la justicia espa\u00f1ola es competente<\/strong> debido a la nacionalidad del int\u00e9rprete.<\/p>\n<p>Relatos de violencia y \u00abcontrol continuo\u00bb<\/p>\n<p>Las denunciantes, identificadas bajo dos nombres ficticios han descrito un entorno de \u00abintimidaci\u00f3n ambiental\u00bb y condiciones laborales abusivas. En sus testimonios, relatan haber sufrido <strong>presiones para mantener encuentros sexuales<\/strong>, incluyendo tocamientos y penetraciones no consentidas, as\u00ed como agresiones f\u00edsicas, bofetadas y vejaciones verbales constantes ante el resto del personal.<\/p>\n<p>La denuncia, que cuenta con el apoyo de la organizaci\u00f3n <strong>Women\u2019s Link Worldwide<\/strong>, se\u00f1ala a Iglesias como autor principal, pero tambi\u00e9n incluye a<strong> dos encargadas de sus mansiones<\/strong> como <strong>presuntas colaboradoras<\/strong> en una estructura de \u00abgrupo criminal\u00bb orientada a la explotaci\u00f3n. Las v\u00edctimas aseguran que el objetivo de la acci\u00f3n judicial es \u00abque esto no quede impune\u00bb y dar fuerza a otras mujeres que hayan podido vivir situaciones similares.<\/p>\n<p>Medidas de protecci\u00f3n urgentes<\/p>\n<p>Dada la <strong>\u00abespecial vulnerabilidad socioecon\u00f3mica\u00bb <\/strong>de las mujeres y el enorme poder e influencia del denunciado, las abogadas han solicitado a la Fiscal\u00eda <strong>medidas urgentes de protecci\u00f3n<\/strong>. Estas incluyen el blindaje de su identidad y la prohibici\u00f3n de contacto por parte de los sospechosos para evitar posibles represalias o intentos de intimidaci\u00f3n que las hagan desistir del proceso.<\/p>\n<p>Por el momento, <strong>ni Julio Iglesias ni su entorno han respondido<\/strong> a las peticiones de informaci\u00f3n realizadas por los medios de investigaci\u00f3n. La Fiscal\u00eda de la Audiencia Nacional ha reiterado que, por ahora, no facilitar\u00e1 m\u00e1s detalles para preservar el <strong>secreto de las diligencias<\/strong> y la seguridad de las denunciantes.<\/p>\n<p>El Gobierno, preguntado sobre Julio Iglesias<\/p>\n<p>El Gobierno de Espa\u00f1a ha manifestado su apoyo firme a la investigaci\u00f3n de las denuncias por <strong>agresi\u00f3n sexual y trata<\/strong> contra el cantante Julio Iglesias, asegurando que se llegar\u00e1 \u00abhasta el final\u00bb para evitar cualquier espacio de impunidad. Tras el Consejo de Ministros, la portavoz del Ejecutivo, <strong>Elma Saiz<\/strong>, ha calificado de respetable el trabajo period\u00edstico que desvela los testimonios de las dos extrabajadoras y ha subrayado el compromiso \u00abcontundente y rotundo\u00bb del gabinete frente a cualquier forma de violencia contra las mujeres.<\/p>\n<p>Por su parte, la ministra de Igualdad, <strong>Ana Redondo<\/strong>, ha recordado a trav\u00e9s de sus redes sociales que en Espa\u00f1a la ley protege a las v\u00edctimas bajo la premisa de que \u00abcuando no hay consentimiento, hay agresi\u00f3n\u00bb. Aunque el Gobierno no ha aclarado todav\u00eda si proceder\u00e1 a la retirada de la <strong>Medalla de Oro al M\u00e9rito en las Bellas Artes<\/strong> que el artista recibi\u00f3 en 2010, ambas ministras han coincidido en que las instituciones no pueden \u00abmirar hacia otro lado\u00bb ante hechos de tal gravedad.<\/p>\n<p>Polarizaci\u00f3n en la Comunidad de Madrid<\/p>\n<p>El Grupo Parlamentario <strong>M\u00e1s Madrid<\/strong> ha registrado una iniciativa en la Asamblea para exigir la revocaci\u00f3n de la <strong>Medalla de Oro<\/strong> de la Comunidad a <strong>Julio Iglesias<\/strong>. La propuesta, liderada por la diputada Mariana Paula Arce, fundamenta esta petici\u00f3n en las recientes acusaciones de <strong>violencia sexual<\/strong> formuladas por extrabajadoras del cantante, alegando que las distinciones p\u00fablicas deben representar valores de ejemplaridad y respeto.<\/p>\n<p>La formaci\u00f3n solicita al Gobierno regional iniciar el proceso de retirada del honor, garantizando el tr\u00e1mite de audiencia al interesado conforme a la ley. M\u00e1s Madrid sostiene que,<strong> sin sustituir a la justicia<\/strong>, es necesario proteger la integridad de los galardones institucionales ante informaciones de tal gravedad, considerando incompatible el mantenimiento de la medalla con los principios de dignidad e igualdad.<\/p>\n<p>La respuesta de la presidenta de la regi\u00f3n madrile\u00f1a, <strong>Isabel D\u00edaz Ayuso<\/strong>, no se ha hecho esperar. En un tuit defiende el prestigio \u00abdel <strong>cantante m\u00e1s universal <\/strong>de todos: Julio Iglesias\u00bb despu\u00e9s de acusar a la \u00abultraizquierda\u00bb de su \u00absilencio c\u00f3mplice\u00bb con \u00ab<strong>las mujeres violadas y atacadas\u00bb en Ir\u00e1n<\/strong>.<\/p>\n<p>Libros del Asteroide revisar\u00e1 la biograf\u00eda del cantante<\/p>\n<p>La editorial <strong>Libros del Asteroide<\/strong> ha anunciado que publicar\u00e1 una edici\u00f3n \u00abrevisada y actualizada\u00bb de El espa\u00f1ol que enamor\u00f3 al mundo, la cr\u00f3nica vital sobre Julio Iglesias escrita por <strong>Ignacio Peyr\u00f3<\/strong>. La decisi\u00f3n llega tras la \u00abprofunda consternaci\u00f3n\u00bb del autor y el sello ante las recientes denuncias por <strong>agresi\u00f3n sexual y abuso de poder<\/strong> contra el artista. Ambos han aclarado que la obra original se bas\u00f3 exclusivamente en informaci\u00f3n p\u00fablica previa y han condenado de forma \u00abfirme e inequ\u00edvoca\u00bb cualquier tipo de violencia, solidariz\u00e1ndose con las v\u00edctimas.<\/p>\n<p>El autor, que no obtuvo respuesta del cantante tras intentar contactar con \u00e9l para la redacci\u00f3n del libro, integrar\u00e1 ahora la informaci\u00f3n revelada por la investigaci\u00f3n de elDiario.es y Univision. Desde la editorial consideran necesario actualizar el volumen para reflejar la<strong> gravedad de los hechos denunciados<\/strong> por las extrabajadoras, cuyos relatos describen un entorno de <strong>servidumbre y agresiones<\/strong> en las residencias del artista. Con esta medida, el sello busca <strong>adaptar el perfil literario<\/strong> de Iglesias a la nueva y relevante realidad judicial que afronta.<\/p>\n","protected":false},"excerpt":{"rendered":"La Fiscal\u00eda de la Audiencia Nacional ha incoado diligencias de investigaci\u00f3n penal preprocesales contra el cantante Julio Iglesias&hellip;\n","protected":false},"author":2,"featured_media":338426,"comment_status":"","ping_status":"","sticky":false,"template":"","format":"standard","meta":{"footnotes":""},"categories":[91],"tags":[146,147,25,24,23],"class_list":{"0":"post-338425","1":"post","2":"type-post","3":"status-publish","4":"format-standard","5":"has-post-thumbnail","7":"category-entretenimiento","8":"tag-entertainment","9":"tag-entretenimiento","10":"tag-es","11":"tag-espana","12":"tag-spain"},"share_on_mastodon":{"url":"https:\/\/pubeurope.com\/@es\/115888305545178921","error":""},"_links":{"self":[{"href":"https:\/\/www.europesays.com\/es\/wp-json\/wp\/v2\/posts\/338425","targetHints":{"allow":["GET"]}}],"collection":[{"href":"https:\/\/www.europesays.com\/es\/wp-json\/wp\/v2\/posts"}],"about":[{"href":"https:\/\/www.europesays.com\/es\/wp-json\/wp\/v2\/types\/post"}],"author":[{"embeddable":true,"href":"https:\/\/www.europesays.com\/es\/wp-json\/wp\/v2\/users\/2"}],"replies":[{"embeddable":true,"href":"https:\/\/www.europesays.com\/es\/wp-json\/wp\/v2\/comments?post=338425"}],"version-history":[{"count":0,"href":"https:\/\/www.europesays.com\/es\/wp-json\/wp\/v2\/posts\/338425\/revisions"}],"wp:featuredmedia":[{"embeddable":true,"href":"https:\/\/www.europesays.com\/es\/wp-json\/wp\/v2\/media\/338426"}],"wp:attachment":[{"href":"https:\/\/www.europesays.com\/es\/wp-json\/wp\/v2\/media?parent=338425"}],"wp:term":[{"taxonomy":"category","embeddable":true,"href":"https:\/\/www.europesays.com\/es\/wp-json\/wp\/v2\/categories?post=338425"},{"taxonomy":"post_tag","embeddable":true,"href":"https:\/\/www.europesays.com\/es\/wp-json\/wp\/v2\/tags?post=338425"}],"curies":[{"name":"wp","href":"https:\/\/api.w.org\/{rel}","templated":true}]}}