{"id":338431,"date":"2026-01-13T14:41:07","date_gmt":"2026-01-13T14:41:07","guid":{"rendered":"https:\/\/www.europesays.com\/es\/338431\/"},"modified":"2026-01-13T14:41:07","modified_gmt":"2026-01-13T14:41:07","slug":"ultimas-noticias-de-venezuela-tras-la-detencion-de-maduro-en-directo-el-gobierno-confirma-que-venezuela-libero-a-tres-presos-espanoles-el-lunes-internacional","status":"publish","type":"post","link":"https:\/\/www.europesays.com\/es\/338431\/","title":{"rendered":"\u00daltimas noticias de Venezuela tras la detenci\u00f3n de Maduro, en directo | El Gobierno confirma que Venezuela liber\u00f3 a tres presos espa\u00f1oles el lunes | Internacional"},"content":{"rendered":"<p class=\"ev-title\"> EE UU permitir\u00e1 que M\u00e9xico suministre petr\u00f3leo a Cuba<\/p>\n<p>El Gobierno de Estados Unidos permitir\u00e1 que M\u00e9xico suministre petr\u00f3leo a Cuba, pese a las amenazas del presidente, Donald Trump, de dejar a La Habana sin crudo, de acuerdo con el secretario de Energ\u00eda, Chris Wright, durante una entrevista con la cadena CBS. Wright dijo que la pol\u00edtica de Estados Unidos es \u201cpermitir\u201d que M\u00e9xico siga llevando petr\u00f3leo a Cuba, seg\u00fan dijo el funcionario a CBS News, cadena que asegura que otro funcionario tambi\u00e9n respalda esta afirmaci\u00f3n. Las declaraciones del secretario suceden luego de que Trump dijera el domingo en sus redes sociales que \u201cno habr\u00e1 m\u00e1s petr\u00f3leo ni dinero para Cuba: cero\u201d.<\/p>\n<p>De acuerdo con un funcionario citado por CBS bajo anonimato, la Administraci\u00f3n de Estados Unidos no estar\u00eda buscando que Cuba colapse sin petr\u00f3leo, pero espera que \u201cabandone su sistema comunista\u201d. En medio de las tensiones, el presidente cubano, Miguel D\u00edaz-Canel, asegur\u00f3 que actualmente no existen conversaciones con el Gobierno de Trump, excepto contactos relacionados a temas migratorios. Luego de la captura del presidente de Venezuela, Nicol\u00e1s Maduro, Cuba qued\u00f3 expuesta ante un inminente efecto negativo por el freno de las relaciones bilaterales con el pa\u00eds suramericano. (Efe)<\/p>\n","protected":false},"excerpt":{"rendered":"EE UU permitir\u00e1 que M\u00e9xico suministre petr\u00f3leo a Cuba El Gobierno de Estados Unidos permitir\u00e1 que M\u00e9xico suministre&hellip;\n","protected":false},"author":2,"featured_media":338432,"comment_status":"","ping_status":"","sticky":false,"template":"","format":"standard","meta":{"footnotes":""},"categories":[42],"tags":[74750,8738,17,18,6191,74823,70,72,41094,2496,352,629,700,13,14,29392,11,61,62,63,64,19,20,9,1194,10,15,16,12,21,22,1192,65,66,67],"class_list":{"0":"post-338431","1":"post","2":"type-post","3":"status-publish","4":"format-standard","5":"has-post-thumbnail","7":"category-internacional","8":"tag-ataque-estados-unidos-a-venezuela","9":"tag-ataques-militares","10":"tag-breaking-news","11":"tag-breakingnews","12":"tag-caracas","13":"tag-cilia-flores","14":"tag-conflictos","15":"tag-conflictos-internacionales","16":"tag-derecho-internacional","17":"tag-dinamarca","18":"tag-donald-trump","19":"tag-estados-unidos","20":"tag-europa","21":"tag-featured-news","22":"tag-featurednews","23":"tag-groenlandia","24":"tag-headlines","25":"tag-internacional","26":"tag-international","27":"tag-international-news","28":"tag-internationalnews","29":"tag-latest-news","30":"tag-latestnews","31":"tag-news","32":"tag-nicolas-maduro","33":"tag-noticias","34":"tag-noticias-destacadas","35":"tag-noticiasdestacadas","36":"tag-titulares","37":"tag-ultimas-noticias","38":"tag-ultimasnoticias","39":"tag-venezuela","40":"tag-world","41":"tag-world-news","42":"tag-worldnews"},"share_on_mastodon":{"url":"","error":"Validation failed: Text character limit of 500 exceeded"},"_links":{"self":[{"href":"https:\/\/www.europesays.com\/es\/wp-json\/wp\/v2\/posts\/338431","targetHints":{"allow":["GET"]}}],"collection":[{"href":"https:\/\/www.europesays.com\/es\/wp-json\/wp\/v2\/posts"}],"about":[{"href":"https:\/\/www.europesays.com\/es\/wp-json\/wp\/v2\/types\/post"}],"author":[{"embeddable":true,"href":"https:\/\/www.europesays.com\/es\/wp-json\/wp\/v2\/users\/2"}],"replies":[{"embeddable":true,"href":"https:\/\/www.europesays.com\/es\/wp-json\/wp\/v2\/comments?post=338431"}],"version-history":[{"count":0,"href":"https:\/\/www.europesays.com\/es\/wp-json\/wp\/v2\/posts\/338431\/revisions"}],"wp:featuredmedia":[{"embeddable":true,"href":"https:\/\/www.europesays.com\/es\/wp-json\/wp\/v2\/media\/338432"}],"wp:attachment":[{"href":"https:\/\/www.europesays.com\/es\/wp-json\/wp\/v2\/media?parent=338431"}],"wp:term":[{"taxonomy":"category","embeddable":true,"href":"https:\/\/www.europesays.com\/es\/wp-json\/wp\/v2\/categories?post=338431"},{"taxonomy":"post_tag","embeddable":true,"href":"https:\/\/www.europesays.com\/es\/wp-json\/wp\/v2\/tags?post=338431"}],"curies":[{"name":"wp","href":"https:\/\/api.w.org\/{rel}","templated":true}]}}