{"id":338471,"date":"2026-01-13T15:18:12","date_gmt":"2026-01-13T15:18:12","guid":{"rendered":"https:\/\/www.europesays.com\/es\/338471\/"},"modified":"2026-01-13T15:18:12","modified_gmt":"2026-01-13T15:18:12","slug":"asi-es-la-estilista-y-pintora-con-la-que-relacionan-al-cantante","status":"publish","type":"post","link":"https:\/\/www.europesays.com\/es\/338471\/","title":{"rendered":"as\u00ed es la estilista y pintora con la que relacionan al cantante"},"content":{"rendered":"<p id=\"eLn-EPZeR1\" data-wc=\"115\"><strong>Leiva ha sido pillado con la ilustradora Almu Ca\u00f1edo, la mujer con la que le han relacionado en los \u00faltimos meses<\/strong>. Llegando a Madrid con sus maletas y escapando del fr\u00edo, ambos han paseado -aunque de forma un tanto inc\u00f3moda por la atenci\u00f3n de los medios que quer\u00edan fotografiarles juntos- por las calles de la capital. Las im\u00e1genes pertenecen al pasado viernes, y en ellas vemos a ambos con cierta prisa por llegar a su destino y escapar de la lente. Sin aparentes gestos de cari\u00f1o, las fotograf\u00edas vienen a confirmar lo que muchos ya sab\u00edan: que el compositor y cantante madrile\u00f1o lleva varios meses manteniendo una discreta relaci\u00f3n con la modelo, ilustradora y estilista.\u00a0<\/p>\n<p> <img src=\"https:\/\/www.europesays.com\/es\/wp-content\/uploads\/2026\/01\/e24b267ce967-dlu597871005.jpg\"   width=\"1024\" height=\"682\" loading=\"lazy\" decoding=\"async\" alt=\"Leiva y su nueva novia llegando a Madrid con las maletas el pasado 9 de enero\" fetchpriority=\"auto\" class=\"image ho-image\"\/>\u00a9 GTRESLeiva y su nueva novia llegando a Madrid con las maletas el pasado 9 de enero<\/p>\n<p> <img src=\"https:\/\/www.europesays.com\/es\/wp-content\/uploads\/2026\/01\/a3c1a0951763-dlu597871009.jpg\"   width=\"1024\" height=\"682\" loading=\"lazy\" decoding=\"async\" alt=\"Nunca han posado juntos en la alfombra roja, pese a haber coincidido en diversos eventos\" fetchpriority=\"auto\" class=\"image ho-image\"\/>\u00a9 GTRESNunca han posado juntos en la alfombra roja, pese a haber coincidido en diversos eventos<\/p>\n<p> <img src=\"https:\/\/www.europesays.com\/es\/wp-content\/uploads\/2026\/01\/ef64d84c8459-dlu597871016.jpg\"   width=\"682\" height=\"1024\" loading=\"lazy\" decoding=\"async\" alt=\"Con unos 'looks' de lo m\u00e1s invernales, ambos se han dejado ver por el centro de Madrid \" fetchpriority=\"auto\" class=\"image ho-image\"\/>\u00a9 GTRESCon unos &#8216;looks&#8217; de lo m\u00e1s invernales, ambos se han dejado ver por el centro de Madrid <\/p>\n<p id=\"e3nLvf9bA3D\" data-wc=\"181\">Seg\u00fan informa Vanitatis, <strong>Almu y \u00e9l ya hab\u00edan sido vistos en alguna ocasi\u00f3n, pues ambos han acudido a diversos eventos p\u00fablicos juntos, pero nunca han posado juntos<\/strong>. Tras una medi\u00e1tica relaci\u00f3n con Macarena Garc\u00eda, el cantautor ha querido abordar esta nueva ilusi\u00f3n en el terreno rom\u00e1ntico de otra forma, apostando por los momentos compartidos en la intimidad y buscando alejarse de los titulares. Hasta ahora, Leiva no ha hablado de ella, pero s\u00ed le ha dado su espacio en su reciente documental, <strong>Hasta que me quede sin voz\u00a0<\/strong>-que ya se puede disfrutar en Movistar Plus+-. En \u00e9l, el cantante no habla directamente de ella, pero s\u00ed la muestra de una forma bonita y et\u00e9rea: un reflejo en el espejo con un vestido rojo mientras hace una foto (y la c\u00e1mara le tapa la cara), y este tipo de <strong>gestos que demuestran que el madrile\u00f1o est\u00e1 viviendo una bonita etapa en el curr\u00edculo amoroso<\/strong>. Aunque no termina de hacer p\u00fablica su relaci\u00f3n con Almu en el filme, s\u00ed deja entrever que entre ellos hay una bonita relaci\u00f3n que comienza a consolidarse.<\/p>\n<p> <img src=\"https:\/\/www.europesays.com\/es\/wp-content\/uploads\/2026\/01\/56e7945c035b-dlu597871006.jpg\"   width=\"682\" height=\"1024\" loading=\"lazy\" decoding=\"async\" alt=\"Almu Ca\u00f1edo\" fetchpriority=\"auto\" class=\"image ho-image\"\/>\u00a9 GTRESAlmu Ca\u00f1edo<\/p>\n<p> <img src=\"https:\/\/www.europesays.com\/es\/wp-content\/uploads\/2026\/01\/55d904adc68c-dlu597871018.jpg\"   width=\"682\" height=\"1024\" loading=\"lazy\" decoding=\"async\" alt=\"Leiva, paseando por Madrid hace unos d\u00edas\" fetchpriority=\"auto\" class=\"image ho-image\"\/>\u00a9 GTRESLeiva, paseando por Madrid hace unos d\u00edas<\/p>\n<p> <img src=\"https:\/\/www.europesays.com\/es\/wp-content\/uploads\/2026\/01\/aeecb3454836-dlu597871019.jpg\"   width=\"682\" height=\"1024\" loading=\"lazy\" decoding=\"async\" alt=\"La pareja coordin\u00f3 sus 'looks' \" fetchpriority=\"auto\" class=\"image ho-image\"\/>\u00a9 GTRESLa pareja coordin\u00f3 sus &#8216;looks&#8217; <\/p>\n<p> <img src=\"https:\/\/www.europesays.com\/es\/wp-content\/uploads\/2026\/01\/b39a005fbcdd-dlu597871007.jpg\"   width=\"1024\" height=\"682\" loading=\"lazy\" decoding=\"async\" alt=\"Almu aparece en 'Hasta que me quede sin voz', aunque de forma muy sutil \" fetchpriority=\"auto\" class=\"image ho-image\"\/>\u00a9 GTRESAlmu aparece en &#8216;Hasta que me quede sin voz&#8217;, aunque de forma muy sutil <\/p>\n<p id=\"e5BX0vvgJR\" data-wc=\"113\">Adem\u00e1s de &#8216;aparecer&#8217; en Hasta que me quede sin voz, Almu y \u00e9l ya hab\u00edan compartido espacio ante las c\u00e1maras: la modelo hab\u00eda protagonizado un videoclip del cantante, <strong>Con El Pa\u00f1uelo En los Ojos<\/strong>, el sencillo que el cantautor interpreta junto a Gaby Moreno y que lanz\u00f3 en el a\u00f1o 2022, lo que vendr\u00eda a confirmar que ambos se conocen desde hace unos a\u00f1os. Sentados en la parte trasera del auto y mirando desde la ventana, el v\u00eddeo comienza con vistazos ausentes y culmina con escenas en las que ambos derrochan much\u00edsima complicidad. Agarr\u00e1ndose las manos y teniendo todo tipo de gestos cari\u00f1osos, <strong>el compositor y la ilustradora derrocharon mucha qu\u00edmica entre tomas<\/strong>.<\/p>\n<p> <img src=\"https:\/\/www.europesays.com\/es\/wp-content\/uploads\/2026\/01\/a03b0267b5fc-captura-de-pantalla-2026-01-13-123544.jpg\"   width=\"1024\" height=\"590\" loading=\"lazy\" decoding=\"async\" alt=\"Almu Ca\u00f1edo en el videoclip de 'Con el Pa\u00f1uelo en los Ojos'\" fetchpriority=\"auto\" class=\"image ho-image\"\/>Almu Ca\u00f1edo en el videoclip de &#8216;Con el Pa\u00f1uelo en los Ojos&#8217;<\/p>\n<p> <img src=\"https:\/\/www.europesays.com\/es\/wp-content\/uploads\/2026\/01\/8269dc85b863-captura-de-pantalla-2026-01-13-123633.jpg\"   width=\"1024\" height=\"509\" loading=\"lazy\" decoding=\"async\" alt=\"Almu y Leiva se dan las manos \" fetchpriority=\"auto\" class=\"image ho-image\"\/>Almu y Leiva se dan las manos <\/p>\n<p id=\"ef2ANx2-GZ\" data-wc=\"213\">Aunque Almu no suele ser una habitual de la cr\u00f3nica social, <strong>la joven madrile\u00f1a de 31 a\u00f1os cuenta con una trayectoria propia en el gremio creativo<\/strong>: adem\u00e1s de modelo, ha conseguido hacerse un hueco como ilustradora y estilista con <strong>When At Home<\/strong>, su proyecto m\u00e1s especial y sincero. En \u00e9l, Almu pintaba recuerdos a mano en prendas de segunda mano. \u00abSiento que la gente no sabe bien el n\u00famero de horas que se tarda. Es normal, porque ni yo era consciente. Pero hasta para algo sencillo y peque\u00f1o puedo estar diez horas\u00bb, cont\u00f3 ella misma en una entrevista con Vogue\u00a0en 2022. <strong>\u00abA los pocos meses me contact\u00f3 Zara Kids, luego Paco Pint\u00f3n&#8230; Estoy feliz de dedicarme a lo que de verdad me gusta y me divierte\u00bb,<\/strong> admit\u00eda a la revista entonces. Vinculada al mundo del arte y la moda, esta artista nacida en el a\u00f1o 1994 ha desarrollado diversas propuestas de car\u00e1cter art\u00edstico, colaborando en diversas colecciones c\u00e1psula de moda. No en vano, a finales de 2025 comparti\u00f3 en sus redes sociales unas im\u00e1genes de lo m\u00e1s ilusionantes: <strong>unos dibujos en colaboraci\u00f3n con Loewe, la ic\u00f3nica marca espa\u00f1ola<\/strong>. Apasionada de la m\u00fasica, y con un estilo de vida bohemio que encaja a la perfecci\u00f3n con la est\u00e9tica y personalidad del propio Leiva.\u00a0<\/p>\n<p> <img src=\"https:\/\/www.europesays.com\/es\/wp-content\/uploads\/2026\/01\/aa4d61f52813-snapinstato581682467185499265960383803263272138553140126n.jpg\"   width=\"768\" height=\"1024\" loading=\"lazy\" decoding=\"async\" alt=\"Hace unos meses, Almu hizo un proyecto de lo m\u00e1s especial junto a Loewe\" fetchpriority=\"auto\" class=\"image ho-image\"\/>\u00a9 @almucanedoHace unos meses, Almu hizo un proyecto de lo m\u00e1s especial junto a Loewe<\/p>\n<p> <img src=\"https:\/\/www.europesays.com\/es\/wp-content\/uploads\/2026\/01\/04accd55871a-snapinstato52423341518528420334038380783209229874547939n.jpg\"   width=\"819\" height=\"1024\" loading=\"lazy\" decoding=\"async\" alt=\"Almu, en una imagen compartida en sus redes sociales\" fetchpriority=\"auto\" class=\"image ho-image\"\/>\u00a9 @almucanedoAlmu, en una imagen compartida en sus redes sociales<\/p>\n<p> <img src=\"https:\/\/www.europesays.com\/es\/wp-content\/uploads\/2026\/01\/850d25d16585-snapinstato565098142185430037900383807030251353858952991n.jpg\"   width=\"915\" height=\"1024\" loading=\"lazy\" decoding=\"async\" alt=\"La pintura es una de sus grandes pasiones, imprimiendo sus dise\u00f1os en diversas colecciones c\u00e1psula\" fetchpriority=\"auto\" class=\"image ho-image\"\/>\u00a9 @almucanedoLa pintura es una de sus grandes pasiones, imprimiendo sus dise\u00f1os en diversas colecciones c\u00e1psula<\/p>\n<p> <img src=\"https:\/\/www.europesays.com\/es\/wp-content\/uploads\/2026\/01\/99dc33461408-snapinstato564066168185430038050383802017570480602421899n.jpg\"   width=\"915\" height=\"1024\" loading=\"lazy\" decoding=\"async\" alt=\"Almudena pintando un espejo \" fetchpriority=\"auto\" class=\"image ho-image\"\/>\u00a9 @almucanedoAlmudena pintando un espejo <\/p>\n","protected":false},"excerpt":{"rendered":"Leiva ha sido pillado con la ilustradora Almu Ca\u00f1edo, la mujer con la que le han relacionado en&hellip;\n","protected":false},"author":2,"featured_media":338472,"comment_status":"","ping_status":"","sticky":false,"template":"","format":"standard","meta":{"footnotes":""},"categories":[174],"tags":[517,255,146,147,25,24,256,21851,185,23],"class_list":{"0":"post-338471","1":"post","2":"type-post","3":"status-publish","4":"format-standard","5":"has-post-thumbnail","7":"category-famosos","8":"tag-actualidad","9":"tag-celebrities","10":"tag-entertainment","11":"tag-entretenimiento","12":"tag-es","13":"tag-espana","14":"tag-famosos","15":"tag-leiva","16":"tag-musica","17":"tag-spain"},"share_on_mastodon":{"url":"https:\/\/pubeurope.com\/@es\/115888462774286317","error":""},"_links":{"self":[{"href":"https:\/\/www.europesays.com\/es\/wp-json\/wp\/v2\/posts\/338471","targetHints":{"allow":["GET"]}}],"collection":[{"href":"https:\/\/www.europesays.com\/es\/wp-json\/wp\/v2\/posts"}],"about":[{"href":"https:\/\/www.europesays.com\/es\/wp-json\/wp\/v2\/types\/post"}],"author":[{"embeddable":true,"href":"https:\/\/www.europesays.com\/es\/wp-json\/wp\/v2\/users\/2"}],"replies":[{"embeddable":true,"href":"https:\/\/www.europesays.com\/es\/wp-json\/wp\/v2\/comments?post=338471"}],"version-history":[{"count":0,"href":"https:\/\/www.europesays.com\/es\/wp-json\/wp\/v2\/posts\/338471\/revisions"}],"wp:featuredmedia":[{"embeddable":true,"href":"https:\/\/www.europesays.com\/es\/wp-json\/wp\/v2\/media\/338472"}],"wp:attachment":[{"href":"https:\/\/www.europesays.com\/es\/wp-json\/wp\/v2\/media?parent=338471"}],"wp:term":[{"taxonomy":"category","embeddable":true,"href":"https:\/\/www.europesays.com\/es\/wp-json\/wp\/v2\/categories?post=338471"},{"taxonomy":"post_tag","embeddable":true,"href":"https:\/\/www.europesays.com\/es\/wp-json\/wp\/v2\/tags?post=338471"}],"curies":[{"name":"wp","href":"https:\/\/api.w.org\/{rel}","templated":true}]}}