{"id":338483,"date":"2026-01-13T15:26:08","date_gmt":"2026-01-13T15:26:08","guid":{"rendered":"https:\/\/www.europesays.com\/es\/338483\/"},"modified":"2026-01-13T15:26:08","modified_gmt":"2026-01-13T15:26:08","slug":"charla-coloquio-una-historia-sin-fin-toti-martinez-de-lezea","status":"publish","type":"post","link":"https:\/\/www.europesays.com\/es\/338483\/","title":{"rendered":"Charla coloquio \u00abUna historia sin fin\u00bb Toti Mart\u00ednez de Lezea"},"content":{"rendered":"<p>El Servicio de Igualdad del Ayuntamiento de Irun y la Asociaci\u00f3n Casa de las Mujeres de Irun (ACMI), en el marco del convenio de cogesti\u00f3n, han organizado una charla con la escritora Toti Mart\u00ednez de Lezea en la Casa de las Mujeres. La entrada es gratuita hasta completar aforo.<\/p>\n<p>Toti Mart\u00ednez de Lezea es una escritora referente de la novela hist\u00f3rica. En este encuentro se centrar\u00e1 en algunos de sus libros vinculados con el feminismo y la representaci\u00f3n de la mujer en la literatura. A lo largo de la sesi\u00f3n, compartir\u00e1 tambi\u00e9n c\u00f3mo ha sido su experiencia como mujer en el mundo literario, abordando las oportunidades, los desaf\u00edos y las dificultades encontradas a lo largo de su trayectoria, as\u00ed como an\u00e9cdotas vividas en el sector. Tras la charla, el p\u00fablico asistente tendr\u00e1 la oportunidad de compartir sus reflexiones y preguntas con la autora. La entrada ser\u00e1 libre hasta completar aforo.<\/p>\n<p>El programa &#8216;Di\u00e1logos Feministas&#8217; es un espacio que pretende generar un encuentro mensual para que las mujeres conozcan y reflexionen juntas sobre distintas realidades que les afectan, partiendo de una tem\u00e1tica o formato distinto cada vez.<\/p>\n","protected":false},"excerpt":{"rendered":"El Servicio de Igualdad del Ayuntamiento de Irun y la Asociaci\u00f3n Casa de las Mujeres de Irun (ACMI),&hellip;\n","protected":false},"author":2,"featured_media":338484,"comment_status":"","ping_status":"","sticky":false,"template":"","format":"standard","meta":{"footnotes":""},"categories":[91],"tags":[146,147,25,24,23],"class_list":{"0":"post-338483","1":"post","2":"type-post","3":"status-publish","4":"format-standard","5":"has-post-thumbnail","7":"category-entretenimiento","8":"tag-entertainment","9":"tag-entretenimiento","10":"tag-es","11":"tag-espana","12":"tag-spain"},"share_on_mastodon":{"url":"https:\/\/pubeurope.com\/@es\/115888494151352644","error":""},"_links":{"self":[{"href":"https:\/\/www.europesays.com\/es\/wp-json\/wp\/v2\/posts\/338483","targetHints":{"allow":["GET"]}}],"collection":[{"href":"https:\/\/www.europesays.com\/es\/wp-json\/wp\/v2\/posts"}],"about":[{"href":"https:\/\/www.europesays.com\/es\/wp-json\/wp\/v2\/types\/post"}],"author":[{"embeddable":true,"href":"https:\/\/www.europesays.com\/es\/wp-json\/wp\/v2\/users\/2"}],"replies":[{"embeddable":true,"href":"https:\/\/www.europesays.com\/es\/wp-json\/wp\/v2\/comments?post=338483"}],"version-history":[{"count":0,"href":"https:\/\/www.europesays.com\/es\/wp-json\/wp\/v2\/posts\/338483\/revisions"}],"wp:featuredmedia":[{"embeddable":true,"href":"https:\/\/www.europesays.com\/es\/wp-json\/wp\/v2\/media\/338484"}],"wp:attachment":[{"href":"https:\/\/www.europesays.com\/es\/wp-json\/wp\/v2\/media?parent=338483"}],"wp:term":[{"taxonomy":"category","embeddable":true,"href":"https:\/\/www.europesays.com\/es\/wp-json\/wp\/v2\/categories?post=338483"},{"taxonomy":"post_tag","embeddable":true,"href":"https:\/\/www.europesays.com\/es\/wp-json\/wp\/v2\/tags?post=338483"}],"curies":[{"name":"wp","href":"https:\/\/api.w.org\/{rel}","templated":true}]}}