{"id":338493,"date":"2026-01-13T15:32:58","date_gmt":"2026-01-13T15:32:58","guid":{"rendered":"https:\/\/www.europesays.com\/es\/338493\/"},"modified":"2026-01-13T15:32:58","modified_gmt":"2026-01-13T15:32:58","slug":"la-jefa-del-servicio-de-pediatria-del-hospital-publico-gregorio-maranon-galardonada-en-los-premios-liderazgo-sanitario-2","status":"publish","type":"post","link":"https:\/\/www.europesays.com\/es\/338493\/","title":{"rendered":"La jefa del Servicio de Pediatr\u00eda del Hospital p\u00fablico Gregorio Mara\u00f1\u00f3n, galardonada en los &#8216;Premios Liderazgo Sanitario&#8217;"},"content":{"rendered":"<p>La jefa del Servicio de Pediatr\u00eda del Hospital General Universitario Gregorio Mara\u00f1\u00f3n, centro p\u00fablico de la Comunidad de Madrid, ha sido reconocida como &#8216;Mejor M\u00e9dico de Pediatr\u00eda en el \u00e1mbito cl\u00ednico en Espa\u00f1a&#8217; en la III edici\u00f3n de los &#8216;Premios Liderazgo Sanitario&#8217;. Estos galardones, organizados por el Observatorio de Salud (ODS) y Estudio de Comunicaci\u00f3n, reconocen la excelencia profesional y el liderazgo sanitario en nuestro pa\u00eds. Adem\u00e1s, se han consolidado como una referencia en el \u00e1mbito de la salud al destacar el talento, la innovaci\u00f3n y la contribuci\u00f3n social de profesionales, hospitales y proyectos sanitarios de las Comunidades Aut\u00f3nomas. <\/p>\n<p>Rosa Rodr\u00edguez, jefa del Servicio de Pediatr\u00eda del Mara\u00f1\u00f3n ha sido distinguida como Mejor M\u00e9dico de Pediatr\u00eda en el \u00e1mbito cl\u00ednico en Espa\u00f1a en\u00a0los Premios Liderazgo Sanitario 2025. En esta tercera edici\u00f3n, el proceso de selecci\u00f3n ha contado con una evaluaci\u00f3n rigurosa y objetiva, respaldada\u00a0por la votaci\u00f3n de 10.876 m\u00e9dicos y la deliberaci\u00f3n de un jurado integrado por 30 destacadas personalidades del sector sanitario, cient\u00edfico y de la comunicaci\u00f3n.<\/p>\n<p>La categor\u00eda en la que ha sido distinguida Rosa Rodr\u00edguez premia a los mejores profesionales sanitarios. En concreto, se han seleccionado a los cinco mejores en el \u00e1mbito cl\u00ednico e investigador de 16 especialidades m\u00e9dicas de nuestro pa\u00eds, entre ellas Cardiolog\u00eda, Oncolog\u00eda M\u00e9dica, Medicina Interna, Neurolog\u00eda, Obstetricia y Ginecolog\u00eda, Psiquiatr\u00eda o Pediatr\u00eda. La selecci\u00f3n de los finalistas responde a la valoraci\u00f3n directa de la comunidad m\u00e9dica, que ha destacado su trayectoria, capacidad asistencia, liderazgo y aportaci\u00f3n en el avance de su especialidad.<\/p>\n<p>Este reconocimiento pone en valor la labor de la doctora Rosa\u00a0Rodr\u00edguez y su compromiso con una asistencia pedi\u00e1trica de excelencia, basada en la evidencia, la humanizaci\u00f3n de los cuidados y la innovaci\u00f3n cl\u00ednica. \u00abEs un premio a la labor diaria de un equipo multidisciplinar que no s\u00f3lo se dedica a la atenci\u00f3n cl\u00ednica, sino que tambi\u00e9n promueve la investigaci\u00f3n, la formaci\u00f3n continua y la mejora constante de la calidad asistencial\u00bb ha destacado la jefa del Servicio de Pediatr\u00eda del Mara\u00f1\u00f3n.<\/p>\n<p>Adem\u00e1s, consolida el posicionamiento del Hospital Gregorio Mara\u00f1\u00f3n como centro de referencia en el \u00e1mbito materno-infantil, tanto a nivel nacional como internacional.<\/p>\n","protected":false},"excerpt":{"rendered":"La jefa del Servicio de Pediatr\u00eda del Hospital General Universitario Gregorio Mara\u00f1\u00f3n, centro p\u00fablico de la Comunidad de&hellip;\n","protected":false},"author":2,"featured_media":338358,"comment_status":"","ping_status":"","sticky":false,"template":"","format":"standard","meta":{"footnotes":""},"categories":[5],"tags":[17,18,25,24,13,14,11,19,20,9,10,15,16,23,12,21,22],"class_list":{"0":"post-338493","1":"post","2":"type-post","3":"status-publish","4":"format-standard","5":"has-post-thumbnail","7":"category-titulares","8":"tag-breaking-news","9":"tag-breakingnews","10":"tag-es","11":"tag-espana","12":"tag-featured-news","13":"tag-featurednews","14":"tag-headlines","15":"tag-latest-news","16":"tag-latestnews","17":"tag-news","18":"tag-noticias","19":"tag-noticias-destacadas","20":"tag-noticiasdestacadas","21":"tag-spain","22":"tag-titulares","23":"tag-ultimas-noticias","24":"tag-ultimasnoticias"},"share_on_mastodon":{"url":"https:\/\/pubeurope.com\/@es\/115888521363061581","error":""},"_links":{"self":[{"href":"https:\/\/www.europesays.com\/es\/wp-json\/wp\/v2\/posts\/338493","targetHints":{"allow":["GET"]}}],"collection":[{"href":"https:\/\/www.europesays.com\/es\/wp-json\/wp\/v2\/posts"}],"about":[{"href":"https:\/\/www.europesays.com\/es\/wp-json\/wp\/v2\/types\/post"}],"author":[{"embeddable":true,"href":"https:\/\/www.europesays.com\/es\/wp-json\/wp\/v2\/users\/2"}],"replies":[{"embeddable":true,"href":"https:\/\/www.europesays.com\/es\/wp-json\/wp\/v2\/comments?post=338493"}],"version-history":[{"count":0,"href":"https:\/\/www.europesays.com\/es\/wp-json\/wp\/v2\/posts\/338493\/revisions"}],"wp:featuredmedia":[{"embeddable":true,"href":"https:\/\/www.europesays.com\/es\/wp-json\/wp\/v2\/media\/338358"}],"wp:attachment":[{"href":"https:\/\/www.europesays.com\/es\/wp-json\/wp\/v2\/media?parent=338493"}],"wp:term":[{"taxonomy":"category","embeddable":true,"href":"https:\/\/www.europesays.com\/es\/wp-json\/wp\/v2\/categories?post=338493"},{"taxonomy":"post_tag","embeddable":true,"href":"https:\/\/www.europesays.com\/es\/wp-json\/wp\/v2\/tags?post=338493"}],"curies":[{"name":"wp","href":"https:\/\/api.w.org\/{rel}","templated":true}]}}