{"id":338503,"date":"2026-01-13T15:43:11","date_gmt":"2026-01-13T15:43:11","guid":{"rendered":"https:\/\/www.europesays.com\/es\/338503\/"},"modified":"2026-01-13T15:43:11","modified_gmt":"2026-01-13T15:43:11","slug":"kate-middleton-y-el-principe-guillermo-fichan-a-una-experta-en-comunicacion-y-gestion-de-crisis-que-esta-pasando","status":"publish","type":"post","link":"https:\/\/www.europesays.com\/es\/338503\/","title":{"rendered":"Kate Middleton y el pr\u00edncipe Guillermo fichan a una experta en comunicaci\u00f3n y gesti\u00f3n de crisis \u00bfQu\u00e9 est\u00e1 pasando?"},"content":{"rendered":"<p id=\"e6kr9GKq2v\" data-wc=\"76\">El pr\u00edncipe Guillermo ha contratado a una experta en gesti\u00f3n de crisis en un momento complicado para la Familia Real que sigue luchando con <a class=\"hm-link ho-link\" href=\"https:\/\/www.hola.com\/realeza\/casa_inglesa\/20251222874197\/principe-andres-mountbatten-windsor-foto-epstein-sandringham\/\" data-mrf-recirculation=\"article-body-link\" rel=\"nofollow noopener\" target=\"_blank\">las consecuencias derivadas de la implicaci\u00f3n de Andr\u00e9s Mountbatten-Windsor con Jeffrey Epstein.\u00a0<\/a>La elegida, seg\u00fan ha informado el Daily Mail,\u00a0es Liza Ravenscroft, descrita como &#8216;estrella a prueba de balas &#8216;quien ha sido hasta ahora directora senior del equipo de crisis y riesgos del Reino Unido en la firma de comunicaci\u00f3n Edelman.\u00a0<\/p>\n<p> <img src=\"https:\/\/www.europesays.com\/es\/wp-content\/uploads\/2026\/01\/800ca89e3552-gettyimages-2177039632.jpg\"   width=\"795\" height=\"1024\" loading=\"lazy\" decoding=\"async\" alt=\"Los pr\u00edncipes de Gales, en una imagen de archivo\" fetchpriority=\"auto\" class=\"image ho-image\"\/>\u00a9 Getty ImagesLos pr\u00edncipes de Gales, en una imagen de archivo<\/p>\n<p id=\"eSFWzLJGtm\" data-wc=\"64\">Ravenscroft trabaja \u00abcodo con codo con grandes nombres que enfrentan sus momentos m\u00e1s dif\u00edciles\u00bb, algo que podr\u00eda aplicarse a Guillermo de Inglaterra quien tiene que lidiar con la crisis provocada por su t\u00edo, Andr\u00e9s, por su hermano, <strong>el pr\u00edncipe Harry, y por los tratamientos contra el c\u00e1ncer a los que se han enfrentado su padre, el rey Carlos III, y su mujer<\/strong>, Kate Middleton.\u00a0<\/p>\n<p> <img src=\"https:\/\/www.europesays.com\/es\/wp-content\/uploads\/2026\/01\/46fed2cd7a8b-gettyimages-1245275983.jpg\"   width=\"1080\" height=\"1800\" loading=\"lazy\" decoding=\"async\" alt=\"Kate Middleton\" fetchpriority=\"auto\" class=\"image ho-image\"\/>\u00a9 Getty Images1 de diciembre de 2022.<\/p>\n<p id=\"evKqz9Nhxb\" data-wc=\"52\">La recomendaci\u00f3n de Liza Ravenscroft lleg\u00f3 a la oficina del pr\u00edncipe Guillermo, a trav\u00e9s de Julian Payne, exsecretario de comunicaciones de los reyes Carlos y Camilla y actual director ejecutivo de Edelman. Payne trabaj\u00f3 con el monarca y su mujer durante cinco a\u00f1os y actualmente es fideicomisario de la Fundaci\u00f3n del Rey.\u00a0<\/p>\n<p> <img src=\"https:\/\/www.europesays.com\/es\/wp-content\/uploads\/2026\/01\/d6ecff0d56c2-liza.jpg\"   width=\"1024\" height=\"1024\" loading=\"lazy\" decoding=\"async\" alt=\"Liza Ravenscroft, nueva gestora de crisis del pr\u00edncipe Guillermo y Kate Middleton \" fetchpriority=\"auto\" class=\"image ho-image\"\/>\u00a9 LinkedinLiza Ravenscroft, nueva gestora de crisis del pr\u00edncipe Guillermo y Kate Middleton <\/p>\n<p id=\"eb9SVuU5v8\" data-wc=\"47\">Seg\u00fan una fuente del Palacio de Kensington, donde se encuentra la oficina de los pr\u00edncipes de Gales, citada por el\u00a0Daily Mail, los expertos en comunicaciones de la Familia Real cuentan con \u00abuna amplia experiencia\u00bb y que Ravenscroft operar\u00eda en un rol \u00abno relacionado con la crisis\u00bb.\u00a0<\/p>\n<p> <img src=\"https:\/\/www.europesays.com\/es\/wp-content\/uploads\/2026\/01\/3edf7851b689-gettyimages-476948148.jpg\"   width=\"1024\" height=\"688\" loading=\"lazy\" decoding=\"async\" alt=\"El pr\u00edncipe George en 2015 con su ni\u00f1era, nacida en Palencia \" fetchpriority=\"auto\" class=\"image ho-image\"\/>\u00a9 Getty Images<\/p>\n<p id=\"erfJ_sp6lh\" data-wc=\"106\">De esta forma, Ravenscroft se unir\u00e1 as\u00ed al equipo leal de los pr\u00edncipes de Gales, donde hay varios y leales trabajadores que llevan con ellos desde hace varios a\u00f1os. Entre ellos destaca<a class=\"hm-link ho-link\" href=\"https:\/\/www.hola.com\/realeza\/casa_inglesa\/20260102875868\/nanny-espanola-george-charlotte-louis-de-gales\/\" data-mrf-recirculation=\"article-body-link\" rel=\"nofollow noopener\" target=\"_blank\">\u00a0la ni\u00f1era espa\u00f1ola de sus hijos, los pr\u00edncipes George, Charlotte y Louis, la palentina Mar\u00eda Teresa Turri\u00f3n Borrallo,<\/a> quien recientemente<a class=\"hm-link ho-link\" href=\"https:\/\/www.hola.com\/realeza\/casa_inglesa\/20251230875398\/ninera-espanola-principes-george-charlotte-louis-condecorada\/\" data-mrf-recirculation=\"article-body-link\" rel=\"nofollow noopener\" target=\"_blank\">\u00a0ha sido distinguida por el rey Carlos III con la Medalla Real Victoriana de Plata\u00a0<\/a>por sus servicios a la pareja. Formada en el prestigioso Norland College, empez\u00f3 a trabajar para el heredero a principios de 2014, cuando el pr\u00edncipe George era un beb\u00e9 y ahora es un miembro destacado de la Casa Real.<\/p>\n<p> <img src=\"https:\/\/www.europesays.com\/es\/wp-content\/uploads\/2026\/01\/4aa949e816b2-gettyimages-962609670.jpg\"   width=\"649\" height=\"1024\" loading=\"lazy\" decoding=\"async\" alt=\"Mar\u00eda Teresa Turri\u00f3n Borrallo, en una imagen de archivo\" fetchpriority=\"auto\" class=\"image ho-image\"\/>\u00a9 Getty ImagesMar\u00eda Teresa Turri\u00f3n Borrallo, en una imagen de archivo<\/p>\n<p id=\"eIN0kSortr\" data-wc=\"45\">Entre este grupo fiel de trabajadores tambi\u00e9n se encuentra <strong>Scott Robin Bishop, el ch\u00f3fer de los pr\u00edncipes de Gales,\u00a0<\/strong>que les lleva y les trae a sus compromisos oficiales y a otros deberes familiares privados y tambi\u00e9n ha sido distinguido con la Medalla Real Victoriana.\u00a0<\/p>\n<p> <img src=\"https:\/\/www.europesays.com\/es\/wp-content\/uploads\/2026\/01\/8e33e8ec746e-gettyimages-610834200.jpg\"   width=\"1024\" height=\"762\" loading=\"lazy\" decoding=\"async\" alt=\"Natasha Archer, estilista personal de Kate Middleton\" fetchpriority=\"auto\" class=\"image ho-image\"\/>\u00a9 Getty Images<\/p>\n<p id=\"eNfVUgpyFS\" data-wc=\"88\">El verano pasado se anunci\u00f3 que la asistente personal de Kate, <strong>Natasha Archer,<\/strong> dejar\u00eda a los Pr\u00edncipes despu\u00e9s de 15 a\u00f1os para establecer su propia consultor\u00eda privada. Natasha, conocida como Tash entre sus amigos,<a class=\"hm-link ho-link\" href=\"https:\/\/www.hola.com\/realeza\/casa_inglesa\/20240130248402\/natasha-arche-asistente-de-kate-middleton\/\" data-mrf-recirculation=\"article-body-link\" rel=\"nofollow noopener\" target=\"_blank\">\u00a0fue ascendida a asistente ejecutiva privada senior de Guillermo y Kate en 2022,\u00a0<\/a>aunque llevaba desde 2010 trabajando para ellos. \u00a0Entre sus responsabilidades se encontraban gestionar las agendas y proyectos de sus jefes, adem\u00e1s de ser la estilista de Kate. En 2019 recibi\u00f3 la Real Orden Victoriana por sus servicios a la Familia Real.\u00a0<\/p>\n","protected":false},"excerpt":{"rendered":"El pr\u00edncipe Guillermo ha contratado a una experta en gesti\u00f3n de crisis en un momento complicado para la&hellip;\n","protected":false},"author":2,"featured_media":338504,"comment_status":"","ping_status":"","sticky":false,"template":"","format":"standard","meta":{"footnotes":""},"categories":[174],"tags":[255,146,147,25,24,256,6585,18700,1027,6856,23],"class_list":{"0":"post-338503","1":"post","2":"type-post","3":"status-publish","4":"format-standard","5":"has-post-thumbnail","7":"category-famosos","8":"tag-celebrities","9":"tag-entertainment","10":"tag-entretenimiento","11":"tag-es","12":"tag-espana","13":"tag-famosos","14":"tag-guillermo-de-inglaterra","15":"tag-kate-middleton","16":"tag-realeza","17":"tag-realeza-inglesa","18":"tag-spain"},"share_on_mastodon":{"url":"https:\/\/pubeurope.com\/@es\/115888560997225641","error":""},"_links":{"self":[{"href":"https:\/\/www.europesays.com\/es\/wp-json\/wp\/v2\/posts\/338503","targetHints":{"allow":["GET"]}}],"collection":[{"href":"https:\/\/www.europesays.com\/es\/wp-json\/wp\/v2\/posts"}],"about":[{"href":"https:\/\/www.europesays.com\/es\/wp-json\/wp\/v2\/types\/post"}],"author":[{"embeddable":true,"href":"https:\/\/www.europesays.com\/es\/wp-json\/wp\/v2\/users\/2"}],"replies":[{"embeddable":true,"href":"https:\/\/www.europesays.com\/es\/wp-json\/wp\/v2\/comments?post=338503"}],"version-history":[{"count":0,"href":"https:\/\/www.europesays.com\/es\/wp-json\/wp\/v2\/posts\/338503\/revisions"}],"wp:featuredmedia":[{"embeddable":true,"href":"https:\/\/www.europesays.com\/es\/wp-json\/wp\/v2\/media\/338504"}],"wp:attachment":[{"href":"https:\/\/www.europesays.com\/es\/wp-json\/wp\/v2\/media?parent=338503"}],"wp:term":[{"taxonomy":"category","embeddable":true,"href":"https:\/\/www.europesays.com\/es\/wp-json\/wp\/v2\/categories?post=338503"},{"taxonomy":"post_tag","embeddable":true,"href":"https:\/\/www.europesays.com\/es\/wp-json\/wp\/v2\/tags?post=338503"}],"curies":[{"name":"wp","href":"https:\/\/api.w.org\/{rel}","templated":true}]}}