{"id":338507,"date":"2026-01-13T15:46:08","date_gmt":"2026-01-13T15:46:08","guid":{"rendered":"https:\/\/www.europesays.com\/es\/338507\/"},"modified":"2026-01-13T15:46:08","modified_gmt":"2026-01-13T15:46:08","slug":"desvelan-la-escandalosa-cantidad-que-habria-acordado-alessandro-lequio-con-mediaset-por-su-fulminante-despido","status":"publish","type":"post","link":"https:\/\/www.europesays.com\/es\/338507\/","title":{"rendered":"Desvelan la \u201cescandalosa\u201d cantidad que habr\u00eda acordado Alessandro Lequio con Mediaset por su fulminante despido"},"content":{"rendered":"<p style=\"margin:0cm 0cm 8pt\">Fue el pasado 19 de noviembre cuando se desvel\u00f3<strong> la decisi\u00f3n de Mediaset de<a href=\"https:\/\/www.vozpopuli.com\/dolcevita\/la-contundente-reaccion-de-antonia-dell-atte-al-despido-de-alessandro-lequio-de-mediaset-tras-la-acusacion-de-maltrato.html\" rel=\"nofollow noopener\" target=\"_blank\"> prescindir de Alessandro Lequio<\/a><\/strong> en sus programas. Un fulminante despido motivado por las <strong>declaraciones de<a href=\"https:\/\/www.vozpopuli.com\/dolcevita\/antonia-dellatte-reaparece-tras-el-despido-de-lequio-cada-paliza-era-un-perdon-lo-sabian-todos-tengo-las-cartas.html\" rel=\"nofollow noopener\" target=\"_blank\"> Antonia Dell\u2019Atte<\/a> <\/strong>en una entrevista en \u2018El Pa\u00eds\u2019 acus\u00e1ndole de violencia machista. Un testimonio que la exmujer del italiano ha mantenido durante a\u00f1os y ante el que la cadena de Fuencarral le apartaba de \u2018Vamos a ver\u2019, el programa en el que colaboraba.<\/p>\n<p style=\"margin:0cm 0cm 8pt\">Tal y como desvel\u00f3 el citado diario, existieron algunas reuniones entre la productora, la cadena y los abogados, que desemboc\u00f3 en el <strong>despido de Alessandro Lequio<\/strong> quien apenas unos d\u00edas antes hab\u00eda respondido\u00a0en su programa a la entrevista de su exmujer: \u201cHe derivado las afirmaciones de Antonia Dell\u2019Atte a mi abogado para el tratamiento legal correspondiente. Ya est\u00e1 todo dicho, lo dem\u00e1s, que lo resuelva quien deba\u201d.<\/p>\n<p style=\"margin:0cm 0cm 8pt\">Desde entonces, nada hemos sabido de Alessandro Lequio\u00a0quien ha optado por<strong> mantenerse al margen de la pol\u00e9mica,<\/strong> aunque no de brazos cruzados. Y es que, tal y como aseguran, el colaborador ya<strong> habr\u00eda llegado a un acuerdo con la cadena<\/strong> tras su despido. Un acuerdo que incluir\u00eda una elevada cantidad de dinero en concepto de indemnizaci\u00f3n.<\/p>\n<p><img decoding=\"async\" alt=\"Desvelan la cifra que Lequio recibir\u00eda tras su despido en Mediaset\" src=\"https:\/\/www.europesays.com\/es\/wp-content\/uploads\/2026\/01\/articulos-2673196.jpg\" style=\"width:20%\"\/>Desvelan la cifra que Lequio recibir\u00eda tras su despido en Mediaset. Foto: Europa Press<\/p>\n<p><strong>La desorbitada cantidad que habr\u00eda acordado Alessandro Lequio con Mediaset por su despido<\/strong><\/p>\n<p style=\"margin:0cm 0cm 8pt\">Como dec\u00edamos, han pasado dos meses desde que Alessandro Lequio <strong>desapareciera de la peque\u00f1a pantalla de la noche a la ma\u00f1ana<\/strong>. Un despido\u00a0sobre el que no se ha querido pronunciar, y sobre el que s\u00ed opin\u00f3 su mujer, <a href=\"https:\/\/www.vozpopuli.com\/dolcevita\/maria-palacios-defiende-a-lequio-y-asegura-que-el-justificante-de-la-denuncia-que-puso-antonia-dell-atte-esta-manipulado.html\" rel=\"nofollow noopener\" target=\"_blank\">Mar\u00eda Palacios,<\/a> en una entrevista en la revista \u2018\u00a1Hola!\u2019, donde, adem\u00e1s de defender la inocencia de su marido, \u201cdesde la experiencia diaria, desde la libertad de una mujer que jam\u00e1s ha sentido miedo en su propia casa\u201d, aseguraba que el justificante de la denuncia que puso Antonia Dell\u2019Atte contra su marido, est\u00e1 manipulado.<\/p>\n<p style=\"margin:0cm 0cm 8pt\">Con las aguas m\u00e1s calmadas, parece que Alessandro Lequio habr\u00eda estado tratando de llegar a un acuerdo con la cadena. <strong>Un pacto que ya habr\u00edan alcanzado,<\/strong> tal y como ha desvelado Alberto Guzm\u00e1n en el programa \u2018No somos nadie\u2019.<\/p>\n<p style=\"margin:0cm 0cm 8pt\"><strong>\u201cTengo la cifra del acuerdo<\/strong> al que habr\u00edan llegado Mediaset y Alessandro Lequio tras rescindir el contrato de forma dr\u00e1stica y abrupta hace un par de meses, insisto que es una fuente conectad\u00edsima con las altas esferas de Mediaset\u201d ha explicado el colaborador. Una informaci\u00f3n ante la que Mar\u00eda Pati\u00f1o, presentadora del espacio de Canal Quickie, ha a\u00f1adido que la decisi\u00f3n de la cadena estuvo \u201cbasada en autos judiciales y cartas en las que se probaba que este se\u00f1or hab\u00eda ejercido violencia durante su matrimonio con Antonia, no es un despido improcedente porque las gafas sean amarillas y no me gusten\u201d.<\/p>\n<p style=\"margin:0cm 0cm 8pt\">Tal y como ha explicado la presentadora, \u201c\u00e9l <strong>habr\u00eda acudido a una abogada para ejercer sus derechos como trabajador despedido de manera improcedente<\/strong>, seg\u00fan \u00e9l, y eso podr\u00eda derivar en una multa de la cadena a Lequio. Ellos se han adelantado al juicio y llegar a un acuerdo extrajudicial a nivel econ\u00f3mico\u201d.<\/p>\n<p style=\"margin:0cm 0cm 8pt\">As\u00ed, y seg\u00fan ha explicado Alberto Guzm\u00e1n citando a una fuente directa de las altas esferas de Mediaset, el colaborador ya habr\u00eda cerrado la negociaci\u00f3n por su despido, un acuerdo \u201ccon una cifra escandalosa\u201d, que <strong>\u201cpodr\u00eda elevarse hasta los 700.000 euros\u201d<\/strong>.<\/p>\n","protected":false},"excerpt":{"rendered":"Fue el pasado 19 de noviembre cuando se desvel\u00f3 la decisi\u00f3n de Mediaset de prescindir de Alessandro Lequio&hellip;\n","protected":false},"author":2,"featured_media":338508,"comment_status":"","ping_status":"","sticky":false,"template":"","format":"standard","meta":{"footnotes":""},"categories":[171],"tags":[146,147,25,24,23,214],"class_list":{"0":"post-338507","1":"post","2":"type-post","3":"status-publish","4":"format-standard","5":"has-post-thumbnail","7":"category-tv","8":"tag-entertainment","9":"tag-entretenimiento","10":"tag-es","11":"tag-espana","12":"tag-spain","13":"tag-tv"},"share_on_mastodon":{"url":"https:\/\/pubeurope.com\/@es\/115888572526922318","error":""},"_links":{"self":[{"href":"https:\/\/www.europesays.com\/es\/wp-json\/wp\/v2\/posts\/338507","targetHints":{"allow":["GET"]}}],"collection":[{"href":"https:\/\/www.europesays.com\/es\/wp-json\/wp\/v2\/posts"}],"about":[{"href":"https:\/\/www.europesays.com\/es\/wp-json\/wp\/v2\/types\/post"}],"author":[{"embeddable":true,"href":"https:\/\/www.europesays.com\/es\/wp-json\/wp\/v2\/users\/2"}],"replies":[{"embeddable":true,"href":"https:\/\/www.europesays.com\/es\/wp-json\/wp\/v2\/comments?post=338507"}],"version-history":[{"count":0,"href":"https:\/\/www.europesays.com\/es\/wp-json\/wp\/v2\/posts\/338507\/revisions"}],"wp:featuredmedia":[{"embeddable":true,"href":"https:\/\/www.europesays.com\/es\/wp-json\/wp\/v2\/media\/338508"}],"wp:attachment":[{"href":"https:\/\/www.europesays.com\/es\/wp-json\/wp\/v2\/media?parent=338507"}],"wp:term":[{"taxonomy":"category","embeddable":true,"href":"https:\/\/www.europesays.com\/es\/wp-json\/wp\/v2\/categories?post=338507"},{"taxonomy":"post_tag","embeddable":true,"href":"https:\/\/www.europesays.com\/es\/wp-json\/wp\/v2\/tags?post=338507"}],"curies":[{"name":"wp","href":"https:\/\/api.w.org\/{rel}","templated":true}]}}