{"id":338509,"date":"2026-01-13T15:48:08","date_gmt":"2026-01-13T15:48:08","guid":{"rendered":"https:\/\/www.europesays.com\/es\/338509\/"},"modified":"2026-01-13T15:48:08","modified_gmt":"2026-01-13T15:48:08","slug":"te-deberias-fiar-de-un-mago","status":"publish","type":"post","link":"https:\/\/www.europesays.com\/es\/338509\/","title":{"rendered":"Te deber\u00edas fiar de un mago"},"content":{"rendered":"<p>A estas alturas ya hemos escuchado a demasiados actores de Marvel diciendo que no van a volver a una pel\u00edcula del estudio para despu\u00e9s, oh sorpresa, aparecer en otra secuela, como <strong>para pretender que nos creemos sus palabras sobre cualquier superproducci\u00f3n actual<\/strong>. Ahora es Elijah Wood el que pone en tela de juicio su aparici\u00f3n en <a class=\"text-outboundlink\" href=\"https:\/\/www.espinof.com\/todo-lo-que-sabemos\/senor-anillos-the-hunt-for-gollum-fecha-estreno-trailer-reparto-todo-que-sabemos-pelicula-saga-fantasia-peter-jackson\" data-vars-post-title=\"&#039;El se\u00f1or de los anillos: The Hunt for Gollum&#039;, fecha de estreno y todo lo que sabemos de la nueva pel\u00edcula de la saga de Peter Jackson\" data-vars-post-url=\"https:\/\/www.espinof.com\/todo-lo-que-sabemos\/senor-anillos-the-hunt-for-gollum-fecha-estreno-trailer-reparto-todo-que-sabemos-pelicula-saga-fantasia-peter-jackson\" rel=\"nofollow noopener\" target=\"_blank\">&#8216;The hunt for Gollum&#8217;<\/a>, lo nuevo de <a class=\"text-outboundlink\" href=\"https:\/\/www.espinof.com\/listas\/todas-peliculas-universo-senor-anillos-peter-jackson-ordenadas-peor-a-mejor\" data-vars-post-title=\"Todas las pel\u00edculas del universo &#039;El se\u00f1or de los anillos&#039; de Peter Jackson ordenadas de peor a mejor\" data-vars-post-url=\"https:\/\/www.espinof.com\/listas\/todas-peliculas-universo-senor-anillos-peter-jackson-ordenadas-peor-a-mejor\" rel=\"nofollow noopener\" target=\"_blank\">&#8216;El se\u00f1or de los anillos&#8217;<\/a>&#8230; aunque, en el fondo, todos sabemos que solo est\u00e1 jugando a esconder la evidencia.<\/p>\n<p>Mi cameo, mi tessssoro<\/p>\n<p>El a\u00f1o pasado, <a class=\"text-outboundlink\" href=\"https:\/\/www.espinof.com\/actores-y-actrices\/ian-mckellen-anuncia-que-gandalf-frodo-volveran-a-tierra-media-nueva-pelicula-senor-anillos\" data-vars-post-title=\"Ian McKellen anuncia que Gandalf y Frodo volver\u00e1n a la Tierra Media en la nueva pel\u00edcula de &#039;El se\u00f1or de los anillos&#039;\" data-vars-post-url=\"https:\/\/www.espinof.com\/actores-y-actrices\/ian-mckellen-anuncia-que-gandalf-frodo-volveran-a-tierra-media-nueva-pelicula-senor-anillos\" rel=\"nofollow noopener\" target=\"_blank\">Ian McKellen dej\u00f3 caer<\/a> que en la pel\u00edcula aparecer\u00edan Gandalf y Frodo, comenzando as\u00ed la promoci\u00f3n, y ahora Wood tiene el trabajo de frenar las expectativas, aunque sin muchas esperanzas de que nadie le crea, tal y como le ha contado a <a rel=\"noopener, noreferrer nofollow\" href=\"https:\/\/screenrant.com\/hunt-for-gollum-frodo-gandalf-reunion-elijah-wood-response\/\" target=\"_blank\">ScreenRant<\/a>: \u00ab<strong>No puedo confirmar ni desmentir. Escucha, te deber\u00edas fiar de un mago.<\/strong> Aparte de eso, no puedo confirmar nada. Estoy muy emocionado con la pel\u00edcula\u00bb. Vamos, que s\u00ed, pero que no.\u00a0<\/p>\n<blockquote><p>Creo que realmente es una forma creativa de \u00abreunir a la banda\u00bb. Muchos de los jefes creativos del departamento han vuelto y est\u00e1n de nuevo en ese espacio. Creo que Philippa Boyens est\u00e1 coescribiendo y produciendo. Es como si el grupo original se reuniera de nuevo para contar esta historia, que ser\u00e1 una exploraci\u00f3n muy divertida de este personaje que tanto nos gusta a todos. Estoy muy emocionado.<\/p><\/blockquote>\n<p>    <a href=\"https:\/\/www.espinof.com\/listas\/que-orden-ver-saga-senor-anillos-hobbit-serie-amazon-te-deja-ganas-volver-a-tierra-media\" class=\"pivot-outboundlink\" data-vars-post-title=\"En qu\u00e9 orden ver la saga &#039;El se\u00f1or de los anillos&#039; y &#039;El Hobbit&#039; si te quieres montar un marat\u00f3n definitivo en la Tierra Media\" rel=\"nofollow noopener\" target=\"_blank\"><br \/>\n     <img loading=\"lazy\" decoding=\"async\" alt=\"En qu\u00e9 orden ver la saga 'El se\u00f1or de los anillos' y 'El Hobbit' si te quieres montar un marat\u00f3n definitivo en la Tierra Media\" width=\"375\" height=\"142\" src=\"https:\/\/www.europesays.com\/es\/wp-content\/uploads\/2026\/01\/1768319288_881_375_142.jpeg\"\/><br \/>\n    <\/a><\/p>\n<p>Pero hay m\u00e1s. En las declaraciones del actor deja caer que habr\u00e1 m\u00e1s pel\u00edculas de &#8216;El se\u00f1or de los anillos&#8217;, algo que a estas alturas no nos deber\u00eda sorprender, pero que siempre es una alegr\u00eda ver confirmado. \u00abEstoy emocionado porque Andy la dirija. <strong>Me parece incre\u00edblemente apropiado que \u00e9l dirija una pel\u00edcula sobre su personaje<\/strong>, al que realmente ha hecho suyo. Estoy encantado. Ser\u00e1 genial. Y estoy emocionado por ver&#8230; S\u00e9 que su intenci\u00f3n es hacer otras pel\u00edculas en este universo. Y eso es emocionante, es interesante ver hacia d\u00f3nde va, pero muy emocionante\u00bb. Ahora solo falta que al resto del p\u00fablico tambi\u00e9n nos parezca emocionante este estiramiento del chicle venido de la Tierra Media.<\/p>\n<p>En Espinof |\u00a0<a class=\"text-outboundlink\" href=\"https:\/\/www.espinof.com\/entretenimiento\/hace-18-anos-jason-statham-estreno-su-version-senor-anillos-fue-tremendo-fracaso-se-convirtio-trilogia\" data-vars-post-title=\"Hace 18 a\u00f1os Jason Statham estren\u00f3 su versi\u00f3n de &#039;El se\u00f1or de los anillos&#039;: fue un tremendo fracaso pero se convirti\u00f3 en trilog\u00eda\" data-vars-post-url=\"https:\/\/www.espinof.com\/entretenimiento\/hace-18-anos-jason-statham-estreno-su-version-senor-anillos-fue-tremendo-fracaso-se-convirtio-trilogia\" rel=\"nofollow noopener\" target=\"_blank\">Hace 18 a\u00f1os Jason Statham estren\u00f3 su versi\u00f3n de &#8216;El se\u00f1or de los anillos&#8217;: fue un tremendo fracaso pero se convirti\u00f3 en trilog\u00eda<\/a><\/p>\n<p>En Espinof | <a class=\"text-outboundlink\" href=\"https:\/\/www.espinof.com\/listas\/peliculas-esperadas-2026\" data-vars-post-title=\"Las 44 pel\u00edculas m\u00e1s esperadas de 2026 y los mejores estrenos del a\u00f1o: &#039;Dune 3&#039;, &#039;Torrente 6&#039;, &#039;Vengadores Doomsday&#039;, el regreso de Star Wars, &#039;La odisea&#039; y muchas m\u00e1s\" data-vars-post-url=\"https:\/\/www.espinof.com\/listas\/peliculas-esperadas-2026\" rel=\"nofollow noopener\" target=\"_blank\">Las pel\u00edculas m\u00e1s esperadas de 2026<\/a><\/p>\n","protected":false},"excerpt":{"rendered":"A estas alturas ya hemos escuchado a demasiados actores de Marvel diciendo que no van a volver a&hellip;\n","protected":false},"author":2,"featured_media":338510,"comment_status":"","ping_status":"","sticky":false,"template":"","format":"standard","meta":{"footnotes":""},"categories":[169],"tags":[177,146,147,25,24,176,175,23],"class_list":{"0":"post-338509","1":"post","2":"type-post","3":"status-publish","4":"format-standard","5":"has-post-thumbnail","7":"category-cine","8":"tag-cine","9":"tag-entertainment","10":"tag-entretenimiento","11":"tag-es","12":"tag-espana","13":"tag-film","14":"tag-movies","15":"tag-spain"},"share_on_mastodon":{"url":"https:\/\/pubeurope.com\/@es\/115888580622278315","error":""},"_links":{"self":[{"href":"https:\/\/www.europesays.com\/es\/wp-json\/wp\/v2\/posts\/338509","targetHints":{"allow":["GET"]}}],"collection":[{"href":"https:\/\/www.europesays.com\/es\/wp-json\/wp\/v2\/posts"}],"about":[{"href":"https:\/\/www.europesays.com\/es\/wp-json\/wp\/v2\/types\/post"}],"author":[{"embeddable":true,"href":"https:\/\/www.europesays.com\/es\/wp-json\/wp\/v2\/users\/2"}],"replies":[{"embeddable":true,"href":"https:\/\/www.europesays.com\/es\/wp-json\/wp\/v2\/comments?post=338509"}],"version-history":[{"count":0,"href":"https:\/\/www.europesays.com\/es\/wp-json\/wp\/v2\/posts\/338509\/revisions"}],"wp:featuredmedia":[{"embeddable":true,"href":"https:\/\/www.europesays.com\/es\/wp-json\/wp\/v2\/media\/338510"}],"wp:attachment":[{"href":"https:\/\/www.europesays.com\/es\/wp-json\/wp\/v2\/media?parent=338509"}],"wp:term":[{"taxonomy":"category","embeddable":true,"href":"https:\/\/www.europesays.com\/es\/wp-json\/wp\/v2\/categories?post=338509"},{"taxonomy":"post_tag","embeddable":true,"href":"https:\/\/www.europesays.com\/es\/wp-json\/wp\/v2\/tags?post=338509"}],"curies":[{"name":"wp","href":"https:\/\/api.w.org\/{rel}","templated":true}]}}