{"id":338551,"date":"2026-01-13T16:17:10","date_gmt":"2026-01-13T16:17:10","guid":{"rendered":"https:\/\/www.europesays.com\/es\/338551\/"},"modified":"2026-01-13T16:17:10","modified_gmt":"2026-01-13T16:17:10","slug":"una-filtracion-en-meta-expone-informacion-de-millones-de-usuarios-de-instagram-esto-es-lo-que-puedes-hacer-tecnologia","status":"publish","type":"post","link":"https:\/\/www.europesays.com\/es\/338551\/","title":{"rendered":"Una filtraci\u00f3n en Meta expone informaci\u00f3n de millones de usuarios de Instagram. \u00c9sto es lo que puedes hacer | Tecnolog\u00eda"},"content":{"rendered":"<p>Elegir una contrase\u00f1a segura y habilitar la autenticaci\u00f3n de dos factores son cruciales para proteger tus cuentas de redes sociales, pero a veces no es suficiente. Pr\u00e1cticamente <b>todas las grandes empresas tecnol\u00f3gicas han sufrido filtraciones de datos<\/b>, e Instagram parece ser la \u00faltima v\u00edctima.<\/p>\n<p>Una importante filtraci\u00f3n de datos ha revelado informaci\u00f3n confidencial de nada menos que 17.5 millones de usuarios de Instagram. Seg\u00fan la empresa de software antivirus Malwarebytes, los datos filtrados <b>incluyen nombres de usuario, direcciones de correo electr\u00f3nico, n\u00fameros de tel\u00e9fono, direcciones f\u00edsicas y m\u00e1s<\/b>.<\/p>\n<p>Los datos comprometidos ya se encuentran disponibles en la \u2018dark web\u2019, lo que significa que los ciberdelincuentes podr\u00edan estar intentando abusar de ellos. Si has recibido recientemente correos electr\u00f3nicos de Instagram con <b>solicitudes de restablecimiento de contrase\u00f1a<\/b>, es probable que tus datos hayan quedado expuestos.<\/p>\n<p><img decoding=\"async\" src=\"https:\/\/los40.com\/pf\/resources\/img\/logo-40-v-c.svg?d=923\" alt=\"LOS40\" class=\"i-pro\" width=\"68\" height=\"68\" loading=\"lazy\"\/><\/p>\n<p>En un correo electr\u00f3nico a sus clientes, Malwarebytes afirm\u00f3 haber descubierto la filtraci\u00f3n de datos durante uno de sus an\u00e1lisis rutinarios. La brecha est\u00e1 relacionada con un posible incidente con la exposici\u00f3n de la API de Instagram en 2024.<\/p>\n<p><img decoding=\"async\" src=\"https:\/\/www.europesays.com\/es\/wp-content\/uploads\/2026\/01\/GODSTIZDAVBZHFG6UXPEEKYUWI.jpg\" alt=\"Filtraci\u00f3n masiva en Meta\" width=\"4\" height=\"3\"  loading=\"lazy\"\/><\/p>\n<p>Filtraci\u00f3n masiva en Meta<\/p>\n<p>Ampliar<img decoding=\"async\" src=\"https:\/\/www.europesays.com\/es\/wp-content\/uploads\/2026\/01\/1768321030_73_GODSTIZDAVBZHFG6UXPEEKYUWI.jpg\" alt=\"Filtraci\u00f3n masiva en Meta\" width=\"4\" height=\"3\" loading=\"lazy\"\/><\/p>\n<p>Filtraci\u00f3n masiva en Meta<\/p>\n<p>CerrarLo que se puede hacer<\/p>\n<p>Una de las consecuencias de la brecha es que los usuarios est\u00e1n recibiendo varios correos electr\u00f3nicos de Instagram solicitando el restablecimiento de contrase\u00f1a. Es <b>fundamental no responder a la notificaci\u00f3n<\/b> si no se ha realizado la solicitud. Si no has activado la autenticaci\u00f3n de dos factores para su cuenta de Instagram, es recomendable hacerlo.<\/p>\n<p>Tambi\u00e9n deber\u00edas cambiar la contrase\u00f1a de Instagram. Para los que usan la misma contrase\u00f1a en varias cuentas, es recomendable cambiarla y <b>empezar a usar contrase\u00f1as \u00fanicas para cada cuenta<\/b>, por molesto que sea. Tambi\u00e9n se puede consultar qu\u00e9 dispositivos tienen sesi\u00f3n iniciada en la cuenta en el Centro de Cuentas de Meta.<\/p>\n<p><a href=\"https:\/\/los40.com\/los40\/2022\/11\/29\/tecnologia\/1669732106_620391.html\" target=\"_blank\" rel=\"nofollow noopener\">No es la primera vez que la compa\u00f1\u00eda de Mark Zuckerberg<\/a> se enfrenta a problemas relacionados con filtraciones de datos. Tampoco est\u00e1 claro c\u00f3mo se expusieron los datos ni si se notificar\u00e1 a los usuarios afectados.<\/p>\n<p>Ojal\u00e1 Meta haga lo correcto y revele p\u00fablicamente c\u00f3mo ha ocurrido la filtraci\u00f3n y qui\u00e9nes se vieron afectados. Y por supuesto, agradecer\u00edamos tambi\u00e9n que no volviese a pasar, que <b>la confianza de los usuarios ya la tienen bastante por los suelos<\/b>. Dudamos que las cosas vayan por ese camino, pero solo podemos esperar lo mejor.<\/p>\n","protected":false},"excerpt":{"rendered":"Elegir una contrase\u00f1a segura y habilitar la autenticaci\u00f3n de dos factores son cruciales para proteger tus cuentas de&hellip;\n","protected":false},"author":2,"featured_media":338552,"comment_status":"","ping_status":"","sticky":false,"template":"","format":"standard","meta":{"footnotes":""},"categories":[81],"tags":[119,123,124,25,24,117,121,122,23,118,120],"class_list":{"0":"post-338551","1":"post","2":"type-post","3":"status-publish","4":"format-standard","5":"has-post-thumbnail","7":"category-ciencia-y-tecnologia","8":"tag-ciencia","9":"tag-ciencia-y-tecnologia","10":"tag-cienciaytecnologia","11":"tag-es","12":"tag-espana","13":"tag-science","14":"tag-science-and-technology","15":"tag-scienceandtechnology","16":"tag-spain","17":"tag-technology","18":"tag-tecnologia"},"share_on_mastodon":{"url":"https:\/\/pubeurope.com\/@es\/115888694578300918","error":""},"_links":{"self":[{"href":"https:\/\/www.europesays.com\/es\/wp-json\/wp\/v2\/posts\/338551","targetHints":{"allow":["GET"]}}],"collection":[{"href":"https:\/\/www.europesays.com\/es\/wp-json\/wp\/v2\/posts"}],"about":[{"href":"https:\/\/www.europesays.com\/es\/wp-json\/wp\/v2\/types\/post"}],"author":[{"embeddable":true,"href":"https:\/\/www.europesays.com\/es\/wp-json\/wp\/v2\/users\/2"}],"replies":[{"embeddable":true,"href":"https:\/\/www.europesays.com\/es\/wp-json\/wp\/v2\/comments?post=338551"}],"version-history":[{"count":0,"href":"https:\/\/www.europesays.com\/es\/wp-json\/wp\/v2\/posts\/338551\/revisions"}],"wp:featuredmedia":[{"embeddable":true,"href":"https:\/\/www.europesays.com\/es\/wp-json\/wp\/v2\/media\/338552"}],"wp:attachment":[{"href":"https:\/\/www.europesays.com\/es\/wp-json\/wp\/v2\/media?parent=338551"}],"wp:term":[{"taxonomy":"category","embeddable":true,"href":"https:\/\/www.europesays.com\/es\/wp-json\/wp\/v2\/categories?post=338551"},{"taxonomy":"post_tag","embeddable":true,"href":"https:\/\/www.europesays.com\/es\/wp-json\/wp\/v2\/tags?post=338551"}],"curies":[{"name":"wp","href":"https:\/\/api.w.org\/{rel}","templated":true}]}}