{"id":338555,"date":"2026-01-13T16:19:07","date_gmt":"2026-01-13T16:19:07","guid":{"rendered":"https:\/\/www.europesays.com\/es\/338555\/"},"modified":"2026-01-13T16:19:07","modified_gmt":"2026-01-13T16:19:07","slug":"la-fiscalia-surcoreana-pide-la-pena-de-muerte-para-el-expresidente-yoon-suk-yeol","status":"publish","type":"post","link":"https:\/\/www.europesays.com\/es\/338555\/","title":{"rendered":"La Fiscal\u00eda surcoreana pide la pena de muerte para el expresidente Yoon Suk-yeol"},"content":{"rendered":"<p>La <strong>Fiscal\u00eda surcoreana<\/strong> ha pedido este martes que el expresidente <strong>Yoon Suk-yeol <\/strong>sea condenado a la<strong> pena de muerte<\/strong> por su intento de imponer la<strong> ley marcial <\/strong>en diciembre de 2024.<\/p>\n<p>Un equipo especial de la Fiscal\u00eda ha solicitado la pena m\u00e1xima para el exmandatario en el \u00faltimo d\u00eda del<strong> juicio por insurrecci\u00f3n<\/strong> que afronta Yoon en el Juzgado del Distrito Central de Se\u00fal, que se espera que dicte sentencia a principios de febrero, seg\u00fan ha informado la agencia surcoreana de noticias Yonhap, citada por EFE.<\/p>\n<p>Si bien ese delito, de ser declarado culpable, puede llegar hasta la pena de muerte, <strong>hace d\u00e9cadas<\/strong> que el pa\u00eds asi\u00e1tico <strong>no ha ejecutado <\/strong>una sentencia de muerte.<\/p>\n<p>La Fiscal\u00eda le acusa de declarar la ley marcial \u00abcon el prop\u00f3sito de <strong>permanecer en el poder durante mucho tiempo<\/strong> mediante el control del poder judicial y legislativo\u00bb. Adem\u00e1s, se destaca la gravedad de sus actos por movilizar recursos que deber\u00edan destinarse al bien p\u00fablico.<\/p>\n<p>El expresidente enfrenta cargos como dirigir una insurrecci\u00f3n, abuso de poder, obstrucci\u00f3n de justicia, ayudar a un enemigo y perjurio en relaci\u00f3n con la ley marcial que el mandatario justific\u00f3 como una manera de proteger a la naci\u00f3n de \u00abfuerzas antiestatales\u00bb.<\/p>\n<p>C\u00f3mo fueron los hechos<\/p>\n<p>Yoon decret\u00f3 la ley marcial el 3 de diciembre de 2024, aunque la medida fue revocada horas despu\u00e9s por el Parlamento. El mandatario anunci\u00f3  esa medida sin previo aviso tras acusar a la oposici\u00f3n de llevar a cabo \u00ab<strong>actividades antiestatales<\/strong>\u00ab<strong> vinculadas a Corea del Norte<\/strong>. La proclamaci\u00f3n de la ley marcial conlleva el despliegue de tropas para salvaguardar las funciones estatales, proh\u00edbe las actividades parlamentarias y los partidos pol\u00edticos. Adem\u00e1s, impide la organizaci\u00f3n de manifestaciones, huelgas y protestas.<\/p>\n<p><strong>Junto a los militares <\/strong>que hab\u00edan asistido mientras estaba en vigor la ley marcial, <strong>cientos de personas se congregaron frente a la Asamblea <\/strong>Nacional para protestar y pedir la dimisi\u00f3n del presidente. Y se produjeron <strong>enfrentamientos <\/strong>con la Polic\u00eda Militar, que lleg\u00f3 incluso a apuntar con armas a los ciudadanos.<\/p>\n<p>Ya<strong> de madrugada<\/strong>, <strong>Yoon decidi\u00f3 revocar<\/strong> la ley marcial y ordenar la retirada de los militares desplegados tras haber sido rechazada previamente por la Asamblea Nacional.<\/p>\n<p>En abril de 2025 el Tribunal Constitucional de Corea del Sur aprob\u00f3 su <strong>destituci\u00f3n definitiva, aunque <\/strong>permanec\u00eda <strong>suspendido de sus funciones desde <\/strong><a href=\"https:\/\/www.rtve.es\/noticias\/20241214\/segunda-mocion-censura-yoon-corea-sur\/16372157.shtml\" rel=\"nofollow noopener\" target=\"_blank\">el 14 de diciembre<\/a>, despu\u00e9s de que la Asamblea Nacional aprobara una moci\u00f3n para su destituci\u00f3n. <\/p>\n<p>Tras eso se celebraron elecciones presidenciales en junio, cuando gan\u00f3 el candidato opositor <strong>Lee Jae-myung, actual presidente.<\/strong><\/p>\n<p>Yoon niega los cargos<\/p>\n<p>El <strong>Gobierno actual<\/strong> ha afirmado que espera que la Justicia falle \u00abde acuerdo con la ley, los principios y las expectativas del p\u00fablico\u00bb, en un comunicado recogido por Yonhap.<\/p>\n<p>Yoon, de 65 a\u00f1os, <strong>ha negado los cargos<\/strong>. Y ha argumentado que, como presidente, ten\u00eda la facultad de declarar la ley marcial y que la acci\u00f3n ten\u00eda como objetivo alertar sobre la obstrucci\u00f3n al gobierno por parte de los partidos de la oposici\u00f3n.<\/p>\n<p>En total son 24 personas las acusadas en este caso, entre ellas el entonces primer ministro, Han Duck-soo, que ser\u00e1 el primero en recibir sentencia a finales de enero, as\u00ed como el exdirector del Servicio Nacional de Inteligencia y el exministro de Defensa.<\/p>\n<p>\t\tEl Constitucional surcoreano destituye definitivamente al presidente Yoon por su ley marcial\t<\/p>\n<p>Otros casos<\/p>\n<p>En la d\u00e9cada de 1990, los expresidentes surcoreanos <strong>Chun Doo-hwan y Roh Tae-woo<\/strong> fueron acusados de insurrecci\u00f3n y los fiscales solicitaron la pena de muerte y la cadena perpetua para Chun y Roh, respectivamente. Ambos acabaron recibiendo un indulto presidencial tras pasar aproximadamente dos a\u00f1os en prisi\u00f3n.<\/p>\n<p>La \u00faltima vez que Corea del Sur dict\u00f3 una sentencia de muerte fue en 2016, pero<strong> no ha ejecutado a nadie desde 1997<\/strong>.<\/p>\n<p>\t\tEl Constitucional de Corea del Sur destituye a Yoon como presidente por su ley marcial\t<\/p>\n","protected":false},"excerpt":{"rendered":"La Fiscal\u00eda surcoreana ha pedido este martes que el expresidente Yoon Suk-yeol sea condenado a la pena de&hellip;\n","protected":false},"author":2,"featured_media":338556,"comment_status":"","ping_status":"","sticky":false,"template":"","format":"standard","meta":{"footnotes":""},"categories":[42],"tags":[17,18,13,14,11,61,62,63,64,19,20,9,10,15,16,12,21,22,65,66,67],"class_list":{"0":"post-338555","1":"post","2":"type-post","3":"status-publish","4":"format-standard","5":"has-post-thumbnail","7":"category-internacional","8":"tag-breaking-news","9":"tag-breakingnews","10":"tag-featured-news","11":"tag-featurednews","12":"tag-headlines","13":"tag-internacional","14":"tag-international","15":"tag-international-news","16":"tag-internationalnews","17":"tag-latest-news","18":"tag-latestnews","19":"tag-news","20":"tag-noticias","21":"tag-noticias-destacadas","22":"tag-noticiasdestacadas","23":"tag-titulares","24":"tag-ultimas-noticias","25":"tag-ultimasnoticias","26":"tag-world","27":"tag-world-news","28":"tag-worldnews"},"share_on_mastodon":{"url":"https:\/\/pubeurope.com\/@es\/115888702253956176","error":""},"_links":{"self":[{"href":"https:\/\/www.europesays.com\/es\/wp-json\/wp\/v2\/posts\/338555","targetHints":{"allow":["GET"]}}],"collection":[{"href":"https:\/\/www.europesays.com\/es\/wp-json\/wp\/v2\/posts"}],"about":[{"href":"https:\/\/www.europesays.com\/es\/wp-json\/wp\/v2\/types\/post"}],"author":[{"embeddable":true,"href":"https:\/\/www.europesays.com\/es\/wp-json\/wp\/v2\/users\/2"}],"replies":[{"embeddable":true,"href":"https:\/\/www.europesays.com\/es\/wp-json\/wp\/v2\/comments?post=338555"}],"version-history":[{"count":0,"href":"https:\/\/www.europesays.com\/es\/wp-json\/wp\/v2\/posts\/338555\/revisions"}],"wp:featuredmedia":[{"embeddable":true,"href":"https:\/\/www.europesays.com\/es\/wp-json\/wp\/v2\/media\/338556"}],"wp:attachment":[{"href":"https:\/\/www.europesays.com\/es\/wp-json\/wp\/v2\/media?parent=338555"}],"wp:term":[{"taxonomy":"category","embeddable":true,"href":"https:\/\/www.europesays.com\/es\/wp-json\/wp\/v2\/categories?post=338555"},{"taxonomy":"post_tag","embeddable":true,"href":"https:\/\/www.europesays.com\/es\/wp-json\/wp\/v2\/tags?post=338555"}],"curies":[{"name":"wp","href":"https:\/\/api.w.org\/{rel}","templated":true}]}}