{"id":338572,"date":"2026-01-13T16:35:08","date_gmt":"2026-01-13T16:35:08","guid":{"rendered":"https:\/\/www.europesays.com\/es\/338572\/"},"modified":"2026-01-13T16:35:08","modified_gmt":"2026-01-13T16:35:08","slug":"el-hormiguero-aclara-si-can-yaman-podra-asistir-este-jueves-al-programa-tras-ser-detenido-en-estambul","status":"publish","type":"post","link":"https:\/\/www.europesays.com\/es\/338572\/","title":{"rendered":"&#8216;El Hormiguero&#8217; aclara si Can Yaman podr\u00e1 asistir este jueves al programa tras ser detenido en Estambul"},"content":{"rendered":"<p class=\"c-paragraph\">El popular actor turco <a href=\"https:\/\/www.20minutos.es\/tags\/personas\/can-yaman.html\" title=\"Can Yaman\" rel=\"nofollow noopener\" target=\"_blank\">Can Yaman<\/a>, protagonista de numerosas telenovelas, que fue detenido durante unas horas el s\u00e1bado pasado <b>en una redada policial en locales de ocio<\/b>, niega haber estado en posesi\u00f3n de drogas, informa este lunes la prensa turca.\u00a0<\/p>\n<p class=\"c-paragraph\">Yaman, <b>la conocida actriz Selen G\u00f6rg\u00fczel y otras cinco personas fueron detenidos<\/b> durante una redada de la polic\u00eda en diferentes lugares de ocio nocturno en Estambul en el marco de una operaci\u00f3n contra el consumo de drogas y trasladados a comisar\u00eda en la madrugada del s\u00e1bado.\u00a0<\/p>\n<p class=\"c-paragraph\">La misma noche del s\u00e1bado, <b>Yaman fue puesto en libertad sin cargos<\/b>, tras declarar y entregar muestras de sangre y pelo para un an\u00e1lisis, y poco despu\u00e9s vol\u00f3 a Italia, donde reside, seg\u00fan informaba el diario turco Milliyet.<\/p>\n<p class=\"c-paragraph\">El caso es que el actor es uno de los invitados anunciados para <a href=\"https:\/\/www.20minutos.es\/tags\/instituciones-empresas\/el-hormiguero.html\" title=\"El hormiguero\" rel=\"nofollow noopener\" target=\"_blank\">El Hormiguero<\/a> (Antena 3) <b>este jueves, por lo que qued\u00f3 en el aire si tras el incidente<\/b> Can Yaman podr\u00eda ser entrevistado por <a href=\"https:\/\/www.20minutos.es\/tags\/personas\/pablo-motos.html\" title=\"Pablo Motos\" rel=\"nofollow noopener\" target=\"_blank\">Pablo Motos<\/a>.\u00a0<\/p>\n<p class=\"c-paragraph\">Fuentes de la productora de El Hormiguero, 7 y Acci\u00f3n, han confirmado a este medio que<b> todo sigue seg\u00fan lo previsto <\/b>y que el conocido int\u00e9rprete de\u00a0Erkenci Kus (P\u00e1jaro so\u00f1ador).\u00a0<\/p>\n<p class=\"c-paragraph\">Can\u00a0Yaman acude a El Hormiguero para hablar de su papel como\u00a0protagonista de <b>El Turco<\/b><b>, la primera serie turca rodada en ingl\u00e9s, que se estrena en Movistar Plus+<\/b> el 15 de enero.\u00a0<\/p>\n","protected":false},"excerpt":{"rendered":"El popular actor turco Can Yaman, protagonista de numerosas telenovelas, que fue detenido durante unas horas el s\u00e1bado&hellip;\n","protected":false},"author":2,"featured_media":338573,"comment_status":"","ping_status":"","sticky":false,"template":"","format":"standard","meta":{"footnotes":""},"categories":[171],"tags":[2825,30536,146,147,25,24,17775,688,23,214,54594],"class_list":{"0":"post-338572","1":"post","2":"type-post","3":"status-publish","4":"format-standard","5":"has-post-thumbnail","7":"category-tv","8":"tag-aclara","9":"tag-can","10":"tag-entertainment","11":"tag-entretenimiento","12":"tag-es","13":"tag-espana","14":"tag-hormiguero","15":"tag-si","16":"tag-spain","17":"tag-tv","18":"tag-yaman"},"share_on_mastodon":{"url":"https:\/\/pubeurope.com\/@es\/115888765259513949","error":""},"_links":{"self":[{"href":"https:\/\/www.europesays.com\/es\/wp-json\/wp\/v2\/posts\/338572","targetHints":{"allow":["GET"]}}],"collection":[{"href":"https:\/\/www.europesays.com\/es\/wp-json\/wp\/v2\/posts"}],"about":[{"href":"https:\/\/www.europesays.com\/es\/wp-json\/wp\/v2\/types\/post"}],"author":[{"embeddable":true,"href":"https:\/\/www.europesays.com\/es\/wp-json\/wp\/v2\/users\/2"}],"replies":[{"embeddable":true,"href":"https:\/\/www.europesays.com\/es\/wp-json\/wp\/v2\/comments?post=338572"}],"version-history":[{"count":0,"href":"https:\/\/www.europesays.com\/es\/wp-json\/wp\/v2\/posts\/338572\/revisions"}],"wp:featuredmedia":[{"embeddable":true,"href":"https:\/\/www.europesays.com\/es\/wp-json\/wp\/v2\/media\/338573"}],"wp:attachment":[{"href":"https:\/\/www.europesays.com\/es\/wp-json\/wp\/v2\/media?parent=338572"}],"wp:term":[{"taxonomy":"category","embeddable":true,"href":"https:\/\/www.europesays.com\/es\/wp-json\/wp\/v2\/categories?post=338572"},{"taxonomy":"post_tag","embeddable":true,"href":"https:\/\/www.europesays.com\/es\/wp-json\/wp\/v2\/tags?post=338572"}],"curies":[{"name":"wp","href":"https:\/\/api.w.org\/{rel}","templated":true}]}}