{"id":338576,"date":"2026-01-13T16:37:08","date_gmt":"2026-01-13T16:37:08","guid":{"rendered":"https:\/\/www.europesays.com\/es\/338576\/"},"modified":"2026-01-13T16:37:08","modified_gmt":"2026-01-13T16:37:08","slug":"doomsday-es-el-primero-en-cruzar-heroes-de-marvel-asi-da-la-bienvenida-wakanda-a-los-4-fantasticos","status":"publish","type":"post","link":"https:\/\/www.europesays.com\/es\/338576\/","title":{"rendered":"Doomsday&#8217; es el primero en cruzar h\u00e9roes de Marvel. As\u00ed da la bienvenida Wakanda a los 4 Fant\u00e1sticos"},"content":{"rendered":"<p>En alg\u00fan lugar se han debido dar cuenta de que como si tuvieran que presentar a cada h\u00e9roe o grupo por separado tendr\u00edamos teasers hasta m\u00e1s all\u00e1 del estreno de la pel\u00edcula. Por eso, me he llevado una grata sorpresa al ver que el cuarto teaser de &#8216;<a class=\"text-outboundlink\" href=\"https:\/\/www.espinof.com\/todo-lo-que-sabemos\/vengadores-5-fecha-estreno-trailer-reparto-pelicula-superheroes-marvel\" data-vars-post-title=\"&#039;Vengadores: Doomsday&#039;, todo lo que sabemos de la pel\u00edcula de superh\u00e9roes de Marvel con el regreso de Robert Downey Jr y los hermanos Russo\" data-vars-post-url=\"https:\/\/www.espinof.com\/todo-lo-que-sabemos\/vengadores-5-fecha-estreno-trailer-reparto-pelicula-superheroes-marvel\" rel=\"nofollow noopener\" target=\"_blank\">Vengadores: Doomsday<\/a>&#8216; no solo hace relativo honor al n\u00famero <strong>sino que tambi\u00e9n cruza personajes<\/strong>.<\/p>\n<p>En un peque\u00f1o adelanto protagonizado por <strong>Shuri (Laetitia Wright)<\/strong> como Pantera negra en lo que se toca el m\u00e1s all\u00e1, la vida despu\u00e9s de la muerte, nos encontramos de pronto con una aparici\u00f3n especial ya que una delegaci\u00f3n de Wakanda, encabezada por <strong>M&#8217;Baku (Ben Winston)<\/strong>, recibe a nada menos que a <strong>Ben Grimm (Ebon Moss-Bachrach)<\/strong>, La Cosa de Los 4 Fant\u00e1sticos.<\/p>\n<p>Wakanda Four<\/p>\n<p>As\u00ed, este es el primer avance que cruza franquicias, despu\u00e9s de haber visto a <a class=\"text-outboundlink\" href=\"https:\/\/www.espinof.com\/trailers\/primer-teaser-vengadores-doomsday-no-que-nos-esperamos-asi-han-desvelado-regreso-uno-heroes-iconicos-marvel\" data-vars-post-title=\"El primer teaser tr\u00e1iler de &#039;Vengadores: Doomsday&#039; no es lo que nos esperamos. As\u00ed han desvelado el regreso de uno de los h\u00e9roes m\u00e1s ic\u00f3nicos de Marvel\" data-vars-post-url=\"https:\/\/www.espinof.com\/trailers\/primer-teaser-vengadores-doomsday-no-que-nos-esperamos-asi-han-desvelado-regreso-uno-heroes-iconicos-marvel\" rel=\"nofollow noopener\" target=\"_blank\">Steve Rogers<\/a>, <a class=\"text-outboundlink\" href=\"https:\/\/www.espinof.com\/trailers\/vengadores-doomsday-presenta-su-nuevo-e-intenso-trailer-marvel-trae-vuelta-a-version-seria-chris-hemsworth-como-thor\" data-vars-post-title=\"&#039;Vengadores Doomsday&#039; presenta su nuevo e intenso tr\u00e1iler: Marvel trae de vuelta a la versi\u00f3n seria de Chris Hemsworth como Thor \" data-vars-post-url=\"https:\/\/www.espinof.com\/trailers\/vengadores-doomsday-presenta-su-nuevo-e-intenso-trailer-marvel-trae-vuelta-a-version-seria-chris-hemsworth-como-thor\" rel=\"nofollow noopener\" target=\"_blank\">Thor\u00a0<\/a>y a <a class=\"text-outboundlink\" href=\"https:\/\/www.espinof.com\/trailers\/vuelven-x-men-vengadores-doomsday-nos-muestra-llegada-mutantes-al-universo-marvel-nuevo-teaser-trailer-espectacular\" data-vars-post-title=\"\u00a1Vuelven los X-Men! Marvel presenta la llegada de los mutantes a &#039;Vengadores: Doomsday&#039; en un nuevo teaser trailer espectacular\" data-vars-post-url=\"https:\/\/www.espinof.com\/trailers\/vuelven-x-men-vengadores-doomsday-nos-muestra-llegada-mutantes-al-universo-marvel-nuevo-teaser-trailer-espectacular\" rel=\"nofollow noopener\" target=\"_blank\">Xavier y Magneto<\/a> en sus respectivos teasers de la pel\u00edcula. E, imagino, no ser\u00e1 el \u00faltimo cruce sobre todo teniendo en cuenta que esta pel\u00edcula est\u00e1 pensada como un crossover de todos los h\u00e9roes del Universo Cinem\u00e1tico Marvel <strong>para hacer frente a la amenaza del Dr. Muerte<\/strong>.<\/p>\n<p>    <a href=\"https:\/\/www.espinof.com\/listas\/secret-wars-a-x-men-jovenes-vengadores-todas-tramas-abiertas-marvel-futuro-al-que-nos-va-a-llevar\" class=\"pivot-outboundlink\" data-vars-post-title=\"De &#039;X-Men&#039; a &#039;Secret Wars&#039;: c\u00f3mo &#039;Ms. Marvel&#039; ha ampliado las tramas abiertas del MCU y confirmado pistas del futuro al que nos van a llevar\" rel=\"nofollow noopener\" target=\"_blank\"><br \/>\n     <img loading=\"lazy\" decoding=\"async\" alt=\"De 'X-Men' a 'Secret Wars': c\u00f3mo 'Ms. Marvel' ha ampliado las tramas abiertas del MCU y confirmado pistas del futuro al que nos van a llevar\" width=\"375\" height=\"142\" src=\"https:\/\/www.europesays.com\/es\/wp-content\/uploads\/2026\/01\/1768322228_904_375_142.jpeg\"\/><br \/>\n    <\/a><\/p>\n<p>M\u00e1s all\u00e1 de eso el argumento de la pel\u00edcula es uno de los secretos mejor guardados del cine de superh\u00e9roes, lo que no quiere decir que los fans no tengamos teor\u00edas bastante fundamentadas <strong>sobre lo que han montado los hermanos Russo<\/strong>. Si hemos acertado o no lo sabremos el 18 de diciembre de 2026, fecha del estreno.<\/p>\n<p>En Espinof |\u00a0<a class=\"text-outboundlink\" href=\"https:\/\/www.espinof.com\/listas\/8-peliculas-marvel-aclamadas-critica\" data-vars-post-title=\"Las 8 pel\u00edculas de Marvel m\u00e1s aclamadas por la cr\u00edtica\" data-vars-post-url=\"https:\/\/www.espinof.com\/listas\/8-peliculas-marvel-aclamadas-critica\" rel=\"nofollow noopener\" target=\"_blank\">Las 8 pel\u00edculas de Marvel m\u00e1s aclamadas por la cr\u00edtica<\/a><\/p>\n<p>En Espinof |\u00a0<a class=\"text-outboundlink\" href=\"https:\/\/www.espinof.com\/listas\/publico-elige-7-mejores-peliculas-superheroes-historia-hay-4-universo-cinematografico-marvel-0-dc\" data-vars-post-title=\"El p\u00fablico elige las 7 mejores pel\u00edculas de superh\u00e9roes de la historia. Hay 4 del Universo Marvel y 0 de DC\" data-vars-post-url=\"https:\/\/www.espinof.com\/listas\/publico-elige-7-mejores-peliculas-superheroes-historia-hay-4-universo-cinematografico-marvel-0-dc\" rel=\"nofollow noopener\" target=\"_blank\">El p\u00fablico elige las 7 mejores pel\u00edculas de superh\u00e9roes de la historia. Hay 4 del Universo Marvel y 0 de DC<\/a><\/p>\n","protected":false},"excerpt":{"rendered":"En alg\u00fan lugar se han debido dar cuenta de que como si tuvieran que presentar a cada h\u00e9roe&hellip;\n","protected":false},"author":2,"featured_media":338577,"comment_status":"","ping_status":"","sticky":false,"template":"","format":"standard","meta":{"footnotes":""},"categories":[169],"tags":[177,146,147,25,24,176,175,23],"class_list":{"0":"post-338576","1":"post","2":"type-post","3":"status-publish","4":"format-standard","5":"has-post-thumbnail","7":"category-cine","8":"tag-cine","9":"tag-entertainment","10":"tag-entretenimiento","11":"tag-es","12":"tag-espana","13":"tag-film","14":"tag-movies","15":"tag-spain"},"share_on_mastodon":{"url":"https:\/\/pubeurope.com\/@es\/115888773247823632","error":""},"_links":{"self":[{"href":"https:\/\/www.europesays.com\/es\/wp-json\/wp\/v2\/posts\/338576","targetHints":{"allow":["GET"]}}],"collection":[{"href":"https:\/\/www.europesays.com\/es\/wp-json\/wp\/v2\/posts"}],"about":[{"href":"https:\/\/www.europesays.com\/es\/wp-json\/wp\/v2\/types\/post"}],"author":[{"embeddable":true,"href":"https:\/\/www.europesays.com\/es\/wp-json\/wp\/v2\/users\/2"}],"replies":[{"embeddable":true,"href":"https:\/\/www.europesays.com\/es\/wp-json\/wp\/v2\/comments?post=338576"}],"version-history":[{"count":0,"href":"https:\/\/www.europesays.com\/es\/wp-json\/wp\/v2\/posts\/338576\/revisions"}],"wp:featuredmedia":[{"embeddable":true,"href":"https:\/\/www.europesays.com\/es\/wp-json\/wp\/v2\/media\/338577"}],"wp:attachment":[{"href":"https:\/\/www.europesays.com\/es\/wp-json\/wp\/v2\/media?parent=338576"}],"wp:term":[{"taxonomy":"category","embeddable":true,"href":"https:\/\/www.europesays.com\/es\/wp-json\/wp\/v2\/categories?post=338576"},{"taxonomy":"post_tag","embeddable":true,"href":"https:\/\/www.europesays.com\/es\/wp-json\/wp\/v2\/tags?post=338576"}],"curies":[{"name":"wp","href":"https:\/\/api.w.org\/{rel}","templated":true}]}}