{"id":338584,"date":"2026-01-13T16:41:05","date_gmt":"2026-01-13T16:41:05","guid":{"rendered":"https:\/\/www.europesays.com\/es\/338584\/"},"modified":"2026-01-13T16:41:05","modified_gmt":"2026-01-13T16:41:05","slug":"apple-presenta-creator-studio-un-todo-en-uno-para-creativos-que-apuesta-por-cobrarte-mes-a-mes-a-cambio-de-apps-e-inteligencia-artificial-applesfera","status":"publish","type":"post","link":"https:\/\/www.europesays.com\/es\/338584\/","title":{"rendered":"Apple presenta &#039;Creator Studio&#039;: un todo en uno para creativos que apuesta por cobrarte mes a mes a cambio de apps e inteligencia artificial &#8211; Applesfera"},"content":{"rendered":"<ol>\n<li><a href=\"https:\/\/news.google.com\/rss\/articles\/CBMi-wFBVV95cUxQTkFaMnQ1S1VGYjFJeEpmWDBCRzVsM3lCd3ZfYkM0a0ROcGpKSTVjWXZHWjFfVldzb1prZU5LU0xQTVNNR3RwOXRNeEJucW14Q2ZKanlIYVJIZUs1NWFocGVYMEtoVGpvY1NxemtLY3F2TGUzRzhLa29pdkJLLWF5VzdOU3gxYkpGZi1SdHRwblU4VkxqdEhlTTZJUlVpeGxuT01EWjg5R1Q1OGFBRE9VSHVyeG9QUFlPYm9ZV19NZE51RGVsQTNfQVVlcDJjUVFMcDMtTHh6MzhfSThBeV9zUHI0b0ctSEt0cmFCYWl6aDBHUzNHZlB0OU9vdw?oc=5\" target=\"_blank\" rel=\"nofollow noopener\">Apple presenta &#8216;Creator Studio&#8217;: un todo en uno para creativos que apuesta por cobrarte mes a mes a cambio de apps e inteligencia artificial<\/a>&nbsp;&nbsp;Applesfera<\/li>\n<li><a href=\"https:\/\/news.google.com\/rss\/articles\/CBMiwwFBVV95cUxPaFVsdXV4WTV5OGtaZlBhbHIwaVlldGstd0VSVmxUaWg2MUg2WGdndGtUcTJiWkhGY1NGV2djLUlhT0hTSUExaWo1RmRDdXZ0N3FyUWlZRlprQ3RpTENGUml2SHlDM1RPeklTdmhvTlY4UVEwbk9HeTJyajRBTVZYMnBjRGJ1RGRtWHVvc3dtenFsZzNBVDFiemJLSlhsX04yOWZYTnI1NGQ5NTZBMVpZX3dQQURfeTQ1Nk5MS3RoUFhsSDA?oc=5\" target=\"_blank\" rel=\"nofollow noopener\">Apple lanzar\u00e1 Creator Studio con aplicaciones creativas profesionales<\/a>&nbsp;&nbsp;Investing.com Espa\u00f1ol<\/li>\n<li><a href=\"https:\/\/news.google.com\/rss\/articles\/CBMiqAFBVV95cUxPc2ZJaWNQQndUcURfUVhoeTdneFhmeW1nZGVmVFlqOXZNMk5oQi1yU01ZX1NocnYtU3kwZWhWb1hKSmZGRHV6NFBPSkFFancyMGVQbUJETjFQZzRjQUctS2Z6RmVZV0dVQklHZUM0aTJhVV8yLXBJd2VpdGRtX2ZnNlF2WGJPelZYQTdDdHZPU2o5Mlc2WjdjNF85LVZ2WkdJTlNEUGh0RmPSAagBQVVfeXFMTXR5Wi04aVlHakRNQVhoZW80Y1ZSY0cyMzJ4Wm0wdTN1TXZBc3I5Nm55SF9wSHYwY3hDaDdpY044bzZwY0hXckxVYl9HVlp2ZVQ2NUlLM09ZS3g1eGItQ3lncXFDWUpGU19fbUc4MHhkU2tmVWFhOXp4dGJxbXdlTGRzSVNiUzNReUg3RFg0eWhTNnlpZzhFUWltcEUxQnRfYXdIUGJuUE56?oc=5\" target=\"_blank\" rel=\"nofollow noopener\">Apple re\u00fane sus herramientas creativas en una \u00fanica colecci\u00f3n<\/a>&nbsp;&nbsp;El Peri\u00f3dico<\/li>\n<li><a href=\"https:\/\/news.google.com\/rss\/articles\/CBMigwFBVV95cUxPUjFUQ2dVUU9OUzBHd3lMdGtqRmxRTWFWSFRSTnhlU0pzX2s5QkJMMDYxenozRWswV3ljS2x6M3VCUW90UndZdGFWOXl1aDFiMnlGWXlqU2pRejhKRGJYXy1URFEwN1daNGRuazBXUFAzdFV6ZmxQN0xYb3RMaGRJNEFPSdIBgwFBVV95cUxQdlpuT3NvSlo2QkV3OGVhZG43RUltcFJwMTVKSXVqZmN5NXRhUF9YV3RKemJ1VjNiUkJUeUVZclp4WFF4a0FieFozZmFJdERVUmpyOXRpWXIxbDA5SkRQZjFkYnVtN09qSlpieUlKcm9RYnhzTGhOQ0NRQXk1OWZ6Y280VQ?oc=5\" target=\"_blank\" rel=\"nofollow noopener\">Apple lanza Creator Studio, una nueva suscripci\u00f3n a &#8216;apps&#8217; para profesionales<\/a>&nbsp;&nbsp;Expansi\u00f3n<\/li>\n<li><a href=\"https:\/\/news.google.com\/rss\/articles\/CBMilgFBVV95cUxPYVVOd0tpWGRGdkRieEtxR2NRTVIzRWZwcVpDbE8wSk9JakUxbXVVTjBObldpa196SERSS1doOGVzTjVBVU8tNkdhelN2V1g5N2wzd3hfd3J5UTBQOG8wUTlyQUY3TktLV01LSVI0MkpFTk11YVEwQXUtVUR2cm85aE9RZkFJVEZodWI0QVYwZC11aVpWVWc?oc=5\" target=\"_blank\" rel=\"nofollow noopener\">Apple Creator Studio: suite creativa con IA avanzado de Apple<\/a>&nbsp;&nbsp;El Ecosistema Startup<\/li>\n<\/ol>\n","protected":false},"excerpt":{"rendered":"Apple presenta &#8216;Creator Studio&#8217;: un todo en uno para creativos que apuesta por cobrarte mes a mes a&hellip;\n","protected":false},"author":2,"featured_media":338026,"comment_status":"","ping_status":"","sticky":false,"template":"","format":"standard","meta":{"footnotes":""},"categories":[81],"tags":[119,123,124,25,24,117,121,122,23,118,120],"class_list":{"0":"post-338584","1":"post","2":"type-post","3":"status-publish","4":"format-standard","5":"has-post-thumbnail","7":"category-ciencia-y-tecnologia","8":"tag-ciencia","9":"tag-ciencia-y-tecnologia","10":"tag-cienciaytecnologia","11":"tag-es","12":"tag-espana","13":"tag-science","14":"tag-science-and-technology","15":"tag-scienceandtechnology","16":"tag-spain","17":"tag-technology","18":"tag-tecnologia"},"share_on_mastodon":{"url":"https:\/\/pubeurope.com\/@es\/115888788879118318","error":""},"_links":{"self":[{"href":"https:\/\/www.europesays.com\/es\/wp-json\/wp\/v2\/posts\/338584","targetHints":{"allow":["GET"]}}],"collection":[{"href":"https:\/\/www.europesays.com\/es\/wp-json\/wp\/v2\/posts"}],"about":[{"href":"https:\/\/www.europesays.com\/es\/wp-json\/wp\/v2\/types\/post"}],"author":[{"embeddable":true,"href":"https:\/\/www.europesays.com\/es\/wp-json\/wp\/v2\/users\/2"}],"replies":[{"embeddable":true,"href":"https:\/\/www.europesays.com\/es\/wp-json\/wp\/v2\/comments?post=338584"}],"version-history":[{"count":0,"href":"https:\/\/www.europesays.com\/es\/wp-json\/wp\/v2\/posts\/338584\/revisions"}],"wp:featuredmedia":[{"embeddable":true,"href":"https:\/\/www.europesays.com\/es\/wp-json\/wp\/v2\/media\/338026"}],"wp:attachment":[{"href":"https:\/\/www.europesays.com\/es\/wp-json\/wp\/v2\/media?parent=338584"}],"wp:term":[{"taxonomy":"category","embeddable":true,"href":"https:\/\/www.europesays.com\/es\/wp-json\/wp\/v2\/categories?post=338584"},{"taxonomy":"post_tag","embeddable":true,"href":"https:\/\/www.europesays.com\/es\/wp-json\/wp\/v2\/tags?post=338584"}],"curies":[{"name":"wp","href":"https:\/\/api.w.org\/{rel}","templated":true}]}}