{"id":338585,"date":"2026-01-13T16:42:09","date_gmt":"2026-01-13T16:42:09","guid":{"rendered":"https:\/\/www.europesays.com\/es\/338585\/"},"modified":"2026-01-13T16:42:09","modified_gmt":"2026-01-13T16:42:09","slug":"el-aeropuerto-de-el-prat-cerro-2025-con-575-millones-de-pasajeros-por-encima-de-su-limite-teorico-noticias-de-cataluna","status":"publish","type":"post","link":"https:\/\/www.europesays.com\/es\/338585\/","title":{"rendered":"El aeropuerto de El Prat cerr\u00f3 2025 con 57,5 millones de pasajeros, por encima de su l\u00edmite te\u00f3rico | Noticias de Catalu\u00f1a"},"content":{"rendered":"<p class=\"\">El aeropuerto de El Prat cerr\u00f3 2025 con un nuevo r\u00e9cord de afluencia de pasajeros, que ya le sit\u00faa m\u00e1s all\u00e1 de su l\u00edmite te\u00f3rico de capacidad, establecido en 55 millones de personas. Seg\u00fan los datos publicados este martes por el gestor aeroportuario Aena, por El Prat pasaron el a\u00f1o pasado 57,5 millones de pasajeros, un 4,4% m\u00e1s que el a\u00f1o anterior y 2,5 millones por encima de su tope te\u00f3rico. <\/p>\n<p class=\"\">Este l\u00edmite de capacidad es uno de los argumentos que sustentan la reclamaci\u00f3n para ampliar las instalaciones, siendo el otro la necesidad de alargar una pista que sea capaz de acoger aviones intercontinentales. A la espera de que las obras de ampliaci\u00f3n se lleven a cabo \u2014en junio <a href=\"https:\/\/elpais.com\/economia\/2025-06-10\/la-generalitat-cierra-con-aena-una-inversion-de-mas-de-3000-millones-para-ampliar-el-aeropuerto-de-barcelona.html\" target=\"_self\" rel=\"nofollow noopener\" title=\"https:\/\/elpais.com\/economia\/2025-06-10\/la-generalitat-cierra-con-aena-una-inversion-de-mas-de-3000-millones-para-ampliar-el-aeropuerto-de-barcelona.html\">la Generalitat y Aena cerraron una inversi\u00f3n de 3.000 millones para ello<\/a>, que zanj\u00f3 a\u00f1os de discrepancias <a href=\"https:\/\/elpais.com\/espana\/catalunya\/2026-01-10\/el-aeropuerto-del-prat-derribara-varias-de-sus-edificaciones-para-reconvertirlas-en-espacio-natural.html\" target=\"_self\" rel=\"nofollow noopener\" title=\"https:\/\/elpais.com\/espana\/catalunya\/2026-01-10\/el-aeropuerto-del-prat-derribara-varias-de-sus-edificaciones-para-reconvertirlas-en-espacio-natural.html\">por el rechazo de los ecologistas<\/a> a las obras\u2014, el aeropuerto es capaz de seguir creciendo m\u00e1s all\u00e1 de su l\u00edmite. Seg\u00fan explica Aena, lo har\u00e1, y lo ha hecho ya este a\u00f1o pasado, aprovechando las franjas horarias menos frecuentadas y desestacionalizando la actividad a lo largo del a\u00f1o. El crecimiento de El Prat es incluso superior al de Barajas, que creci\u00f3 un 3% hasta los 68,1 millones de pasajeros.<\/p>\n<p class=\"\">El aumento de los pasajeros en 2025 se debe principalmente a la afluencia de viajeros en vuelos internacionales, que incrementaron un 6,2% hasta los 43,2 millones de personas. Los viajeros en vuelos nacionales descendieron un 0,6%, hasta los 14,1 millones. En 2025 tambi\u00e9n aumentaron las operaciones totales, que pasaron de 347.977 a 360.786 en un a\u00f1o. El Prat tambi\u00e9n ha superado su r\u00e9cord en cuanto a vuelos de carga: el volumen de mercanc\u00edas fue de 200.741 toneladas en 2025, un 10,5% m\u00e1s que el a\u00f1o anterior. <\/p>\n<p class=\"\">El cierre del a\u00f1o <a href=\"https:\/\/elpais.com\/espana\/catalunya\/2025-08-13\/un-julio-de-record-con-55-millones-de-pasajeros-pone-presion-a-la-ampliacion-del-aeropuerto-de-barcelona.html\" target=\"_self\" rel=\"nofollow noopener\" title=\"https:\/\/elpais.com\/espana\/catalunya\/2025-08-13\/un-julio-de-record-con-55-millones-de-pasajeros-pone-presion-a-la-ampliacion-del-aeropuerto-de-barcelona.html\">ya se preve\u00eda de r\u00e9cord a medidos de 2025<\/a>, y se rubric\u00f3 con un diciembre muy productivo para el aeropuerto barcelon\u00e9s: en viajeros se registr\u00f3 un r\u00e9cord mensual de 4,3 millones de usuarios (un 5,8% m\u00e1s que en diciembre del a\u00f1o anterior), y en carga se registraron 17.341 toneladas, un 17,1 % m\u00e1s, y la cifra m\u00e1s alta nunca registrada en un mes de diciembre. <\/p>\n<p class=\"\">Adem\u00e1s del aeropuerto Josep Tarradellas Barcelona-El Prat, los dem\u00e1s aeropuertos de Catalu\u00f1a tambi\u00e9n mejoraron sus estad\u00edsticas. El de Girona-Costa Brava registr\u00f3 2,18 millones de pasajeros (un 9,4% m\u00e1s), el de Reus 1,33 millones de pasajeros (un 13,1% m\u00e1s) y el de Sabadell 4.899 viajeros y m\u00e1s de 62.000 operaciones, un 6,2% m\u00e1s. <\/p>\n<p class=\"\">Las inversiones previstas por Aena en El Prat, por valor de 3.000 millones, fueron acordadas en junio y presentadas en septiembre, <a href=\"https:\/\/elpais.com\/espana\/catalunya\/2025-09-30\/la-ampliacion-del-aeropuerto-de-barcelona-empezara-por-la-t1-derribo-de-una-torre-de-control-y-la-fachada-se-desplaza-38-metros.html\" target=\"_self\" rel=\"nofollow noopener\" title=\"https:\/\/elpais.com\/espana\/catalunya\/2025-09-30\/la-ampliacion-del-aeropuerto-de-barcelona-empezara-por-la-t1-derribo-de-una-torre-de-control-y-la-fachada-se-desplaza-38-metros.html\">y prev\u00e9n varias actuaciones<\/a>. La mayor\u00eda de las cuales tendr\u00e1n lugar a partir de 2031. Las obras incluir\u00e1n la ampliaci\u00f3n de la tercera pista de El Prat y la construcci\u00f3n de una nueva terminal sat\u00e9lite, as\u00ed como la \u201creconfiguraci\u00f3n\u201d de las terminales T1 y T2. Para ejecutar esos trabajos debe aprobarse un Plan Director, donde se establecer\u00e1 la evaluaci\u00f3n, con car\u00e1cter vinculante, del ajuste en emisiones de gases invernadero a los objetivos de descarbonizaci\u00f3n que determina la legislaci\u00f3n comunitaria. <\/p>\n","protected":false},"excerpt":{"rendered":"El aeropuerto de El Prat cerr\u00f3 2025 con un nuevo r\u00e9cord de afluencia de pasajeros, que ya le&hellip;\n","protected":false},"author":2,"featured_media":124568,"comment_status":"","ping_status":"","sticky":false,"template":"","format":"standard","meta":{"footnotes":""},"categories":[80],"tags":[5157,1161,210,82,1980,95,94,25,24,15864,23],"class_list":{"0":"post-338585","1":"post","2":"type-post","3":"status-publish","4":"format-standard","5":"has-post-thumbnail","7":"category-economia","8":"tag-aeropuerto-el-prat","9":"tag-aeropuertos","10":"tag-barcelona","11":"tag-business","12":"tag-cataluna","13":"tag-economia","14":"tag-economy","15":"tag-es","16":"tag-espana","17":"tag-pasajeros","18":"tag-spain"},"share_on_mastodon":{"url":"https:\/\/pubeurope.com\/@es\/115888792796928835","error":""},"_links":{"self":[{"href":"https:\/\/www.europesays.com\/es\/wp-json\/wp\/v2\/posts\/338585","targetHints":{"allow":["GET"]}}],"collection":[{"href":"https:\/\/www.europesays.com\/es\/wp-json\/wp\/v2\/posts"}],"about":[{"href":"https:\/\/www.europesays.com\/es\/wp-json\/wp\/v2\/types\/post"}],"author":[{"embeddable":true,"href":"https:\/\/www.europesays.com\/es\/wp-json\/wp\/v2\/users\/2"}],"replies":[{"embeddable":true,"href":"https:\/\/www.europesays.com\/es\/wp-json\/wp\/v2\/comments?post=338585"}],"version-history":[{"count":0,"href":"https:\/\/www.europesays.com\/es\/wp-json\/wp\/v2\/posts\/338585\/revisions"}],"wp:featuredmedia":[{"embeddable":true,"href":"https:\/\/www.europesays.com\/es\/wp-json\/wp\/v2\/media\/124568"}],"wp:attachment":[{"href":"https:\/\/www.europesays.com\/es\/wp-json\/wp\/v2\/media?parent=338585"}],"wp:term":[{"taxonomy":"category","embeddable":true,"href":"https:\/\/www.europesays.com\/es\/wp-json\/wp\/v2\/categories?post=338585"},{"taxonomy":"post_tag","embeddable":true,"href":"https:\/\/www.europesays.com\/es\/wp-json\/wp\/v2\/tags?post=338585"}],"curies":[{"name":"wp","href":"https:\/\/api.w.org\/{rel}","templated":true}]}}