{"id":338590,"date":"2026-01-13T16:46:20","date_gmt":"2026-01-13T16:46:20","guid":{"rendered":"https:\/\/www.europesays.com\/es\/338590\/"},"modified":"2026-01-13T16:46:20","modified_gmt":"2026-01-13T16:46:20","slug":"atencion-a-la-ciudadania-del-departamento-de-licencias-e-inspeccion-de-horta-guinardo-distrito-de-horta-guinardo","status":"publish","type":"post","link":"https:\/\/www.europesays.com\/es\/338590\/","title":{"rendered":"Atenci\u00f3n a la Ciudadan\u00eda del Departamento de Licencias e Inspecci\u00f3n de Horta-Guinard\u00f3 | Distrito de Horta-Guinard\u00f3"},"content":{"rendered":"<p>La <strong>atenci\u00f3n presencial sin cita previa<\/strong> del <strong>Departamento de Licencias e Inspecci\u00f3n<\/strong> del Distrito de Horta-Guinard\u00f3 se hace en el edificio de los jardines del Baix Guinard\u00f3, en la <strong>calle de Lepanto, 385-387<\/strong>, en la <strong>planta 1<\/strong>, entrando desde la calle, por la puerta de la izquierda, delante del OAC. Concretamente, hay atenci\u00f3n presencial los <strong>martes, entre las 9.30 y las 13.30 h<\/strong>.<\/p>\n<p>Tambi\u00e9n se puede recibir atenci\u00f3n <strong>por tel\u00e9fono.<\/strong> En este caso, <strong>hace falta cita previa<\/strong>, que se puede pedir <a href=\"https:\/\/seuelectronica.ajuntament.barcelona.cat\/oficinavirtual\/ca\/tramit\/20080001035\" rel=\"nofollow noopener\" target=\"_blank\">a trav\u00e9s de la Oficina Virtual de Tr\u00e1mites<\/a>.<\/p>\n","protected":false},"excerpt":{"rendered":"La atenci\u00f3n presencial sin cita previa del Departamento de Licencias e Inspecci\u00f3n del Distrito de Horta-Guinard\u00f3 se hace&hellip;\n","protected":false},"author":2,"featured_media":338591,"comment_status":"","ping_status":"","sticky":false,"template":"","format":"standard","meta":{"footnotes":""},"categories":[5],"tags":[17,18,25,24,13,14,11,19,20,9,10,15,16,23,12,21,22],"class_list":{"0":"post-338590","1":"post","2":"type-post","3":"status-publish","4":"format-standard","5":"has-post-thumbnail","7":"category-titulares","8":"tag-breaking-news","9":"tag-breakingnews","10":"tag-es","11":"tag-espana","12":"tag-featured-news","13":"tag-featurednews","14":"tag-headlines","15":"tag-latest-news","16":"tag-latestnews","17":"tag-news","18":"tag-noticias","19":"tag-noticias-destacadas","20":"tag-noticiasdestacadas","21":"tag-spain","22":"tag-titulares","23":"tag-ultimas-noticias","24":"tag-ultimasnoticias"},"share_on_mastodon":{"url":"https:\/\/pubeurope.com\/@es\/115888808438336618","error":""},"_links":{"self":[{"href":"https:\/\/www.europesays.com\/es\/wp-json\/wp\/v2\/posts\/338590","targetHints":{"allow":["GET"]}}],"collection":[{"href":"https:\/\/www.europesays.com\/es\/wp-json\/wp\/v2\/posts"}],"about":[{"href":"https:\/\/www.europesays.com\/es\/wp-json\/wp\/v2\/types\/post"}],"author":[{"embeddable":true,"href":"https:\/\/www.europesays.com\/es\/wp-json\/wp\/v2\/users\/2"}],"replies":[{"embeddable":true,"href":"https:\/\/www.europesays.com\/es\/wp-json\/wp\/v2\/comments?post=338590"}],"version-history":[{"count":0,"href":"https:\/\/www.europesays.com\/es\/wp-json\/wp\/v2\/posts\/338590\/revisions"}],"wp:featuredmedia":[{"embeddable":true,"href":"https:\/\/www.europesays.com\/es\/wp-json\/wp\/v2\/media\/338591"}],"wp:attachment":[{"href":"https:\/\/www.europesays.com\/es\/wp-json\/wp\/v2\/media?parent=338590"}],"wp:term":[{"taxonomy":"category","embeddable":true,"href":"https:\/\/www.europesays.com\/es\/wp-json\/wp\/v2\/categories?post=338590"},{"taxonomy":"post_tag","embeddable":true,"href":"https:\/\/www.europesays.com\/es\/wp-json\/wp\/v2\/tags?post=338590"}],"curies":[{"name":"wp","href":"https:\/\/api.w.org\/{rel}","templated":true}]}}