{"id":33860,"date":"2025-08-08T13:08:10","date_gmt":"2025-08-08T13:08:10","guid":{"rendered":"https:\/\/www.europesays.com\/es\/33860\/"},"modified":"2025-08-08T13:08:10","modified_gmt":"2025-08-08T13:08:10","slug":"evacuada-de-urgencia-y-en-helicoptero-una-pasajera-del-disney-fantasy-tras-partir-de-vigo","status":"publish","type":"post","link":"https:\/\/www.europesays.com\/es\/33860\/","title":{"rendered":"Evacuada de urgencia y en helic\u00f3ptero una pasajera del \u00abDisney Fantasy\u00bb tras partir de Vigo"},"content":{"rendered":"<p class=\"ft-text\">La tarde ayer part\u00eda de Vigo<strong> <\/strong><a href=\"https:\/\/www.farodevigo.es\/gran-vigo\/2025\/07\/28\/fantasia-disney-atraca-puerto-vigo-120125279.html\" class=\"ft-link ft-link--decoration\" rel=\"nofollow noopener\" target=\"_blank\"><strong>el crucero <\/strong><\/a><a href=\"https:\/\/www.farodevigo.es\/gran-vigo\/2025\/07\/28\/fantasia-disney-atraca-puerto-vigo-120125279.html\" class=\"ft-link ft-link--decoration\" rel=\"nofollow noopener\" target=\"_blank\"><strong>Disney Fantasy<\/strong><\/a>tras hacer escala en la ciudad. Poco despu\u00e9s, cuando navegaba a la altura de Porto do Son, tuvo que desembarcar de urgencia a una de sus pasajeras, que fue evacuada en un helic\u00f3ptero de Salvamento Mar\u00edtimo a un centro hospitalario.<\/p>\n<p class=\"ft-text\">La mujer, de 79 a\u00f1os, fue trasladada al Complejo Hospitalario Universitario de A Coru\u00f1a, precisamente<strong> la siguiente ciudad en la que deb\u00eda recalar el buque<\/strong>, que atrac\u00f3 all\u00ed de madrugada.<\/p>\n<p class=\"ft-text\">La evacuaci\u00f3n, <a href=\"https:\/\/www.farodevigo.es\/mar\/2023\/04\/10\/evacuan-helicoptero-tripulante-pesquero-16-85839031.html\" class=\"ft-link ft-link--decoration\" rel=\"nofollow noopener\" target=\"_blank\"><strong>realizada por el <\/strong><\/a><a href=\"https:\/\/www.farodevigo.es\/mar\/2023\/04\/10\/evacuan-helicoptero-tripulante-pesquero-16-85839031.html\" class=\"ft-link ft-link--decoration\" rel=\"nofollow noopener\" target=\"_blank\"><strong>Helimer 402<\/strong><\/a>, tuvo lugar a las 22:55, cuando el crucero <strong>se encontraba a 25 millas de Porto do Son<\/strong>. Algo menos de una hora despu\u00e9s, aterrizaba en el aeropuerto de Alvedro, donde le esperaba una ambulancia que la traslad\u00f3 al Chuac.<\/p>\n<p class=\"ft-text\">La operaci\u00f3n fue gestionada por el Centro de Coordinaci\u00f3n de Salvamento Mar\u00edtimo de Fisterra.<\/p>\n","protected":false},"excerpt":{"rendered":"La tarde ayer part\u00eda de Vigo el crucero Disney Fantasytras hacer escala en la ciudad. Poco despu\u00e9s, cuando&hellip;\n","protected":false},"author":2,"featured_media":33861,"comment_status":"","ping_status":"","sticky":false,"template":"","format":"standard","meta":{"footnotes":""},"categories":[8],"tags":[17,18,1060,25,24,17340,13,14,11,11442,19,20,9,10,15,16,17341,17343,17342,23,12,21,22,9849],"class_list":["post-33860","post","type-post","status-publish","format-standard","has-post-thumbnail","category-espana","tag-breaking-news","tag-breakingnews","tag-disney","tag-es","tag-espana","tag-evacuada","tag-featured-news","tag-featurednews","tag-headlines","tag-helicoptero","tag-latest-news","tag-latestnews","tag-news","tag-noticias","tag-noticias-destacadas","tag-noticiasdestacadas","tag-pasajera","tag-porto-do-son","tag-salvamento-maritimo","tag-spain","tag-titulares","tag-ultimas-noticias","tag-ultimasnoticias","tag-urgencia"],"share_on_mastodon":{"url":"","error":""},"_links":{"self":[{"href":"https:\/\/www.europesays.com\/es\/wp-json\/wp\/v2\/posts\/33860","targetHints":{"allow":["GET"]}}],"collection":[{"href":"https:\/\/www.europesays.com\/es\/wp-json\/wp\/v2\/posts"}],"about":[{"href":"https:\/\/www.europesays.com\/es\/wp-json\/wp\/v2\/types\/post"}],"author":[{"embeddable":true,"href":"https:\/\/www.europesays.com\/es\/wp-json\/wp\/v2\/users\/2"}],"replies":[{"embeddable":true,"href":"https:\/\/www.europesays.com\/es\/wp-json\/wp\/v2\/comments?post=33860"}],"version-history":[{"count":0,"href":"https:\/\/www.europesays.com\/es\/wp-json\/wp\/v2\/posts\/33860\/revisions"}],"wp:featuredmedia":[{"embeddable":true,"href":"https:\/\/www.europesays.com\/es\/wp-json\/wp\/v2\/media\/33861"}],"wp:attachment":[{"href":"https:\/\/www.europesays.com\/es\/wp-json\/wp\/v2\/media?parent=33860"}],"wp:term":[{"taxonomy":"category","embeddable":true,"href":"https:\/\/www.europesays.com\/es\/wp-json\/wp\/v2\/categories?post=33860"},{"taxonomy":"post_tag","embeddable":true,"href":"https:\/\/www.europesays.com\/es\/wp-json\/wp\/v2\/tags?post=33860"}],"curies":[{"name":"wp","href":"https:\/\/api.w.org\/{rel}","templated":true}]}}