{"id":338606,"date":"2026-01-13T17:00:07","date_gmt":"2026-01-13T17:00:07","guid":{"rendered":"https:\/\/www.europesays.com\/es\/338606\/"},"modified":"2026-01-13T17:00:07","modified_gmt":"2026-01-13T17:00:07","slug":"bts-anuncia-conciertos-en-madrid-para-2026-fechas-donde-y-cuando-comprar-las-entradas-del-tour","status":"publish","type":"post","link":"https:\/\/www.europesays.com\/es\/338606\/","title":{"rendered":"BTS anuncia conciertos en Madrid para 2026: fechas, d\u00f3nde y cu\u00e1ndo comprar las entradas del tour"},"content":{"rendered":"<p><b>\u00a1<\/b><a href=\"https:\/\/los40.com\/2026\/01\/04\/bts-prepara-su-regreso-a-los-escenarios-con-un-tour-mundial-para-presentar-su-quinto-disco\/\" target=\"_blank\" rel=\"noreferrer nofollow noopener\" title=\"https:\/\/los40.com\/2026\/01\/04\/bts-prepara-su-regreso-a-los-escenarios-con-un-tour-mundial-para-presentar-su-quinto-disco\/\"><b>BTS<\/b><\/a><b> vuelve a los escenarios por todo lo alto!<\/b> La noticia ha puesto patas arriba a sus millones de fans de todo el planeta. La reconocida <a href=\"https:\/\/los40.com\/2026\/01\/04\/bts-prepara-su-regreso-a-los-escenarios-con-un-tour-mundial-para-presentar-su-quinto-disco\/\" target=\"_blank\" rel=\"noreferrer nofollow noopener\" title=\"https:\/\/los40.com\/2026\/01\/04\/bts-prepara-su-regreso-a-los-escenarios-con-un-tour-mundial-para-presentar-su-quinto-disco\/\">banda de K-Pop<\/a> regresa con m\u00e1s fuerza que nunca, y lo hace de una forma muy especial: con una esperada gira internacional. <\/p>\n<p>Despu\u00e9s de cuatro a\u00f1os dedicados a proyectos individuales y <b>tras cumplir con el servicio militar obligatorio<\/b>, los siete integrantes se re\u00fanen nuevamente para presentar m\u00fasica in\u00e9dita y un espect\u00e1culo esc\u00e9nico sin precedentes. Y lo mejor de todo:<b> \u00a1por primera vez incluir\u00e1n a Espa\u00f1a en su tour!<\/b><\/p>\n<p>Fechas para ver a BTS en Madrid en 2026<\/p>\n<p>La <a href=\"https:\/\/los40.com\/2025\/08\/21\/los-chicos-de-bts-vuelven-al-cine\/\" target=\"_blank\" rel=\"nofollow noopener\" title=\"https:\/\/los40.com\/2025\/08\/21\/los-chicos-de-bts-vuelven-al-cine\/\">banda<\/a> formada por Jin, V, Jungkook, J-Hope, Jimin, Suga y RM<b> pisar\u00e1 el Riyadh Air Metropolitano de Madrid <\/b>los d\u00edas<b> 26 y 27 de junio de 2026<\/b>. Dos fechas marcadas por el calor pero que, durante horas, pasar\u00e1 a un segundo plano. <\/p>\n<p><img decoding=\"async\" src=\"https:\/\/los40.com\/pf\/resources\/img\/logo-40-v-c.svg?d=923\" alt=\"LOS40\" class=\"i-pro\" width=\"68\" height=\"68\" loading=\"lazy\"\/>Entradas para ver a BTS en Madrid en 2026<\/p>\n<p>Si no quieres perderte a la banda surcoreana en directo, ponte un recordatorio porque las entradas <b>salen el jueves 22 de enero a las 12:00 horas a trav\u00e9s de la preventa para ARMY MEMBERSHIP<\/b>, con algunas fechas disponibles <b>en preventa el viernes 23 de enero<\/b>. Las entradas que queden disponibles, saldr\u00e1n a la venta general el s\u00e1bado <b>24 de enero a las 14:00 horas en <\/b><a href=\"https:\/\/www.livenation.es\/bts-tickets-adp830746\" target=\"_blank\" rel=\"nofollow noopener\" title=\"https:\/\/www.livenation.es\/bts-tickets-adp830746\"><b>Livenation<\/b><\/a>.<\/p>\n<p>Los titulares de ARMY MEMBERSHIP deber\u00e1n registrarse para la preventa en Weverse antes del 19 de enero a las 00:00 horas. Aqu\u00ed se encuentra la <a href=\"https:\/\/btsworldtourofficial.com\/\" target=\"_blank\" rel=\"nofollow noopener\" title=\"https:\/\/btsworldtourofficial.com\/\">informaci\u00f3n sobre el registro<\/a>.<\/p>\n<p>La gira mundial de BTS en 2026: todas las fechas<\/p>\n<p>La gira, anunciada oficialmente por BigHit Music el 13 de enero de 2026, recorrer\u00e1 <b>34 regiones con 79 conciertos<\/b>, estableciendo un nuevo r\u00e9cord para un grupo surcoreano en t\u00e9rminos de alcance y dimensiones. El punto m\u00e1s destacable de esta producci\u00f3n es su formato de <b>escenario circular de 360 grados en el centro del estadio, algo antes nunca visto en una gira de K-Pop.<\/b><\/p>\n<p>Las paradas del tour se extienden por Asia, Europa, Norteam\u00e9rica, Latinoam\u00e9rica, Ocean\u00eda y Sudeste Asi\u00e1tico, con montajes de gran escala en estadios de primer nivel. En algunos lugares, se estima que visitar\u00e1 esos recintos m\u00e1s de una vez, atendiendo la enorme demanda de un fanbase renovado tras su reciente regreso. <\/p>\n<p>En definitiva, estas son las ciudades que recorrer\u00e1 BTS en 2026 con su gira internacional:<\/p>\n<ul>\n<li>Goyang (9, 11 y 12 de abril)<\/li>\n<li>Tokio (17 y 18 de abril)<\/li>\n<li>Tampa (25 y 26 de abril)<\/li>\n<li>El Paso (2 y 3 de mayo)<\/li>\n<li>Ciudad de M\u00e9xico (7, 9 y 10 de mayo)<\/li>\n<li>Stanford (23, 24 y 27 de mayo)<\/li>\n<li>Busan (12 y 13 de junio)<\/li>\n<li>Madrid (26 y 27 de junio)<\/li>\n<li>Bruselas (1 y 2 de julio)<\/li>\n<li>Londres (6 y 7 de julio)<\/li>\n<li>M\u00fanich (11 y 12 de julio)<\/li>\n<li>Par\u00eds (17 y 18 de julio)<\/li>\n<li>East Rutherford (1 y 2 de agosto)<\/li>\n<li>Foxborough (5 y 6 de agosto)<\/li>\n<li>Baltimore (10 y 11 de agosto)<\/li>\n<li>Arlington (15 y 16 de agosto)<\/li>\n<li>Toronto (22 y 23 de agosto)<\/li>\n<li>Chicago (27 y 28 de agosto)<\/li>\n<li>Los \u00c1ngeles (1, 2, 5 y 6 de septiembre)<\/li>\n<li>Bogot\u00e1 (2 y 3 de octubre)<\/li>\n<li>Lima (9 y 10 de octubre)<\/li>\n<li>Santiago de Chile (16 y 17 de octubre)<\/li>\n<li>Buenos Aires (23 y 24 de octubre)<\/li>\n<li>Sai Paulo (28, 30 y 31 de octubre)<\/li>\n<li>Haohsiung (19, 21 y 22 de noviembre)<\/li>\n<li>Bangkok (3, 5 y 6 de diciembre)<\/li>\n<li>Kuala Lumpur (12 y 13 de diciembre)<\/li>\n<li>Singapur (17, 19, 20 y 22 de diciembre)<\/li>\n<li>Yakarta (25 y 27 de diciembre)<\/li>\n<li>Melbourne (12 y 13 de febrero de 2027)<\/li>\n<li>S\u00eddney (20 y 21 de febrero de 2027)<\/li>\n<li>Hong Kong (4, 6 y 7 de marzo de 2027)<\/li>\n<li>Manila (13 y 14 de marzo de 2027)<\/li>\n<\/ul>\n","protected":false},"excerpt":{"rendered":"\u00a1BTS vuelve a los escenarios por todo lo alto! La noticia ha puesto patas arriba a sus millones&hellip;\n","protected":false},"author":2,"featured_media":338607,"comment_status":"","ping_status":"","sticky":false,"template":"","format":"standard","meta":{"footnotes":""},"categories":[170],"tags":[146,147,25,24,184,185,23],"class_list":{"0":"post-338606","1":"post","2":"type-post","3":"status-publish","4":"format-standard","5":"has-post-thumbnail","7":"category-musica","8":"tag-entertainment","9":"tag-entretenimiento","10":"tag-es","11":"tag-espana","12":"tag-music","13":"tag-musica","14":"tag-spain"},"share_on_mastodon":{"url":"https:\/\/pubeurope.com\/@es\/115888863640448200","error":""},"_links":{"self":[{"href":"https:\/\/www.europesays.com\/es\/wp-json\/wp\/v2\/posts\/338606","targetHints":{"allow":["GET"]}}],"collection":[{"href":"https:\/\/www.europesays.com\/es\/wp-json\/wp\/v2\/posts"}],"about":[{"href":"https:\/\/www.europesays.com\/es\/wp-json\/wp\/v2\/types\/post"}],"author":[{"embeddable":true,"href":"https:\/\/www.europesays.com\/es\/wp-json\/wp\/v2\/users\/2"}],"replies":[{"embeddable":true,"href":"https:\/\/www.europesays.com\/es\/wp-json\/wp\/v2\/comments?post=338606"}],"version-history":[{"count":0,"href":"https:\/\/www.europesays.com\/es\/wp-json\/wp\/v2\/posts\/338606\/revisions"}],"wp:featuredmedia":[{"embeddable":true,"href":"https:\/\/www.europesays.com\/es\/wp-json\/wp\/v2\/media\/338607"}],"wp:attachment":[{"href":"https:\/\/www.europesays.com\/es\/wp-json\/wp\/v2\/media?parent=338606"}],"wp:term":[{"taxonomy":"category","embeddable":true,"href":"https:\/\/www.europesays.com\/es\/wp-json\/wp\/v2\/categories?post=338606"},{"taxonomy":"post_tag","embeddable":true,"href":"https:\/\/www.europesays.com\/es\/wp-json\/wp\/v2\/tags?post=338606"}],"curies":[{"name":"wp","href":"https:\/\/api.w.org\/{rel}","templated":true}]}}