{"id":338614,"date":"2026-01-13T17:04:06","date_gmt":"2026-01-13T17:04:06","guid":{"rendered":"https:\/\/www.europesays.com\/es\/338614\/"},"modified":"2026-01-13T17:04:06","modified_gmt":"2026-01-13T17:04:06","slug":"rtve-selecciona-cinco-series-de-animacion-infantiles-en-la-convocatoria-de-2025","status":"publish","type":"post","link":"https:\/\/www.europesays.com\/es\/338614\/","title":{"rendered":"RTVE selecciona cinco series de animaci\u00f3n infantiles en la convocatoria de 2025"},"content":{"rendered":"<p style=\"text-align:justify;\">RTVE ha seleccionado <strong>cinco series de animaci\u00f3n<\/strong> en la <a href=\"https:\/\/www.rtve.es\/rtve\/20250902\/rtve-abre-convocatoria-2025-series-animacion-infantiles\/16714851.shtml\" rel=\"nofollow noopener\" target=\"_blank\">convocatoria de 2025<\/a> para su emisi\u00f3n en las cadenas y medios digitales del grupo, en especial en <a href=\"https:\/\/www.rtve.es\/infantil\/ayuda\/miclan\/\" rel=\"nofollow noopener\" target=\"_blank\">Clan,<\/a> el canal infantil de la Corporaci\u00f3n. Se trata de \u2018<strong>Violeta\u2019, \u2018Star Raider\u2019 y \u2018Los exploradores secretos\u2019<\/strong> y las nuevas temporadas de \u2018<strong>Pocoy\u00f3<\/strong> y <strong>\u2018Los Wavies\u2019<\/strong>.<\/p>\n<p style=\"text-align:justify;\">La convocatoria, a la que se presentaron <strong>27 propuestas<\/strong> del 1 de septiembre al 15 de octubre, buscaba formatos atractivos dirigidos a ni\u00f1os y ni\u00f1as de 0 a 14 a\u00f1os Se han valorado los personajes carism\u00e1ticos que generan emociones; el humor, inocente y sencillo para los m\u00e1s peque\u00f1os y con referencias a la cultura popular para los mayores con un enfoque positivo. Con especial inter\u00e9s a valores como el pensamiento cr\u00edtico, la igualdad, la convivencia, los h\u00e1bitos saludables o la protecci\u00f3n medioambiental.<\/p>\n<p style=\"text-align:justify;\">En los \u00faltimos a\u00f1os, RTVE ha incrementado su compromiso con la industria espa\u00f1ola, con m\u00e1s de 25 contratos firmados, entre los que destacan por su \u00e9xito proyectos como \u2018<a href=\"https:\/\/www.rtve.es\/infantil\/series\/momonsters\/\" rel=\"nofollow noopener\" target=\"_blank\">Momonsters<\/a>, Superthings, o Lola\u2019s Circus, en colaboraci\u00f3n con BBC. En el \u00faltimo a\u00f1o, RTVE tambi\u00e9n ha participado en varios largometrajes de animaci\u00f3n destinados al p\u00fablico infantil: \u2018Momonster. The movie\u2019, \u2018Un mundo propio\u2019, \u2018Evolution\u2019, \u2018Superthings, la pel\u00edcula\u2019, \u2018200% Wolf. Peque\u00f1o gran lobo\u2019, \u2018La luz de Aisha\u2019. En 2025 se aprobaron las cintas de animaci\u00f3n \u2018El violinista\u2019, \u2018Fe\u2019, \u2018Chica y Lobo\u2019 y \u2018La pirata Mo y el rub\u00ed perdido\u2019 y se estrenaron \u2018El tesoro de Barracuda\u2019 y \u2018Olivia\u2019.<\/p>\n<p>\u2018Violeta\u2019<\/p>\n<p style=\"text-align:justify;\">Violeta es una ni\u00f1a que vive en un pueblo transfronterizo marcado por la mezcla de culturas, tradiciones y desigualdades. Curiosa y creativa, afronta la vida con imaginaci\u00f3n y cuestiona el mundo que la rodea. Su mirada sincera lleva a los adultos a replantearse costumbres arraigadas. El se\u00f1or Riera, profesor reci\u00e9n llegado, encarna la resistencia al cambio. La serie, producida por Sultana Films, tiene el apoyo de la Oficina de Igualdad y Violencia de G\u00e9nero.<\/p>\n<p>\u2018Star raider\u2019<\/p>\n<p style=\"text-align:justify;\">Producida por Animar Media Studio, \u2018Star raider\u2019 es una serie de anime que plantea un relato de aventuras juveniles en un entorno de ciencia ficci\u00f3n, con influencias cl\u00e1sicas del g\u00e9nero. En la ciudad espacial de Confluence, un c\u00e9lebre ladr\u00f3n de arte conocido como Star Raider mantiene en jaque a las autoridades. Coproducci\u00f3n internacional con la participaci\u00f3n de las televisiones p\u00fablicas France TV y Rai.<\/p>\n<p>Star raider\u00a05<\/p>\n<p>\u2018Los exploradores secretos\u2019<\/p>\n<p style=\"text-align:justify;\">Exploradores Secretos sigue a un equipo internacional de ni\u00f1os y ni\u00f1as extraordinarios que act\u00faan en la sombra para proteger el planeta de amenazas globales, desde fen\u00f3menos naturales extremos hasta los planes m\u00e1s ins\u00f3litos de villanos exc\u00e9ntricos. Cada miembro aporta conocimientos espec\u00edficos de ciencia, historia, tecnolog\u00eda o naturaleza, combinando aprendizaje y acci\u00f3n. Cuando surge un peligro, el equipo recibe la alerta, activa su tecnolog\u00eda avanzada y se desplaza al lugar del conflicto para restablecer el equilibrio.  Una serie de aventuras producida por Liquid Rock Entertaintmet que promueve el trabajo en equipo, el pensamiento cr\u00edtico y el compromiso con el bien com\u00fan.<\/p>\n<p>Los exploradores secretos<\/p>\n<p>Los Wawies (T2)<\/p>\n<p style=\"text-align:justify;\">Segunda temporada de la serie preescolar \u2018Los Wawies\u2019, protagonizada por cinco criaturas que viven en el planeta viajero Wawaland. A trav\u00e9s de aventuras coloridas, exploran la naturaleza, conocen distintas culturas y resuelven retos cotidianos en equipo. Cada episodio promueve valores como la amistad, la empat\u00eda, la cooperaci\u00f3n y el respeto por el planeta. La serie forma parte del universo transmedia Wawaland Planet, que integra educaci\u00f3n, sostenibilidad y entretenimiento. Producida por Imagic TV, su enfoque multicultural y su est\u00e9tica vibrante la posicionan como una propuesta innovadora para familias y ni\u00f1os.<\/p>\n<p>Los Wawies\u00a05<\/p>\n<p>\u2018Pocoy\u00f3\u2019 (T6B)<\/p>\n<p style=\"text-align:justify;\">Nueva temporada de Pocoy\u00f3, producida por Planeta Ely AIE, en la que con su hermana Bea y los grandes amigos que siempre le acompa\u00f1ar\u00e1n construir\u00e1n su nueva Casa. La Casa de Pocoy\u00f3 ser\u00e1 un lugar surrealista, donde todo puedo pasar y ser\u00e1 una nueva fuente de diversi\u00f3n para todos. Se trata de una marca asociada a Clan, de la RTVE ya participa en la temporada anterior.<\/p>\n","protected":false},"excerpt":{"rendered":"RTVE ha seleccionado cinco series de animaci\u00f3n en la convocatoria de 2025 para su emisi\u00f3n en las cadenas&hellip;\n","protected":false},"author":2,"featured_media":338615,"comment_status":"","ping_status":"","sticky":false,"template":"","format":"standard","meta":{"footnotes":""},"categories":[91],"tags":[146,147,25,24,23],"class_list":{"0":"post-338614","1":"post","2":"type-post","3":"status-publish","4":"format-standard","5":"has-post-thumbnail","7":"category-entretenimiento","8":"tag-entertainment","9":"tag-entretenimiento","10":"tag-es","11":"tag-espana","12":"tag-spain"},"share_on_mastodon":{"url":"https:\/\/pubeurope.com\/@es\/115888879394087501","error":""},"_links":{"self":[{"href":"https:\/\/www.europesays.com\/es\/wp-json\/wp\/v2\/posts\/338614","targetHints":{"allow":["GET"]}}],"collection":[{"href":"https:\/\/www.europesays.com\/es\/wp-json\/wp\/v2\/posts"}],"about":[{"href":"https:\/\/www.europesays.com\/es\/wp-json\/wp\/v2\/types\/post"}],"author":[{"embeddable":true,"href":"https:\/\/www.europesays.com\/es\/wp-json\/wp\/v2\/users\/2"}],"replies":[{"embeddable":true,"href":"https:\/\/www.europesays.com\/es\/wp-json\/wp\/v2\/comments?post=338614"}],"version-history":[{"count":0,"href":"https:\/\/www.europesays.com\/es\/wp-json\/wp\/v2\/posts\/338614\/revisions"}],"wp:featuredmedia":[{"embeddable":true,"href":"https:\/\/www.europesays.com\/es\/wp-json\/wp\/v2\/media\/338615"}],"wp:attachment":[{"href":"https:\/\/www.europesays.com\/es\/wp-json\/wp\/v2\/media?parent=338614"}],"wp:term":[{"taxonomy":"category","embeddable":true,"href":"https:\/\/www.europesays.com\/es\/wp-json\/wp\/v2\/categories?post=338614"},{"taxonomy":"post_tag","embeddable":true,"href":"https:\/\/www.europesays.com\/es\/wp-json\/wp\/v2\/tags?post=338614"}],"curies":[{"name":"wp","href":"https:\/\/api.w.org\/{rel}","templated":true}]}}