{"id":338771,"date":"2026-01-13T18:55:14","date_gmt":"2026-01-13T18:55:14","guid":{"rendered":"https:\/\/www.europesays.com\/es\/338771\/"},"modified":"2026-01-13T18:55:14","modified_gmt":"2026-01-13T18:55:14","slug":"the-gems-estrenan-nuevo-single-titulado-firebird","status":"publish","type":"post","link":"https:\/\/www.europesays.com\/es\/338771\/","title":{"rendered":"THE GEMS estrenan nuevo single titulado \u201cFirebird\u201d."},"content":{"rendered":"<p>&#13;<br \/>\n        &#13;<br \/>\n&#13;<br \/>\n        &#13;<br \/>\n&#13;<\/p>\n<p>\u00a0<\/p>\n<p>\u00a0<\/p>\n<p><strong>THE GEMS estrenan nuevo single titulado \u201cFirebird\u201d.<\/strong><br \/>\n<img fetchpriority=\"high\" decoding=\"async\" src=\"https:\/\/www.europesays.com\/es\/wp-content\/uploads\/2025\/11\/the_gems1_2025_500x267.jpg\" alt=\"RAMMSTEIN\" width=\"500\" height=\"267\"\/><\/p>\n<p><a href=\"https:\/\/www.thegems.se\/\" target=\"_blank\" rel=\"noopener nofollow\"><strong>THE GEMS<\/strong><\/a> han estrenado un nuevo single titulado \u201cFirebird\u201d.<\/p>\n<p>Comenta la banda: \u201cLa historia de \u201cFirebird\u201d es de avaricia. Siempre queriendo m\u00e1s y sin apreciar lo que se tiene. En muchos sentidos, vemos como si el mundo estuviera afectado por un virus. Esta es nuestra manera de canalizar esa frustraci\u00f3n hacia algo positivo pero concienciado. Musicalmente, hemos vuelto a nuestras ra\u00edces con un tema cl\u00e1sico de rock machac\u00f3n.\u201d<\/p>\n<p><a href=\"https:\/\/www.thegems.se\/\" target=\"_blank\" rel=\"noopener nofollow\"><strong>THE GEMS<\/strong><\/a> editar\u00e1n el 13 de marzo a trav\u00e9s de Napalm Records un nuevo disco titulado \u201cYear Of The Snake\u201d.<\/p>\n<p>M\u00e1s detalles y adelantos en esta <a href=\"https:\/\/www.rafabasa.com\/2025\/11\/25\/proximo-disco-de-the-gems-titulado-year-of-the-snake\/\" rel=\"nofollow noopener\" target=\"_blank\">noticia<\/a>.<\/p>\n<p>\u00a0<\/p>\n<p>\u00a0<\/p>\n<p>  &#13;<\/p>\n<tr>&#13;<\/p>\n<td width=\"50%\"><a href=\"https:\/\/www.youtube.com\/channel\/UCD5y9cNy8pOMICffaN5CKnw\" rel=\"nofollow noopener\" target=\"_blank\"><img loading=\"lazy\" decoding=\"async\" src=\"https:\/\/www.europesays.com\/es\/wp-content\/uploads\/2026\/01\/banner_nurcry_video22_12_25.jpg\" alt=\"NURCRY - La Enfermdad\" width=\"216\" height=\"216\"\/><\/a><\/td>\n<p>&#13;<\/p>\n<td width=\"50%\"><a href=\"https:\/\/www.leyendasdelrockfestival.com\/tickets\/\" rel=\"nofollow noopener\" target=\"_blank\"><img loading=\"lazy\" decoding=\"async\" src=\"https:\/\/www.europesays.com\/es\/wp-content\/uploads\/2026\/01\/banner_leyendas08_12_25.jpg\" alt=\"LEYENDAS DEL ROCK 2026\" width=\"216\" height=\"270\"\/><\/a><\/td>\n<p>&#13;<br \/>\n  <\/tr>\n<p>&#13;<\/p>\n<p>        &#13;<br \/>\n&#13;<br \/>\n&#13;<br \/>\n        &#13;<br \/>\n                        &#13;<br \/>\n            &#13;<br \/>\n&#13;<br \/>\n                        Art\u00edculo anterior<a href=\"https:\/\/www.rafabasa.com\/2026\/01\/13\/black-label-society-all-that-remains-bella-bestia\/\" rel=\"nofollow noopener\" target=\"_blank\">BLACK LABEL SOCIETY \u2013 ALL THAT REMAINS \u2013 BELLA BESTIA<\/a>Art\u00edculo siguiente<a href=\"https:\/\/www.rafabasa.com\/2026\/01\/13\/soen-metal-allegiance-confess\/\" rel=\"nofollow noopener\" target=\"_blank\">SOEN \u2013 METAL ALLEGIANCE \u2013 CONFESS<\/a>            \t                &#13;<br \/>\n&#13;<\/p>\n","protected":false},"excerpt":{"rendered":"&#13; &#13; &#13; &#13; &#13; \u00a0 \u00a0 THE GEMS estrenan nuevo single titulado \u201cFirebird\u201d. THE GEMS han estrenado&hellip;\n","protected":false},"author":2,"featured_media":255504,"comment_status":"","ping_status":"","sticky":false,"template":"","format":"standard","meta":{"footnotes":""},"categories":[170],"tags":[146,147,25,24,184,185,23,64295],"class_list":{"0":"post-338771","1":"post","2":"type-post","3":"status-publish","4":"format-standard","5":"has-post-thumbnail","7":"category-musica","8":"tag-entertainment","9":"tag-entretenimiento","10":"tag-es","11":"tag-espana","12":"tag-music","13":"tag-musica","14":"tag-spain","15":"tag-the-gems"},"share_on_mastodon":{"url":"https:\/\/pubeurope.com\/@es\/115889315914039191","error":""},"_links":{"self":[{"href":"https:\/\/www.europesays.com\/es\/wp-json\/wp\/v2\/posts\/338771","targetHints":{"allow":["GET"]}}],"collection":[{"href":"https:\/\/www.europesays.com\/es\/wp-json\/wp\/v2\/posts"}],"about":[{"href":"https:\/\/www.europesays.com\/es\/wp-json\/wp\/v2\/types\/post"}],"author":[{"embeddable":true,"href":"https:\/\/www.europesays.com\/es\/wp-json\/wp\/v2\/users\/2"}],"replies":[{"embeddable":true,"href":"https:\/\/www.europesays.com\/es\/wp-json\/wp\/v2\/comments?post=338771"}],"version-history":[{"count":0,"href":"https:\/\/www.europesays.com\/es\/wp-json\/wp\/v2\/posts\/338771\/revisions"}],"wp:featuredmedia":[{"embeddable":true,"href":"https:\/\/www.europesays.com\/es\/wp-json\/wp\/v2\/media\/255504"}],"wp:attachment":[{"href":"https:\/\/www.europesays.com\/es\/wp-json\/wp\/v2\/media?parent=338771"}],"wp:term":[{"taxonomy":"category","embeddable":true,"href":"https:\/\/www.europesays.com\/es\/wp-json\/wp\/v2\/categories?post=338771"},{"taxonomy":"post_tag","embeddable":true,"href":"https:\/\/www.europesays.com\/es\/wp-json\/wp\/v2\/tags?post=338771"}],"curies":[{"name":"wp","href":"https:\/\/api.w.org\/{rel}","templated":true}]}}