{"id":338785,"date":"2026-01-13T19:03:10","date_gmt":"2026-01-13T19:03:10","guid":{"rendered":"https:\/\/www.europesays.com\/es\/338785\/"},"modified":"2026-01-13T19:03:10","modified_gmt":"2026-01-13T19:03:10","slug":"educacion-condena-las-movilizaciones-contra-una-profesora-vividas-en-las-ultimas-horas-en-el-colegio-virgen-blanca-de-huarte","status":"publish","type":"post","link":"https:\/\/www.europesays.com\/es\/338785\/","title":{"rendered":"Educaci\u00f3n condena las movilizaciones contra una profesora vividas en las \u00faltimas horas en el colegio Virgen Blanca de Huarte"},"content":{"rendered":"<p>El Departamento de Educaci\u00f3n ha expresado su condena por las movilizaciones impulsadas por la Apyma\u00a0Zumedia del colegio p\u00fablico Virgen Blanca de Huarte, que han derivado en varias situaciones de acoso a una profesora a la que un grupo de padres y madres del centro ha impedido al acceso a su puesto de trabajo.<\/p>\n<p>El consejero Carlos Gimeno ha querido expresar su solidaridad con la docente y su rotundo rechazo al comportamiento de un grupo de familiares de alumnado del centro que desde el pasado viernes se ha manifestado a las puertas del colegio intentando impedir f\u00edsicamente la incorporaci\u00f3n de esta profesora. A la vista de lo sucedido, la docente ha pedido la apertura del protocolo de agresi\u00f3n externa. Ayer lunes esta profesora se vio obligada a utilizar una puerta secundaria del centro para poder acceder, ante la presencia de un grupo de personas que, en actitud intimidatoria, se hab\u00eda concentrado en el acceso al colegio para intentar impedir que entrara. Hoy martes se ha repetido el acoso f\u00edsico y estas personas se han repartido en las entradas hasta el punto de impedir la entrada de la docente a su trabajo.\u00a0<\/p>\n<p>La profesora se ha dirigido a agentes municipales para denunciar la situaci\u00f3n vivida. Estos le han informado que por razones de competencia deb\u00eda presentar la denuncia ante la Polic\u00eda Foral. Educaci\u00f3n solicita a la comunidad educativa del colegio Virgen Blanca que cese en sus movilizaciones contra la docente y contribuya a la convivencia en el centro.<\/p>\n","protected":false},"excerpt":{"rendered":"El Departamento de Educaci\u00f3n ha expresado su condena por las movilizaciones impulsadas por la Apyma\u00a0Zumedia del colegio p\u00fablico&hellip;\n","protected":false},"author":2,"featured_media":281175,"comment_status":"","ping_status":"","sticky":false,"template":"","format":"standard","meta":{"footnotes":""},"categories":[8],"tags":[17,18,10398,2026,25,24,13,14,11,19,20,9,10,15,10397,16,23,12,21,22],"class_list":{"0":"post-338785","1":"post","2":"type-post","3":"status-publish","4":"format-standard","5":"has-post-thumbnail","7":"category-espana","8":"tag-breaking-news","9":"tag-breakingnews","10":"tag-departamentos-legislatura-2023-2027","11":"tag-educacion","12":"tag-es","13":"tag-espana","14":"tag-featured-news","15":"tag-featurednews","16":"tag-headlines","17":"tag-latest-news","18":"tag-latestnews","19":"tag-news","20":"tag-noticias","21":"tag-noticias-destacadas","22":"tag-noticias-institucionales","23":"tag-noticiasdestacadas","24":"tag-spain","25":"tag-titulares","26":"tag-ultimas-noticias","27":"tag-ultimasnoticias"},"share_on_mastodon":{"url":"https:\/\/pubeurope.com\/@es\/115889347265202692","error":""},"_links":{"self":[{"href":"https:\/\/www.europesays.com\/es\/wp-json\/wp\/v2\/posts\/338785","targetHints":{"allow":["GET"]}}],"collection":[{"href":"https:\/\/www.europesays.com\/es\/wp-json\/wp\/v2\/posts"}],"about":[{"href":"https:\/\/www.europesays.com\/es\/wp-json\/wp\/v2\/types\/post"}],"author":[{"embeddable":true,"href":"https:\/\/www.europesays.com\/es\/wp-json\/wp\/v2\/users\/2"}],"replies":[{"embeddable":true,"href":"https:\/\/www.europesays.com\/es\/wp-json\/wp\/v2\/comments?post=338785"}],"version-history":[{"count":0,"href":"https:\/\/www.europesays.com\/es\/wp-json\/wp\/v2\/posts\/338785\/revisions"}],"wp:featuredmedia":[{"embeddable":true,"href":"https:\/\/www.europesays.com\/es\/wp-json\/wp\/v2\/media\/281175"}],"wp:attachment":[{"href":"https:\/\/www.europesays.com\/es\/wp-json\/wp\/v2\/media?parent=338785"}],"wp:term":[{"taxonomy":"category","embeddable":true,"href":"https:\/\/www.europesays.com\/es\/wp-json\/wp\/v2\/categories?post=338785"},{"taxonomy":"post_tag","embeddable":true,"href":"https:\/\/www.europesays.com\/es\/wp-json\/wp\/v2\/tags?post=338785"}],"curies":[{"name":"wp","href":"https:\/\/api.w.org\/{rel}","templated":true}]}}