{"id":338788,"date":"2026-01-13T19:09:10","date_gmt":"2026-01-13T19:09:10","guid":{"rendered":"https:\/\/www.europesays.com\/es\/338788\/"},"modified":"2026-01-13T19:09:10","modified_gmt":"2026-01-13T19:09:10","slug":"tenemos-un-equipo-muy-comprometido","status":"publish","type":"post","link":"https:\/\/www.europesays.com\/es\/338788\/","title":{"rendered":"Tenemos un equipo muy comprometido"},"content":{"rendered":"<p data-mrf-recirculation=\"Links P\u00e1rrafos\" class=\"ue-c-article__paragraph paragraph ue-c-article--first-letter-highlighted\">Todos los equipos llegan con ilusi\u00f3n a esta nueva edici\u00f3n de la Generali Hexagon Cup, que se disputar\u00e1 en La Caja M\u00e1gica del 28 de enero al 1 de febrero, pero hay uno que lo har\u00e1 con una motivaci\u00f3n especial. <strong>La Rafa Nadal Academy (RNA) afronta su tercera participaci\u00f3n en una competici\u00f3n que siempre ha sido su terreno de inspiraci\u00f3n, aunque todav\u00eda sin premio final<\/strong>. Tras dos subcampeonatos consecutivos, el conjunto balear intentar\u00e1 por fin conquistar el t\u00edtulo con<strong> una plantilla renovada y una mentalidad ambiciosa.<\/strong><\/p>\n<p data-mrf-recirculation=\"Links P\u00e1rrafos\" class=\"ue-c-article__paragraph paragraph\">En 2024 y 2025, <strong>la RNA fue uno de los equipos m\u00e1s s\u00f3lidos del torneo y cumpli\u00f3 con su papel de favorito alcanzando la final en ambas ediciones.<\/strong> Sin embargo, en el \u00faltimo paso hacia el trofeo, cayeron ante AD\/Vantage primero y KR\u00dc Padel Team despu\u00e9s.<strong> Dos derrotas que, lejos de frenar su crecimiento, reforzaron su compromiso con un proyecto que ha sabido consolidarse dentro y fuera de la pista.<\/strong><\/p>\n<p><img decoding=\"async\" width=\"1980\" height=\"1320\" class=\"ue-c-article__image lazyload\" alt=\"La Rafa Nadal Academy en Manacor con una pista de p\u00e1del.\" loading=\"lazy\" src=\"https:\/\/www.europesays.com\/es\/wp-content\/uploads\/2026\/01\/67f94e8819342.jpeg\"\/><\/p>\n<p>La Rafa Nadal Academy en Manacor con una pista de p\u00e1del.RNA<\/p>\n<p data-mrf-recirculation=\"Links P\u00e1rrafos\" class=\"ue-c-article__paragraph paragraph\">Aunque el tenis sigue siendo el principal foco de la academia, su apuesta por el p\u00e1del ha ido ganando peso con el paso de los a\u00f1os. <strong>La Rafa Nadal Academy ha mejorado sus instalaciones y mantiene una colaboraci\u00f3n activa con algunas de las principales figuras del circuito profesional<\/strong>, reafirmando su papel como referente deportivo global.<\/p>\n<p data-mrf-recirculation=\"Links P\u00e1rrafos\" class=\"ue-c-article__paragraph paragraph\">Con la expansi\u00f3n de la Generali Hexagon Cup, que pasa a ser el circuito oficial por equipos de la FIP con varias pruebas a lo largo del a\u00f1o, el proyecto tambi\u00e9n ha crecido. <strong>En esta nueva etapa, la RNA contar\u00e1 con el apoyo de Cox, multinacional energ\u00e9tica que se incorpora como patrocinador principal<\/strong> bajo la denominaci\u00f3n Rafa Nadal Academy Team by Cox.<\/p>\n<blockquote class=\"ue-c-article__blockquote\">\n<p>La Caja M\u00e1gica nos trae grandes recuerdos<\/p>\n<p>Maribel Nadal<\/p><\/blockquote>\n<p data-mrf-recirculation=\"Links P\u00e1rrafos\" class=\"ue-c-article__paragraph paragraph\">El presidente ejecutivo de la compa\u00f1\u00eda, <strong>Enrique Riquelme<\/strong>, valor\u00f3 la alianza como <strong>\u201cuna oportunidad para seguir asumiendo retos y convertirlos en oportunidades de mejora para nuestro entorno<\/strong>. Seguro que juntos haremos cosas importantes en la Hexagon Cup\u201d.<\/p>\n<p data-mrf-recirculation=\"Links P\u00e1rrafos\" class=\"ue-c-article__paragraph paragraph\">Por su parte, <strong>Maribel Nadal<\/strong>, subdirectora general de la academia, destac\u00f3 la ilusi\u00f3n con la que afrontan esta nueva edici\u00f3n: \u201cEl a\u00f1o pasado comenzamos una importante alianza, y la incorporaci\u00f3n de Cox como sponsor principal refuerza nuestro proyecto en la Hexagon Cup, una competici\u00f3n que nos encanta y a la que iremos con el esp\u00edritu de optar a lo m\u00e1ximo.<strong> Tenemos un equipo muy comprometido, ilusionado y motivado que ha demostrado ser capaz de rendir a un gran nivel<\/strong>\u201d.<\/p>\n<p data-mrf-recirculation=\"Links P\u00e1rrafos\" class=\"ue-c-article__paragraph paragraph\">Adem\u00e1s, la competici\u00f3n<strong> se disputar\u00e1 en un escenario muy simb\u00f3lico para la academia: La Caja M\u00e1gica<\/strong>, sede de algunas de las mayores gestas de Rafael Nadal en el tenis. Maribel reconoci\u00f3 la emoci\u00f3n que genera volver a este recinto: <strong>\u201cNos trae grandes recuerdos y tengo ya unas ganas tremendas de volver\u201d<\/strong>.<\/p>\n<p>Una formaci\u00f3n con novedades<\/p>\n<p data-mrf-recirculation=\"Links P\u00e1rrafos\" class=\"ue-c-article__paragraph paragraph\">La Rafa Nadal Academy Team by Cox presenta varios cambios con respecto al a\u00f1o anterior.<strong> La \u00fanica pareja que se mantiene es la femenina, con Gemma Triay y Marta Ortega.<\/strong> La n\u00famero uno del mundo volver\u00e1 a compartir pista con &#8216;la Doctora&#8217;, una de las jugadoras m\u00e1s t\u00e9cnicas del circuito. <strong>Su conexi\u00f3n dentro y fuera de la pista promete convertirlas, una vez m\u00e1s, en una de las duplas m\u00e1s peligrosas del torneo.<\/strong><\/p>\n<p><img decoding=\"async\" width=\"1080\" height=\"1080\" class=\"ue-c-article__image lazyload\" alt=\"Marta Ortega y Gemma Triay, durante su estreno en la Hexagon Cup de p\u00e1del 2023\" loading=\"lazy\" src=\"https:\/\/www.europesays.com\/es\/wp-content\/uploads\/2026\/01\/671bba1ad26b6.jpeg\"\/><\/p>\n<p>Marta Ortega y Gemma Triay, durante su estreno en la Hexagon Cup de p\u00e1del 2023<\/p>\n<p data-mrf-recirculation=\"Links P\u00e1rrafos\" class=\"ue-c-article__paragraph paragraph\">La principal novedad llega en el equipo masculino, donde <strong>se incorpora Pablo Cardona, una de las grandes promesas del p\u00e1del espa\u00f1ol<\/strong>. El extreme\u00f1o, que regresa tras una lesi\u00f3n que le apart\u00f3 de las pistas desde octubre, <strong>formar\u00e1 pareja con Franco Stupaczuk<\/strong>, leyenda activa e icono de este deporte. <strong>Una mezcla de potencia y madurez que puede ser clave en los momentos decisivos.<\/strong><\/p>\n<p data-mrf-recirculation=\"Links P\u00e1rrafos\" class=\"ue-c-article__paragraph paragraph\">En la categor\u00eda<strong> Next Gen<\/strong>, que este a\u00f1o ser\u00e1 masculina, la RNA apostar\u00e1 por <strong>Rama Valenzuela y Enzo Jensen<\/strong>. El argentino ya se ha consolidado en las fases finales de Premier Padel, mientras que Jensen vivi\u00f3 una notable progresi\u00f3n durante 2025, mostrando un crecimiento constante.<\/p>\n<p data-mrf-recirculation=\"Links P\u00e1rrafos\" class=\"ue-c-article__paragraph paragraph\"><strong>El equipo t\u00e9cnico estar\u00e1 liderado por Rodri Ovide<\/strong>, responsable de la metodolog\u00eda en la academia,<strong> y Carlos Pozzoni<\/strong>, que aportar\u00e1 su experiencia para guiar a las parejas en un torneo cada vez m\u00e1s competitivo.<\/p>\n<p data-mrf-recirculation=\"Links P\u00e1rrafos\" class=\"ue-c-article__paragraph paragraph\"><strong>Nuevo patrocinador principal, un equipo renovado y el escenario ideal<\/strong>: los componentes con los que la Rafa Nadal Academy by Cox busca <strong>sacarse la espina de la Hexagon Cup.\u00a0<\/strong><\/p>\n","protected":false},"excerpt":{"rendered":"Todos los equipos llegan con ilusi\u00f3n a esta nueva edici\u00f3n de la Generali Hexagon Cup, que se disputar\u00e1&hellip;\n","protected":false},"author":2,"featured_media":338789,"comment_status":"","ping_status":"","sticky":false,"template":"","format":"standard","meta":{"footnotes":""},"categories":[274],"tags":[168,25,24,23,167,327,326],"class_list":{"0":"post-338788","1":"post","2":"type-post","3":"status-publish","4":"format-standard","5":"has-post-thumbnail","7":"category-tenis","8":"tag-deportes","9":"tag-es","10":"tag-espana","11":"tag-spain","12":"tag-sports","13":"tag-tenis","14":"tag-tennis"},"share_on_mastodon":{"url":"https:\/\/pubeurope.com\/@es\/115889370893922596","error":""},"_links":{"self":[{"href":"https:\/\/www.europesays.com\/es\/wp-json\/wp\/v2\/posts\/338788","targetHints":{"allow":["GET"]}}],"collection":[{"href":"https:\/\/www.europesays.com\/es\/wp-json\/wp\/v2\/posts"}],"about":[{"href":"https:\/\/www.europesays.com\/es\/wp-json\/wp\/v2\/types\/post"}],"author":[{"embeddable":true,"href":"https:\/\/www.europesays.com\/es\/wp-json\/wp\/v2\/users\/2"}],"replies":[{"embeddable":true,"href":"https:\/\/www.europesays.com\/es\/wp-json\/wp\/v2\/comments?post=338788"}],"version-history":[{"count":0,"href":"https:\/\/www.europesays.com\/es\/wp-json\/wp\/v2\/posts\/338788\/revisions"}],"wp:featuredmedia":[{"embeddable":true,"href":"https:\/\/www.europesays.com\/es\/wp-json\/wp\/v2\/media\/338789"}],"wp:attachment":[{"href":"https:\/\/www.europesays.com\/es\/wp-json\/wp\/v2\/media?parent=338788"}],"wp:term":[{"taxonomy":"category","embeddable":true,"href":"https:\/\/www.europesays.com\/es\/wp-json\/wp\/v2\/categories?post=338788"},{"taxonomy":"post_tag","embeddable":true,"href":"https:\/\/www.europesays.com\/es\/wp-json\/wp\/v2\/tags?post=338788"}],"curies":[{"name":"wp","href":"https:\/\/api.w.org\/{rel}","templated":true}]}}