{"id":338803,"date":"2026-01-13T19:19:12","date_gmt":"2026-01-13T19:19:12","guid":{"rendered":"https:\/\/www.europesays.com\/es\/338803\/"},"modified":"2026-01-13T19:19:12","modified_gmt":"2026-01-13T19:19:12","slug":"el-perro-de-good-boy-hace-historia-como-el-primero-en-recibir-un-premio-a-la-mejor-interpretacion-venciendo-a-actores-como-ethan-hawke-o-alison-brie","status":"publish","type":"post","link":"https:\/\/www.europesays.com\/es\/338803\/","title":{"rendered":"El perro de &#8216;Good Boy&#8217; hace historia como el primero en recibir un premio a la mejor interpretaci\u00f3n, venciendo a actores como Ethan Hawke o Alison Brie"},"content":{"rendered":"<p>Las pel\u00edculas de terror no dejan de sorprender cuando la temporada de premios se pone interesante, y &#8216;<a class=\"text-outboundlink\" href=\"https:\/\/www.espinof.com\/criticas\/good-boy-mucho-que-pelicula-terror-perrete-atrevida-rompedora-aproximacion-al-cine-genero-alma-puro-fanzine\" data-vars-post-title=\"&#039;Good Boy&#039; es mucho m\u00e1s que la pel\u00edcula de terror del perrete. Una atrevida y rompedora aproximaci\u00f3n al cine de g\u00e9nero con alma de puro fanzine\" data-vars-post-url=\"https:\/\/www.espinof.com\/criticas\/good-boy-mucho-que-pelicula-terror-perrete-atrevida-rompedora-aproximacion-al-cine-genero-alma-puro-fanzine\" rel=\"nofollow noopener\" target=\"_blank\">Good Boy<\/a>&#8216; es el mejor ejemplo de ello. Despu\u00e9s de convertirse en <strong>uno de los t\u00edtulos m\u00e1s comentados del 2025<\/strong> dentro del g\u00e9nero, la pel\u00edcula contin\u00faa cosechando reconocimientos.<\/p>\n<p>Su \u00faltima victoria tiene que ver con su protagonista, el perro Indy, que fue galardonado con el premio a <strong>Mejor actuaci\u00f3n en una pel\u00edcula de terror<\/strong> en los <strong>Premios Astra<\/strong>, una categor\u00eda donde compitieron int\u00e9rpretes de renombre y donde nadie esperaba que un actor de este calibre pudiera imponerse de una manera tan contundente.\u00a0<\/p>\n<p>El fen\u00f3meno de &#8216;Good Boy&#8217;<\/p>\n<p>Este logro ya empieza a considerarse como <strong>algo hist\u00f3rico dentro del cine de terror<\/strong> y vuelve a confirmar el curioso fen\u00f3meno que ha rodeado a esta producci\u00f3n desde que se estren\u00f3.<\/p>\n<p>    <a href=\"https:\/\/www.espinof.com\/entrevistas\/rodamos-ocho-segundos-metraje-al-dia-durante-tres-anos-hablamos-director-good-boy-perretes-trucos-camara-superpoder-su-pelicula\" class=\"pivot-outboundlink\" data-vars-post-title=\"El director de &#039;Good Boy&#039;, sobre su perrete Indy, trucos de c\u00e1mara y el superpoder de su pel\u00edcula: &quot;Rodamos ocho segundos de metraje al d\u00eda durante tres a\u00f1os&quot;\" rel=\"nofollow noopener\" target=\"_blank\"><br \/>\n     <img loading=\"lazy\" decoding=\"async\" alt=\"El director de 'Good Boy', sobre su perrete Indy, trucos de c\u00e1mara y el superpoder de su pel\u00edcula: &quot;Rodamos ocho segundos de metraje al d\u00eda durante tres a\u00f1os&quot;\" width=\"375\" height=\"142\" src=\"https:\/\/www.europesays.com\/es\/wp-content\/uploads\/2026\/01\/1768331951_166_375_142.jpeg\"\/><br \/>\n    <\/a><\/p>\n<p>&#8216;Good Boy&#8217; lleg\u00f3 a salas el pasado a\u00f1o y llam\u00f3 la atenci\u00f3n desde que se compartieron sus primeras im\u00e1genes. En el centro de ese entusiasmo se encontraba Indy, un carism\u00e1tico perro que consigui\u00f3 conquistar al p\u00fablico de todas partes con una mezcla de presencia, expresividad y ternura poco habitual en el cine de este g\u00e9nero.<\/p>\n<p>El premio recibido en los Astra no solo premia su carisma frente a la c\u00e1mara: tambi\u00e9n convierte a Indy en el <strong>primer animal<\/strong> en ganar este reconocimiento, marcando un precedente en unos galardones que celebran la excelencia y la creatividad del entretenimiento.\u00a0<\/p>\n<p>Para subrayar el tama\u00f1o de la haza\u00f1a, basta con ver contra qui\u00e9n compet\u00eda en la categor\u00eda: <strong>Ethan Hawke, Sally Hawkins, Alison Brie, Sophie Thatcher \u00a0y Alfie Williams<\/strong>.<\/p>\n<p>                   <img class=\"centro_sinmarco\" height=\"800\" width=\"1422\" loading=\"lazy\" decoding=\"async\"  fetchpriority=\"high\"  src=\"https:\/\/www.europesays.com\/es\/wp-content\/uploads\/2026\/01\/1768331952_155_450_1000.jpeg\" alt=\"'Good Boy'\"\/><\/p>\n<p>Todo esto ha impulsado tambi\u00e9n la figura de Ben Leonberg, director de &#8216;Good Boy&#8217; y due\u00f1o de Indy, que <strong>agradeci\u00f3 el reconocimiento y c\u00f3mo se sigue valorando el ingenio del terror independiente<\/strong>.<\/p>\n<blockquote><p>\u00abEstamos profundamente agradecidos de que se haya reconocido el trabajo de Indy en una pel\u00edcula en la que \u00e9l ni siquiera sab\u00eda del todo qu\u00e9 estaba haciendo. Este premio refleja la libertad que tiene el cine de terror: la libertad de experimentar con las actuaciones, de jugar y de arriesgarse, especialmente para cineastas nuevos como nosotros\u00bb<\/p><\/blockquote>\n<p>En Espinof | <a class=\"text-outboundlink\" href=\"https:\/\/www.espinof.com\/listas\/mejores-peliculas-2025\" data-vars-post-title=\"Las 25 mejores pel\u00edculas de 2025\" data-vars-post-url=\"https:\/\/www.espinof.com\/listas\/mejores-peliculas-2025\" rel=\"nofollow noopener\" target=\"_blank\">Las mejores pel\u00edculas de 2025<\/a><\/p>\n<p>En Espinof | <a class=\"text-outboundlink\" href=\"https:\/\/www.espinof.com\/listas\/mejores-peliculas-terror-2025\" data-vars-post-title=\"Las 14 mejores pel\u00edculas de terror de 2025\" data-vars-post-url=\"https:\/\/www.espinof.com\/listas\/mejores-peliculas-terror-2025\" rel=\"nofollow noopener\" target=\"_blank\">Las mejores pel\u00edculas de terror de 2025<\/a><\/p>\n","protected":false},"excerpt":{"rendered":"Las pel\u00edculas de terror no dejan de sorprender cuando la temporada de premios se pone interesante, y &#8216;Good&hellip;\n","protected":false},"author":2,"featured_media":338804,"comment_status":"","ping_status":"","sticky":false,"template":"","format":"standard","meta":{"footnotes":""},"categories":[169],"tags":[177,146,147,25,24,176,175,23],"class_list":{"0":"post-338803","1":"post","2":"type-post","3":"status-publish","4":"format-standard","5":"has-post-thumbnail","7":"category-cine","8":"tag-cine","9":"tag-entertainment","10":"tag-entretenimiento","11":"tag-es","12":"tag-espana","13":"tag-film","14":"tag-movies","15":"tag-spain"},"share_on_mastodon":{"url":"https:\/\/pubeurope.com\/@es\/115889410112938921","error":""},"_links":{"self":[{"href":"https:\/\/www.europesays.com\/es\/wp-json\/wp\/v2\/posts\/338803","targetHints":{"allow":["GET"]}}],"collection":[{"href":"https:\/\/www.europesays.com\/es\/wp-json\/wp\/v2\/posts"}],"about":[{"href":"https:\/\/www.europesays.com\/es\/wp-json\/wp\/v2\/types\/post"}],"author":[{"embeddable":true,"href":"https:\/\/www.europesays.com\/es\/wp-json\/wp\/v2\/users\/2"}],"replies":[{"embeddable":true,"href":"https:\/\/www.europesays.com\/es\/wp-json\/wp\/v2\/comments?post=338803"}],"version-history":[{"count":0,"href":"https:\/\/www.europesays.com\/es\/wp-json\/wp\/v2\/posts\/338803\/revisions"}],"wp:featuredmedia":[{"embeddable":true,"href":"https:\/\/www.europesays.com\/es\/wp-json\/wp\/v2\/media\/338804"}],"wp:attachment":[{"href":"https:\/\/www.europesays.com\/es\/wp-json\/wp\/v2\/media?parent=338803"}],"wp:term":[{"taxonomy":"category","embeddable":true,"href":"https:\/\/www.europesays.com\/es\/wp-json\/wp\/v2\/categories?post=338803"},{"taxonomy":"post_tag","embeddable":true,"href":"https:\/\/www.europesays.com\/es\/wp-json\/wp\/v2\/tags?post=338803"}],"curies":[{"name":"wp","href":"https:\/\/api.w.org\/{rel}","templated":true}]}}