{"id":338824,"date":"2026-01-13T19:35:12","date_gmt":"2026-01-13T19:35:12","guid":{"rendered":"https:\/\/www.europesays.com\/es\/338824\/"},"modified":"2026-01-13T19:35:12","modified_gmt":"2026-01-13T19:35:12","slug":"el-real-madrid-no-firma-aun-con-la-euroliga","status":"publish","type":"post","link":"https:\/\/www.europesays.com\/es\/338824\/","title":{"rendered":"El Real Madrid no firma a\u00fan con la Euroliga"},"content":{"rendered":"<p class=\"\"><a href=\"https:\/\/as.com\/baloncesto\/euroliga\/los-caminos-del-real-madrid-euroliga-limbo-y-el-laberinto-de-la-champions-league-f202601-n\/\" target=\"_self\" rel=\"nofollow noopener\" title=\"https:\/\/as.com\/baloncesto\/euroliga\/los-caminos-del-real-madrid-euroliga-limbo-y-el-laberinto-de-la-champions-league-f202601-n\/\">En una semana que, a priori, tiene que ser clave para el futuro del baloncesto europeo<\/a>, ha llegado uno de los primeros movimientos importantes, <b>ha ca\u00eddo una de las piezas fundamentales en una partida de ajedrez<\/b> que decidir\u00e1 <a href=\"https:\/\/as.com\/baloncesto\/euroliga\/la-hora-de-la-verdad-para-el-baloncesto-f202512-n\/\" target=\"_self\" rel=\"nofollow noopener\" title=\"https:\/\/as.com\/baloncesto\/euroliga\/la-hora-de-la-verdad-para-el-baloncesto-f202512-n\/\">las formas y estructuras de las competiciones del Viejo Continente a partir de, seguramente, ya la pr\u00f3xima temporada:<\/a> el Barcelona, como estaba cantado desde hac\u00eda semanas, <b>ha confirmado al resto de clubes propietarios que firmar\u00e1 su continuidad con la Euroliga.<\/b> Conservar\u00e1, como ya ocurr\u00eda con anterioridad, una cl\u00e1usula de salida de la competici\u00f3n con un penalizaci\u00f3n de<b> diez millones de euros<\/b>.<\/p>\n<p class=\"\">El club azulgrana era <b>uno de los cuatro que todav\u00eda no se hab\u00edan comprometido m\u00e1s all\u00e1 de este mes de junio<\/b>. Otro de ellos, el ASVEL franc\u00e9s, ahora dice que no es seguro que se vaya al entorno FIBA (Basketball Champions League), aunque todo indicaba que as\u00ed lo har\u00eda. Las miradas est\u00e1n puestas tambi\u00e9n sobre los otros dos: el Fenerbah\u00e7e, actual campe\u00f3n, que tambi\u00e9n apunta, como el Bar\u00e7a, a la renovaci\u00f3n hasta 2036; y <b>un Real Madrid con el que hay muchas m\u00e1s dudas y que se est\u00e1 moviendo por su propio camino<\/b>, sin dar demasiadas pistas en las \u00faltimas horas. <\/p>\n<p class=\"\"><a href=\"https:\/\/as.com\/baloncesto\/euroliga\/asi-funcionan-las-licencias-en-euroliga-por-que-vuelve-el-valencia-basket-a-la-euroliga-dos-anos-despues-n\/\" target=\"_self\" rel=\"nofollow noopener\" title=\"https:\/\/as.com\/baloncesto\/euroliga\/asi-funcionan-las-licencias-en-euroliga-por-que-vuelve-el-valencia-basket-a-la-euroliga-dos-anos-despues-n\/\">De los trece equipos con licencia fija en la Euroliga, los propietarios de la competici\u00f3n<\/a>, solo esos cuatro no hab\u00edan rubricado su continuidad hasta 2036, por diez a\u00f1os m\u00e1s ya que las actuales licencias caducan el 30 de junio. El board, la asamblea que forman esos equipos, fij\u00f3 <b>el 15 de enero como fecha tope para saber definitivamente qui\u00e9n est\u00e1 a bordo y qui\u00e9n no<\/b>. Porque l<a href=\"https:\/\/as.com\/baloncesto\/nba\/la-nba-valora-cada-franquicia-en-europa-en-1000-millones-f202601-n\/\" target=\"_self\" rel=\"nofollow noopener\" title=\"https:\/\/as.com\/baloncesto\/nba\/la-nba-valora-cada-franquicia-en-europa-en-1000-millones-f202601-n\/\">a NBA sigue dando pasos en su decisi\u00f3n de poner en marcha, de la mano de FIBA<\/a>, una competici\u00f3n que, salvo acuerdo que no parece ni mucho menos cercano, <b>har\u00e1 competencia directa por la posici\u00f3n hegem\u00f3nica a una Euroliga que se mantiene firme<\/b> y que ha enviado una carta a la Liga estadounidense para advertir de que podr\u00eda emprender acciones legales si la NBA negocia con equipos que ya tienen firmada su continuidad en la Euroliga hasta 2036.<\/p>\n<p class=\"\"><a href=\"https:\/\/as.com\/baloncesto\/euroliga\/y-si-el-barcelona-se-planta-con-la-nba-y-deja-solo-al-real-madrid-f202512-n\/\" target=\"_self\" rel=\"nofollow noopener\" title=\"https:\/\/as.com\/baloncesto\/euroliga\/y-si-el-barcelona-se-planta-con-la-nba-y-deja-solo-al-real-madrid-f202512-n\/\">Hace semanas que se daba por seguro, salvo sorpresa, que el Bar\u00e7a tomar\u00eda esta decisi\u00f3n<\/a>. Si <b>en el pasado era uno de los que parec\u00edan m\u00e1s distanciados de la Euroliga, y vinculaba su camino al del Real Madrid<\/b>, despu\u00e9s la postura azulgrana cambi\u00f3. Adem\u00e1s, las relaciones institucionales, m\u00e1s all\u00e1 del baloncesto, entre Madrid y Bar\u00e7a no est\u00e1n, ahora mismo, para pensar en estrategias comunes. <\/p>\n<p class=\"\">Las pr\u00f3ximas horas pueden ser claves para el futuro del club blanco, <b>pero tambi\u00e9n podr\u00eda haber una pr\u00f3rroga en las decisiones dr\u00e1sticas<\/b>: se puede llegar a un debate sobre si la fecha tope es el 15 de enero, como pactaron los clubes, o si se puede alargar al 30 de junio, cuando acaban los actuales contratos. El Real Madrid se agarra a esta segunda interpretaci\u00f3n \u2014tambi\u00e9n el Fenerbah\u00e7e\u2014 para retrasar su posicionamiento, pero <b>desde el <\/b><b>board <\/b><b>se tiene la certeza de que la fecha para hablar es ahora, esta semana.<\/b> A nivel deportivo y de planificaci\u00f3n, adem\u00e1s, ser\u00eda muy peligroso para la Euroliga llegar a las puertas del verano con cuestiones en el aire tan importantes como la continuidad o no de un club de la trascendencia del Madrid.<\/p>\n<p>El futuro de Motiejunas, en el aire<\/p>\n<p class=\"\">A pesar de que los clubes reeligieron a <b>Paulius Motiejunas<\/b> como <b>CEO de la Euroliga en 2024<\/b>, el mandatario lituano podr\u00eda no seguir en el cargo. Seg\u00fan publica Basketnews, un comit\u00e9 formado por representantes de algunos clubes ha contratado a una agencia para explorar <b>posibles candidatos para el puesto<\/b>, en el caso de que decidan prescindir de Motiejunas. La reelecci\u00f3n de 2024 era por cuatro a\u00f1os, pero incluye una cl\u00e1usula para que cese en funciones tras los dos primeros.<\/p>\n<p>Noticias relacionadas<a href=\"https:\/\/as.com\/baloncesto\/euroliga\/los-caminos-del-real-madrid-euroliga-limbo-y-el-laberinto-de-la-champions-league-f202601-n\/\" class=\"s_m_w\" title=\"En unos d\u00edas decisivos para la historia del baloncesto europeo, hay muchas dudas sobre qu\u00e9 decisi\u00f3n tomar\u00e1 el Real Madrid sobre su futuro en la Euroliga. La BCL aparece como una opci\u00f3n difusa.\" data-tb-link=\"\" rel=\"nofollow noopener\" target=\"_blank\"><img decoding=\"async\" src=\"https:\/\/www.europesays.com\/es\/wp-content\/uploads\/2026\/01\/7MZPYWRCFJOX7F2HZESRKNNSVA.jpg\" alt=\"Los caminos del Real Madrid: Euroliga, limbo\u2026 y el laberinto de la Champions League \" class=\"\" height=\"9\" width=\"16\"   loading=\"lazy\" data-tb-thumbnail=\"\"\/><\/a><a href=\"https:\/\/as.com\/baloncesto\/nba\/la-nba-valora-cada-franquicia-en-europa-en-1000-millones-f202601-n\/\" class=\"s_m_w\" title=\"La NBA se reunir\u00e1 esta semana en Londres con posibles patrocinadores, clubes interesados e inversores en la futura competici\u00f3n europea mientras que la Euroliga se plantea demandar a la NBA.\" data-tb-link=\"\" rel=\"nofollow noopener\" target=\"_blank\"><img decoding=\"async\" src=\"https:\/\/www.europesays.com\/es\/wp-content\/uploads\/2026\/01\/ODPP4WL24BKJTLFCIUACVHAFHE.jpg\" alt=\"La NBA valora cada franquicia en Europa en 1.000 millones\" class=\"\" height=\"9\" width=\"16\"   loading=\"lazy\" data-tb-thumbnail=\"\"\/><\/a><\/p>\n<p class=\"\">Se espera que la agencia contratada reduzca la lista de posibles candidatos a tres o cuatro, que <b>podr\u00edan ser ya presentados<\/b> en la junta de accionistas que se celebrar\u00e1 en Barcelona a finales de mes. Existe cierto debate entre los clubes sobre la continuidad o no de Motiejunas, con dos posturas encontradas. <\/p>\n<p class=\"\"><b>\u00a1Tus opiniones importan!<\/b> Comenta en los art\u00edculos y suscr\u00edbete gratis a nuestra <a href=\"https:\/\/asfan.as.com\/newsletters\/\" target=\"_blank\" rel=\"nofollow noopener\" title=\"https:\/\/asfan.as.com\/newsletters\/\">newsletter<\/a> y a las alertas informativas en la <a href=\"https:\/\/as.com\/aplicacion-de-as-n\/\" target=\"_blank\" rel=\"nofollow noopener\" title=\"https:\/\/as.com\/aplicacion-de-as-n\/\">App<\/a> o el canal de <a href=\"https:\/\/www.whatsapp.com\/channel\/0029VaAasdA7j6g745nz9M10\" target=\"_blank\" rel=\"nofollow noopener\" title=\"https:\/\/www.whatsapp.com\/channel\/0029VaAasdA7j6g745nz9M10\">WhatsApp<\/a>. \u00bfBuscas licenciar contenido? Haz clic <a href=\"https:\/\/profesional.elpais.com\/soluciones-sindicacion?utm_medium=interno&amp;utm_source=crosslinking&amp;utm_campaign=sindicacion_as_pie_articulos\" target=\"_blank\" rel=\"nofollow noopener\" title=\"https:\/\/profesional.elpais.com\/soluciones-sindicacion?utm_medium=interno&amp;utm_source=crosslinking&amp;utm_campaign=sindicacion_as_pie_articulos\">aqu\u00ed<\/a><\/p>\n","protected":false},"excerpt":{"rendered":"En una semana que, a priori, tiene que ser clave para el futuro del baloncesto europeo, ha llegado&hellip;\n","protected":false},"author":2,"featured_media":338825,"comment_status":"","ping_status":"","sticky":false,"template":"","format":"standard","meta":{"footnotes":""},"categories":[269],"tags":[299,298,168,25,24,23,167],"class_list":{"0":"post-338824","1":"post","2":"type-post","3":"status-publish","4":"format-standard","5":"has-post-thumbnail","7":"category-baloncesto","8":"tag-baloncesto","9":"tag-basketball","10":"tag-deportes","11":"tag-es","12":"tag-espana","13":"tag-spain","14":"tag-sports"},"share_on_mastodon":{"url":"https:\/\/pubeurope.com\/@es\/115889473061854856","error":""},"_links":{"self":[{"href":"https:\/\/www.europesays.com\/es\/wp-json\/wp\/v2\/posts\/338824","targetHints":{"allow":["GET"]}}],"collection":[{"href":"https:\/\/www.europesays.com\/es\/wp-json\/wp\/v2\/posts"}],"about":[{"href":"https:\/\/www.europesays.com\/es\/wp-json\/wp\/v2\/types\/post"}],"author":[{"embeddable":true,"href":"https:\/\/www.europesays.com\/es\/wp-json\/wp\/v2\/users\/2"}],"replies":[{"embeddable":true,"href":"https:\/\/www.europesays.com\/es\/wp-json\/wp\/v2\/comments?post=338824"}],"version-history":[{"count":0,"href":"https:\/\/www.europesays.com\/es\/wp-json\/wp\/v2\/posts\/338824\/revisions"}],"wp:featuredmedia":[{"embeddable":true,"href":"https:\/\/www.europesays.com\/es\/wp-json\/wp\/v2\/media\/338825"}],"wp:attachment":[{"href":"https:\/\/www.europesays.com\/es\/wp-json\/wp\/v2\/media?parent=338824"}],"wp:term":[{"taxonomy":"category","embeddable":true,"href":"https:\/\/www.europesays.com\/es\/wp-json\/wp\/v2\/categories?post=338824"},{"taxonomy":"post_tag","embeddable":true,"href":"https:\/\/www.europesays.com\/es\/wp-json\/wp\/v2\/tags?post=338824"}],"curies":[{"name":"wp","href":"https:\/\/api.w.org\/{rel}","templated":true}]}}