{"id":338834,"date":"2026-01-13T19:41:13","date_gmt":"2026-01-13T19:41:13","guid":{"rendered":"https:\/\/www.europesays.com\/es\/338834\/"},"modified":"2026-01-13T19:41:13","modified_gmt":"2026-01-13T19:41:13","slug":"programa-esports-dimarts-13-de-gener-de-2026-radio-vila-real-92-2-fm","status":"publish","type":"post","link":"https:\/\/www.europesays.com\/es\/338834\/","title":{"rendered":"Programa Esports dimarts 13 de gener de 2026 \u2013 Radio Vila-real 92.2 FM"},"content":{"rendered":"<p>      <a class=\"custom-header-a\" href=\"https:\/\/www.radiovila-real.es\/\" rel=\"nofollow noopener\" target=\"_blank\"><br \/>\n        <img decoding=\"async\" src=\"https:\/\/www.europesays.com\/es\/wp-content\/uploads\/2025\/11\/fondo-tv-blanco-2-logo.jpg\" class=\"custom-header\"\/><br \/>\n      <\/a><\/p>\n<p style=\"float:left;margin: 7px 21px 7px 0;\">13 enero, 2026<\/p>\n<p>        <b>\u00daltimas noticias:<\/b><\/p>\n<ul>\n<li><a href=\"https:\/\/www.radiovila-real.es\/programa-esports-dimarts-13-de-gener-de-2026\/\" rel=\"nofollow noopener\" target=\"_blank\">Programa Esports dimarts 13 de gener de 2026<\/a> <\/li>\n<li><a href=\"https:\/\/www.radiovila-real.es\/el-pp-entrega-a-sant-vicent-de-paul-los-bricks-de-leche-que-ha-recogido-en-el-espacio-solidario-maria-jose-valtuena\/\" rel=\"nofollow noopener\" target=\"_blank\">El PP entrega a Sant Vicent de Pa\u00fcl los bricks de leche que ha recogido en el espacio solidario &#8216;Maria Jos\u00e9 Valtue\u00f1a&#8217;<\/a> <\/li>\n<li><a href=\"https:\/\/www.radiovila-real.es\/onda-mejora-el-parque-movil-de-la-policia-local-con-la-incorporacion-de-tres-nuevos-vehiculos-hibridos\/\" rel=\"nofollow noopener\" target=\"_blank\">Onda mejora el parque m\u00f3vil de la Polic\u00eda Local con la incorporaci\u00f3n de tres nuevos veh\u00edculos h\u00edbridos<\/a> <\/li>\n<li><a href=\"https:\/\/www.radiovila-real.es\/fundacio-caixa-rural-vila-real-abre-la-nueva-convocatoria-de-ayudas-para-2026\/\" rel=\"nofollow noopener\" target=\"_blank\">Fundaci\u00f3 Caixa Rural Vila-real abre la nueva convocatoria de ayudas para 2026<\/a> <\/li>\n<li><a href=\"https:\/\/www.radiovila-real.es\/la-unio-reclama-igualtat-de-condicions-per-a-salvaguardar-als-productors-ecologics-valencians-enfront-de-les-importacions-deslleials\/\" rel=\"nofollow noopener\" target=\"_blank\">LA UNI\u00d3 reclama igualtat de condicions per a salvaguardar als productors ecol\u00f2gics valencians enfront de les importacions deslleials<\/a> <\/li>\n<li><a href=\"https:\/\/www.radiovila-real.es\/marxa-civica-en-commemoracio-de-la-crema-de-1706\/\" rel=\"nofollow noopener\" target=\"_blank\">Marxa C\u00edvica en commemoraci\u00f3 de la Crema de 1706<\/a> <\/li>\n<li><a href=\"https:\/\/www.radiovila-real.es\/burriana-celebrara-sant-antoni-2026-amb-una-programacio-variada-i-lestrena-duna-nova-imatge-del-sant\/\" rel=\"nofollow noopener\" target=\"_blank\">Burriana celebrar\u00e0 Sant Antoni 2026 amb una programaci\u00f3 variada i l\u2019estrena d\u2019una nova imatge del sant<\/a> <\/li>\n<li><a href=\"https:\/\/www.radiovila-real.es\/betxi-viu-sant-antoni-entre-cul-rogets-la-romeria-i-la-matxa-com-a-eixos-de-la-festa\/\" rel=\"nofollow noopener\" target=\"_blank\">Betx\u00ed viu Sant Antoni entre Cul-Rogets, la romeria i la Matx\u00e0 com a eixos de la festa<\/a> <\/li>\n<li><a href=\"https:\/\/www.radiovila-real.es\/burriana-obri-el-termini-per-a-sol%c2%b7licitar-les-bonificacions-fiscals-destinades-a-families-monoparentals-i-nombroses\/\" rel=\"nofollow noopener\" target=\"_blank\">Burriana obri el termini per a sol\u00b7licitar les bonificacions fiscals destinades a fam\u00edlies monoparentals i nombroses<\/a> <\/li>\n<li><a href=\"https:\/\/www.radiovila-real.es\/la-diputacio-de-castello-arranca-2026-amb-obres-en-tres-carreteres-i-ultima-la-licitacio-de-millores-a-les-useres-benassal-forcall-i-la-mata\/\" rel=\"nofollow noopener\" target=\"_blank\">La Diputaci\u00f3 de Castell\u00f3 arranca 2026 amb obres en tres carreteres i ultima la licitaci\u00f3 de millores a Les Useres, Benassal, Forcall i La Mata<\/a> <\/li>\n<\/ul>\n<ul id=\"social\">\n<li class=\"facebook\">\n        <a href=\"https:\/\/www.facebook.com\/radiovilareal\" target=\"_blank\" title=\"Facebook\" rel=\"nofollow noopener\"><\/a>\n      <\/li>\n<li class=\"twitter\">\n        <a href=\"https:\/\/twitter.com\/VilarealRadio\" target=\"_blank\" title=\"Twitter\" rel=\"nofollow noopener\"><\/a>\n      <\/li>\n<li class=\"gplus\" style=\"display:none;\">\n        <a href=\"#\" target=\"_blank\" title=\"Google +\"><\/a>\n      <\/li>\n<li class=\"rss\">\n        <a href=\"http:\/\/www.radiovila-real.es\/feed\" target=\"_blank\" title=\"Rss\" rel=\"nofollow noopener\"><\/a>\n      <\/li>\n<li class=\"instagram\">\n        <a href=\"https:\/\/www.instagram.com\/radiovila_real\" target=\"_blank\" title=\"Instagram\" rel=\"nofollow noopener\"><\/a>\n      <\/li>\n<li class=\"linkedin\" style=\"display:none;\">\n        <a href=\"#\" target=\"_blank\" title=\"LinkEdin\"><\/a>\n      <\/li>\n<li class=\"pinterest\" style=\"display:none;\">\n        <a href=\"#\" target=\"_blank\" title=\"Pinterest\"><\/a>\n      <\/li>\n<li class=\"youtube\" style=\"display:none;\">\n        <a href=\"#\" target=\"_blank\" title=\"YouTube\"><\/a>\n      <\/li>\n<\/ul>\n<p>          <a id=\"logo\" href=\"https:\/\/www.radiovila-real.es\/\" title=\"Radio Vila-real 92.2 FM\" rel=\"nofollow noopener\" target=\"_blank\"><br \/>\n        <img decoding=\"async\" id=\"site-title\" src=\"https:\/\/www.europesays.com\/es\/wp-content\/uploads\/2025\/09\/Radio_Vila-real.png\" alt=\"logo\"\/><br \/>\n      <\/a><\/p>\n<ul id=\"top-nav-list\" class=\" top-nav-list\">\n<li id=\"menu-item-12\" class=\"menu-item menu-item-type-custom menu-item-object-custom menu-item-home current-post-parent menu-item-12\"><a href=\"http:\/\/www.radiovila-real.es\" rel=\"nofollow noopener\" target=\"_blank\">Inicio<\/a><\/li>\n<li id=\"menu-item-6070\" class=\"menu-item menu-item-type-taxonomy menu-item-object-category current-post-ancestor current-menu-parent current-post-parent menu-item-has-children menu-item-6070\"><a href=\"https:\/\/www.radiovila-real.es\/category\/categorias\/programacion\/\" rel=\"nofollow noopener\" target=\"_blank\">Programaci\u00f3n<\/a>\n<ul class=\"sub-menu\">\n<li id=\"menu-item-27989\" class=\"menu-item menu-item-type-taxonomy menu-item-object-category menu-item-27989\"><a href=\"https:\/\/www.radiovila-real.es\/category\/categorias\/protagonistes-vila-real\/\" rel=\"nofollow noopener\" target=\"_blank\">Protagonistes Vila-real<\/a><\/li>\n<\/ul>\n<\/li>\n<li id=\"menu-item-17\" class=\"menu-item menu-item-type-taxonomy menu-item-object-category current-post-ancestor current-menu-parent current-post-parent menu-item-17\"><a href=\"https:\/\/www.radiovila-real.es\/category\/categorias\/noticias\/\" rel=\"nofollow noopener\" target=\"_blank\">Noticias<\/a><\/li>\n<li id=\"menu-item-1804\" class=\"menu-item menu-item-type-taxonomy menu-item-object-category current-post-ancestor current-menu-parent current-post-parent menu-item-1804\"><a href=\"https:\/\/www.radiovila-real.es\/category\/categorias\/futbol\/\" rel=\"nofollow noopener\" target=\"_blank\">F\u00fatbol<\/a><\/li>\n<li id=\"menu-item-1805\" class=\"menu-item menu-item-type-custom menu-item-object-custom menu-item-1805\"><a href=\"http:\/\/www.radiovila-real.es\/online.php\" title=\"Emision en directo\" rel=\"nofollow noopener\" target=\"_blank\">Directo<\/a><\/li>\n<li id=\"menu-item-18759\" class=\"menu-item menu-item-type-taxonomy menu-item-object-category menu-item-18759\"><a href=\"https:\/\/www.radiovila-real.es\/category\/categorias\/radio-vila-real\/\" rel=\"nofollow noopener\" target=\"_blank\">Nosotros<\/a><\/li>\n<li id=\"menu-item-105302\" class=\"menu-item menu-item-type-post_type menu-item-object-page menu-item-105302\"><a href=\"https:\/\/www.radiovila-real.es\/tarifas\/\" rel=\"nofollow noopener\" target=\"_blank\">Tarifas<\/a><\/li>\n<\/ul>\n<p>      Menu <\/p>\n<p>\t\t\t\tfacebook<\/p>\n<p> Publicidad<a href=\"https:\/\/www.gva.es\/va\/inicio\/presentacion\" target=\"_blank\" rel=\"nofollow noopener\"><img decoding=\"async\" src=\"https:\/\/www.europesays.com\/es\/wp-content\/uploads\/2025\/09\/LOGO-GENERALITAT-ROJO.png\" width=\"400px\" height=\"250px\"\/><\/a> <\/p>\n<p>Publicidad<\/p>\n<p>Publicidad<\/p>\n<p> Publicidad<a href=\"https:\/\/www.gva.es\/va\/inicio\/presentacion\" target=\"_blank\" rel=\"nofollow noopener\"><img decoding=\"async\" src=\"https:\/\/www.europesays.com\/es\/wp-content\/uploads\/2025\/09\/LOGO-GENERALITAT-ROJO.png\" width=\"400px\" height=\"250px\"\/><\/a> <\/p>\n<p>Publicidad<\/p>\n<p>Publicidad<\/p>\n<p> Publicidad<a href=\"https:\/\/www.gva.es\/va\/inicio\/presentacion\" target=\"_blank\" rel=\"nofollow noopener\"><img decoding=\"async\" src=\"https:\/\/www.europesays.com\/es\/wp-content\/uploads\/2025\/09\/LOGO-GENERALITAT-ROJO.png\" width=\"400px\" height=\"250px\"\/><\/a> \t<\/p>\n<p>                <img decoding=\"async\" class=\"wp-post-image\" src=\"https:\/\/www.europesays.com\/es\/wp-content\/uploads\/2026\/01\/moleiro.jpg\" alt=\"Programa Esports dimarts 13 de gener de 2026\" style=\"width:100%; height:auto; max-width:none; left:0; top:-66.25px;\"\/>                      <\/p>\n<p>&#13;<br \/>\n\t\t\t\t Visitas: 251&#13;\n\t\t\t<\/p>\n<p><a href=\"http:\/\/www.radiovila-real.es\/wp-content\/uploads\/2026\/01\/20260113_14-01-12.mp3\" rel=\"nofollow noopener\" target=\"_blank\">http:\/\/www.radiovila-real.es\/wp-content\/uploads\/2026\/01\/20260113_14-01-12.mp3<\/a><\/p>\n<p style=\"text-align: center;\"><a data-e-disable-page-transition=\"true\" class=\"download-link\" title=\"\" href=\"http:\/\/www.radiovila-real.es\/download\/155864\/?tmstv=1768333268\" rel=\"nofollow noopener\" id=\"download-link-155864\" data-redirect=\"false\" target=\"_blank\"><br \/>\n\t13-1-26<\/a>\n<\/p>\n<p>\t\t\t\t\t  <a href=\"https:\/\/www.radiovila-real.es\/programa-esports-dimarts-13-de-gener-de-2026\/\" title=\"14:01\" rel=\"bookmark nofollow noopener\" target=\"_blank\">13 enero, 2026<\/a>  <a class=\"url fn n\" href=\"https:\/\/www.radiovila-real.es\/author\/radio-vila-real\/\" title=\"Ver todos los mensajes de Radio Vila-real\" rel=\"author nofollow noopener\" target=\"_blank\">Radio Vila-real<\/a><br \/>\n\t\t\t\t <a href=\"https:\/\/www.radiovila-real.es\/category\/categorias\/futbol\/\" rel=\"category tag nofollow noopener\" target=\"_blank\">F\u00fatbol<\/a>, <a href=\"https:\/\/www.radiovila-real.es\/category\/categorias\/noticias\/\" rel=\"category tag nofollow noopener\" target=\"_blank\">Noticias<\/a>, <a href=\"https:\/\/www.radiovila-real.es\/category\/categorias\/programacion\/\" rel=\"category tag nofollow noopener\" target=\"_blank\">Programacion<\/a>\t\t\t\t    &#13;<br \/>\n      <a href=\"https:\/\/www.radiovila-real.es\/el-pp-entrega-a-sant-vicent-de-paul-los-bricks-de-leche-que-ha-recogido-en-el-espacio-solidario-maria-jose-valtuena\/\" rel=\"prev nofollow noopener\" target=\"_blank\">\u2190 El PP entrega a Sant Vicent de Pa\u00fcl los bricks de leche que ha recogido en el espacio solidario \u2018Maria Jos\u00e9 Valtue\u00f1a\u2019<\/a>          <\/p>\n<p>Publicidad<\/p>\n<p>\t<script async src=\"https:\/\/platform.twitter.com\/widgets.js\" charset=\"utf-8\"><\/script><script async src=\"\/\/www.instagram.com\/embed.js\"><\/script><\/p>\n","protected":false},"excerpt":{"rendered":"13 enero, 2026 \u00daltimas noticias: Programa Esports dimarts 13 de gener de 2026 El PP entrega a Sant&hellip;\n","protected":false},"author":2,"featured_media":338835,"comment_status":"","ping_status":"","sticky":false,"template":"","format":"standard","meta":{"footnotes":""},"categories":[170],"tags":[146,147,25,24,184,185,23],"class_list":{"0":"post-338834","1":"post","2":"type-post","3":"status-publish","4":"format-standard","5":"has-post-thumbnail","7":"category-musica","8":"tag-entertainment","9":"tag-entretenimiento","10":"tag-es","11":"tag-espana","12":"tag-music","13":"tag-musica","14":"tag-spain"},"share_on_mastodon":{"url":"https:\/\/pubeurope.com\/@es\/115889496691414892","error":""},"_links":{"self":[{"href":"https:\/\/www.europesays.com\/es\/wp-json\/wp\/v2\/posts\/338834","targetHints":{"allow":["GET"]}}],"collection":[{"href":"https:\/\/www.europesays.com\/es\/wp-json\/wp\/v2\/posts"}],"about":[{"href":"https:\/\/www.europesays.com\/es\/wp-json\/wp\/v2\/types\/post"}],"author":[{"embeddable":true,"href":"https:\/\/www.europesays.com\/es\/wp-json\/wp\/v2\/users\/2"}],"replies":[{"embeddable":true,"href":"https:\/\/www.europesays.com\/es\/wp-json\/wp\/v2\/comments?post=338834"}],"version-history":[{"count":0,"href":"https:\/\/www.europesays.com\/es\/wp-json\/wp\/v2\/posts\/338834\/revisions"}],"wp:featuredmedia":[{"embeddable":true,"href":"https:\/\/www.europesays.com\/es\/wp-json\/wp\/v2\/media\/338835"}],"wp:attachment":[{"href":"https:\/\/www.europesays.com\/es\/wp-json\/wp\/v2\/media?parent=338834"}],"wp:term":[{"taxonomy":"category","embeddable":true,"href":"https:\/\/www.europesays.com\/es\/wp-json\/wp\/v2\/categories?post=338834"},{"taxonomy":"post_tag","embeddable":true,"href":"https:\/\/www.europesays.com\/es\/wp-json\/wp\/v2\/tags?post=338834"}],"curies":[{"name":"wp","href":"https:\/\/api.w.org\/{rel}","templated":true}]}}