{"id":338852,"date":"2026-01-13T19:50:15","date_gmt":"2026-01-13T19:50:15","guid":{"rendered":"https:\/\/www.europesays.com\/es\/338852\/"},"modified":"2026-01-13T19:50:15","modified_gmt":"2026-01-13T19:50:15","slug":"sanchez-y-junqueras-se-reunieron-dos-veces-en-privado-antes-del-8-de-enero","status":"publish","type":"post","link":"https:\/\/www.europesays.com\/es\/338852\/","title":{"rendered":"S\u00e1nchez y Junqueras se reunieron dos veces en privado antes del 8 de enero"},"content":{"rendered":"<p>El presidente del Gobierno, <strong>Pedro S\u00e1nchez, mantuvo dos reuniones privadas con el l\u00edder de Esquerra Republicana, Oriol Junqueras<\/strong>, antes del encuentro que protagonizaron el 8 de enero en el Palacio de la Moncloa. En ese encuentro, ambos hablaron y acordaron el nuevo modelo de financiaci\u00f3n auton\u00f3mica que este mi\u00e9rcoles se debatir\u00e1 en el <strong>Consejo de Pol\u00edtica Fiscal y Financiera (CPFF)<\/strong>.<\/p>\n<p>Fuentes del Gobierno han confirmado a RTVE esas dos reuniones, despu\u00e9s de que <strong>Junqueras asegurara este lunes que se vio varias veces con el presidente<\/strong> antes de su encuentro en Moncloa.<\/p>\n<p>Estas citas se produjeron antes de cerrar definitivamente un <strong>nuevo modelo de financiaci\u00f3n <\/strong>que, entre otras cosas, beneficiar\u00eda a Catalu\u00f1a con 4.700 millones de euros m\u00e1s. <\/p>\n<p>En la rueda de prensa posterior a la reuni\u00f3n del <strong>Consejo de ministros<\/strong> de este martes han sido varios los periodistas que han pedido m\u00e1s detalles sobre estas reuniones. La portavoz del Ejecutivo, <strong>Elma Saiz<\/strong>, respond\u00eda asegurando que \u00abno ten\u00eda informaci\u00f3n\u00bb al respecto y reiterando la voluntad de di\u00e1logo del Gobierno.<\/p>\n<p>M\u00e1s tarde, fuentes han confirmado los dos encuentros sin detallar, sin embargo, el momento en el que se concertaron ni tampoco la ubicaci\u00f3n.<\/p>\n<p>Junqueras defiende haber logrado la aplicaci\u00f3n de la ordinalidad<\/p>\n<p>Tras la cita del 8 de enero en Moncloa, Oriol Junqueras asegur\u00f3 haber pactado con Pedro S\u00e1nchez un acuerdo sobre financiaci\u00f3n y sobre la aplicaci\u00f3n del principio de ordinalidad. <\/p>\n<p>\u00abEs un buen modelo de financiaci\u00f3n, en el que <strong>nadie pierde y todo el mundo gana<\/strong>\u00ab, afirm\u00f3 en declaraciones a los medios a su salida de la reuni\u00f3n. Era el primer encuentro p\u00fablico entre ambos desde que el dirigente catal\u00e1n saliera de prisi\u00f3n indultado tras su encarcelamiento por el &#8216;proc\u00e9s&#8217;.<\/p>\n<p>Tambi\u00e9n avis\u00f3 que si el acuerdo no lograba superar el tr\u00e1mite parlamentario en el Congreso,<strong> \u00abquien saldr\u00e1n perdiendo son las empresas, los trabajadores, familias y el conjunto de la sociedad\u00bb<\/strong>. <\/p>\n","protected":false},"excerpt":{"rendered":"El presidente del Gobierno, Pedro S\u00e1nchez, mantuvo dos reuniones privadas con el l\u00edder de Esquerra Republicana, Oriol Junqueras,&hellip;\n","protected":false},"author":2,"featured_media":338853,"comment_status":"","ping_status":"","sticky":false,"template":"","format":"standard","meta":{"footnotes":""},"categories":[5],"tags":[17,18,25,24,13,14,11,19,20,9,10,15,16,23,12,21,22],"class_list":{"0":"post-338852","1":"post","2":"type-post","3":"status-publish","4":"format-standard","5":"has-post-thumbnail","7":"category-titulares","8":"tag-breaking-news","9":"tag-breakingnews","10":"tag-es","11":"tag-espana","12":"tag-featured-news","13":"tag-featurednews","14":"tag-headlines","15":"tag-latest-news","16":"tag-latestnews","17":"tag-news","18":"tag-noticias","19":"tag-noticias-destacadas","20":"tag-noticiasdestacadas","21":"tag-spain","22":"tag-titulares","23":"tag-ultimas-noticias","24":"tag-ultimasnoticias"},"share_on_mastodon":{"url":"https:\/\/pubeurope.com\/@es\/115889531980609260","error":""},"_links":{"self":[{"href":"https:\/\/www.europesays.com\/es\/wp-json\/wp\/v2\/posts\/338852","targetHints":{"allow":["GET"]}}],"collection":[{"href":"https:\/\/www.europesays.com\/es\/wp-json\/wp\/v2\/posts"}],"about":[{"href":"https:\/\/www.europesays.com\/es\/wp-json\/wp\/v2\/types\/post"}],"author":[{"embeddable":true,"href":"https:\/\/www.europesays.com\/es\/wp-json\/wp\/v2\/users\/2"}],"replies":[{"embeddable":true,"href":"https:\/\/www.europesays.com\/es\/wp-json\/wp\/v2\/comments?post=338852"}],"version-history":[{"count":0,"href":"https:\/\/www.europesays.com\/es\/wp-json\/wp\/v2\/posts\/338852\/revisions"}],"wp:featuredmedia":[{"embeddable":true,"href":"https:\/\/www.europesays.com\/es\/wp-json\/wp\/v2\/media\/338853"}],"wp:attachment":[{"href":"https:\/\/www.europesays.com\/es\/wp-json\/wp\/v2\/media?parent=338852"}],"wp:term":[{"taxonomy":"category","embeddable":true,"href":"https:\/\/www.europesays.com\/es\/wp-json\/wp\/v2\/categories?post=338852"},{"taxonomy":"post_tag","embeddable":true,"href":"https:\/\/www.europesays.com\/es\/wp-json\/wp\/v2\/tags?post=338852"}],"curies":[{"name":"wp","href":"https:\/\/api.w.org\/{rel}","templated":true}]}}