{"id":338869,"date":"2026-01-13T20:04:14","date_gmt":"2026-01-13T20:04:14","guid":{"rendered":"https:\/\/www.europesays.com\/es\/338869\/"},"modified":"2026-01-13T20:04:14","modified_gmt":"2026-01-13T20:04:14","slug":"fin-de-la-era-caracol-w-radio-hoy-arranca-la-fusion-de-las-emisoras","status":"publish","type":"post","link":"https:\/\/www.europesays.com\/es\/338869\/","title":{"rendered":"Fin de la era Caracol-W Radio. Hoy arranca la fusi\u00f3n de las emisoras"},"content":{"rendered":"<p>Desde esta madrugada, los diales de las emisoras Caracol Radio y W Radio -dos de las m\u00e1s escuchadas del pa\u00eds-, sus p\u00e1ginas web, redes sociales y plataformas funcionan como una sola cadena. La programaci\u00f3n y los equipos, <a href=\"https:\/\/www.lasillavacia.com\/en-vivo\/tarde-de-despidos-de-periodistas-en-caracol-radio-y-la-w\/\" target=\"_blank\" rel=\"noreferrer noopener nofollow\">tras despidos de decenas de periodistas<\/a>, se fusionan siguiendo los pasos que en 2025 tom\u00f3 RCN Radio, su competidora por d\u00e9cadas.<\/p>\n<p>La movida marca el fin de la era de Caracol Radio -la principal cadena radial del pa\u00eds- con su propio dial. W Radio -vista como una emisora \u201chermana\u201d de la primera- llevaba m\u00e1s de dos d\u00e9cadas.<\/p>\n<p><strong>Julio S\u00e1nchez se consolida como la imagen principal. <\/strong>El director de W Radio <a href=\"https:\/\/www.lasillavacia.com\/quien-es-quien\/julio-sanchez-cristo\/\" target=\"_blank\" rel=\"noreferrer noopener nofollow\">y uno de los periodistas m\u00e1s cercanos al poder pol\u00edtico y econ\u00f3mico colombiano<\/a> se qued\u00f3 con la \u201cjoya de la corona\u201d: la programaci\u00f3n de la ma\u00f1ana, que es la que tiene m\u00e1s audiencia.<\/p>\n<blockquote class=\"twitter-tweet\" data-media-max-width=\"560\">\n<p lang=\"es\" dir=\"ltr\">La vida es de cambios y todo vuelve al mismo punto de partida: Julio S\u00e1nchez Cristo | Caracol Radio<a href=\"https:\/\/twitter.com\/hashtag\/6AMW?src=hash&amp;ref_src=twsrc%5Etfw\" rel=\"nofollow noopener\" target=\"_blank\">#6AMW<\/a> <a href=\"https:\/\/twitter.com\/hashtag\/CaracolRadio?src=hash&amp;ref_src=twsrc%5Etfw\" rel=\"nofollow noopener\" target=\"_blank\">#CaracolRadio<\/a> <a href=\"https:\/\/twitter.com\/hashtag\/JuntosM%C3%A1sCompa%C3%B1%C3%ADa?src=hash&amp;ref_src=twsrc%5Etfw\" rel=\"nofollow noopener\" target=\"_blank\">#JuntosM\u00e1sCompa\u00f1\u00eda<\/a> <a href=\"https:\/\/t.co\/BSqEmsJfe7\" rel=\"nofollow\">pic.twitter.com\/BSqEmsJfe7<\/a><\/p>\n<p>\u2014 \u00daltimaHoraCaracol (@UltimaHoraCR) <a href=\"https:\/\/twitter.com\/UltimaHoraCR\/status\/2011030472932127029?ref_src=twsrc%5Etfw\" rel=\"nofollow noopener\" target=\"_blank\">January 13, 2026<\/a><\/p><\/blockquote>\n<p>Su programa de seis horas absorbi\u00f3 a 6 AM Hoy por Hoy, que dirig\u00eda Gustavo G\u00f3mez, quien ahora tendr\u00e1 un espacio de entrevistas los fines de semana. Ese programa de Caracol fue dirigido por periodistas ic\u00f3nicos del pa\u00eds como Yamid Amat y Dar\u00edo Arismendi. Por a\u00f1os ambos espacios compitieron por una audiencia similar.\u00a0<\/p>\n<p>Se mantienen programas ic\u00f3nicos de Caracol como La Luci\u00e9rnaga, El Pulso del F\u00fatbol y Hora 20.\u00a0\u00a0<\/p>\n<p>La fusi\u00f3n fue antecedida por el despido de al menos 40 periodistas de ambas emisoras, entre reporteros, editores y productores. Medios como Valora hablan de 80 despidos. El Ministerio de Trabajo <a href=\"https:\/\/www.lasillavacia.com\/en-vivo\/mintrabajo-impone-medida-preventiva-a-caracol-por-despidos-de-periodistas\/\" target=\"_blank\" rel=\"noreferrer noopener nofollow\">impuso una medida preventiva<\/a> a la emisora por esas salidas. Los sindicatos de trabajadores advirtieron al Ministerio que las directivas hab\u00edan negado previamente la salida masiva de trabajadores.<\/p>\n<p><strong>Econom\u00eda y cambio del modelo, razones de la fusi\u00f3n. <\/strong>Las directivas de la emisora le dijeron al Ministerio, <a target=\"_blank\" rel=\"noreferrer noopener nofollow\" href=\"https:\/\/www.lasillavacia.com\/en-vivo\/mintrabajo-impone-medida-preventiva-a-caracol-por-despidos-de-periodistas\/\">en una inspecci\u00f3n en diciembre<\/a>, que para este a\u00f1o se ven\u00eda una reestructuraci\u00f3n en sus parrillas, que es lo que vemos a partir de hoy<\/p>\n<p>Advirtieron que desde la pandemia medios tradicionales evidenciaron \u201cla ca\u00edda de ingresos y audiencias y su migraci\u00f3n hacia medios digitales, en particular a grandes empresas como Google o Facebook\u201d.<\/p>\n<p><strong>\u00bfPor qu\u00e9 importa? <\/strong>Los despidos en medios y, sobre todo, de esta trayectoria en la radio nacional son el s\u00edntoma de una enfermedad m\u00e1s grande que afecta a todo el gremio por la crisis de financiaci\u00f3n de pauta, la falta de alternativas para su sostenibilidad y la irrupci\u00f3n de redes sociales e influenciadores que tienen, en algunos casos, m\u00e1s seguidores, vistas y audiencia que los medios tradicionales.\u00a0<\/p>\n<p>A lo que se suma el auge de la IA como medio de informaci\u00f3n. Un reporte reciente del Reuters Institute for the Study of Journalism de Oxford anticipa que la IA podr\u00eda arrebatarle a los medios m\u00e1s de un tercio de su tr\u00e1fico que viene actualmente de los buscadores. Esto, justo en un a\u00f1o en el que la desinformaci\u00f3n podr\u00eda definir unas elecciones cerradas, <a target=\"_blank\" rel=\"noreferrer noopener nofollow\" href=\"https:\/\/www.lasillavacia.com\/silla-nacional\/las-8-grandes-historias-del-2026\/\">ser\u00e1 tambi\u00e9n una historia del 2026<\/a>.<\/p>\n<p>Un problema al que Caracol y La W, pese a hacer parte de la multinacional espa\u00f1ola, no escapan. De hecho, Prisa vendi\u00f3 parte de sus emisoras en Latinoam\u00e9rica, <a target=\"_blank\" rel=\"noreferrer noopener nofollow\" href=\"https:\/\/www.dw.com\/es\/el-grupo-prisa-vende-sus-emisoras-en-argentina\/a-56235696\">como ocurri\u00f3 en Argentina<\/a>, y en 2025 <a target=\"_blank\" rel=\"noreferrer noopener nofollow\" href=\"https:\/\/www.escuchapodcast.com.ar\/2025\/10\/adios-prisa-audio.html\">anunci\u00f3 una reestructuraci\u00f3n a gran escala<\/a> en la que el video ser\u00e1 la prioridad.<\/p>\n<p>\t<script async src=\"https:\/\/platform.twitter.com\/widgets.js\" charset=\"utf-8\"><\/script><\/p>\n","protected":false},"excerpt":{"rendered":"Desde esta madrugada, los diales de las emisoras Caracol Radio y W Radio -dos de las m\u00e1s escuchadas&hellip;\n","protected":false},"author":2,"featured_media":338870,"comment_status":"","ping_status":"","sticky":false,"template":"","format":"standard","meta":{"footnotes":""},"categories":[170],"tags":[77368,77369,146,147,25,24,2950,184,185,23,77370],"class_list":{"0":"post-338869","1":"post","2":"type-post","3":"status-publish","4":"format-standard","5":"has-post-thumbnail","7":"category-musica","8":"tag-caracol-radio","9":"tag-crisis-de-los-medios","10":"tag-entertainment","11":"tag-entretenimiento","12":"tag-es","13":"tag-espana","14":"tag-medios-de-comunicacion","15":"tag-music","16":"tag-musica","17":"tag-spain","18":"tag-w-radio"},"share_on_mastodon":{"url":"https:\/\/pubeurope.com\/@es\/115889587030481271","error":""},"_links":{"self":[{"href":"https:\/\/www.europesays.com\/es\/wp-json\/wp\/v2\/posts\/338869","targetHints":{"allow":["GET"]}}],"collection":[{"href":"https:\/\/www.europesays.com\/es\/wp-json\/wp\/v2\/posts"}],"about":[{"href":"https:\/\/www.europesays.com\/es\/wp-json\/wp\/v2\/types\/post"}],"author":[{"embeddable":true,"href":"https:\/\/www.europesays.com\/es\/wp-json\/wp\/v2\/users\/2"}],"replies":[{"embeddable":true,"href":"https:\/\/www.europesays.com\/es\/wp-json\/wp\/v2\/comments?post=338869"}],"version-history":[{"count":0,"href":"https:\/\/www.europesays.com\/es\/wp-json\/wp\/v2\/posts\/338869\/revisions"}],"wp:featuredmedia":[{"embeddable":true,"href":"https:\/\/www.europesays.com\/es\/wp-json\/wp\/v2\/media\/338870"}],"wp:attachment":[{"href":"https:\/\/www.europesays.com\/es\/wp-json\/wp\/v2\/media?parent=338869"}],"wp:term":[{"taxonomy":"category","embeddable":true,"href":"https:\/\/www.europesays.com\/es\/wp-json\/wp\/v2\/categories?post=338869"},{"taxonomy":"post_tag","embeddable":true,"href":"https:\/\/www.europesays.com\/es\/wp-json\/wp\/v2\/tags?post=338869"}],"curies":[{"name":"wp","href":"https:\/\/api.w.org\/{rel}","templated":true}]}}