{"id":338877,"date":"2026-01-13T20:08:16","date_gmt":"2026-01-13T20:08:16","guid":{"rendered":"https:\/\/www.europesays.com\/es\/338877\/"},"modified":"2026-01-13T20:08:16","modified_gmt":"2026-01-13T20:08:16","slug":"los-premios-zenda-2026-reunen-a-escritores-y-politicos-en-una-gala-marcada-por-las-recomendaciones-literarias-cultura","status":"publish","type":"post","link":"https:\/\/www.europesays.com\/es\/338877\/","title":{"rendered":"Los Premios Zenda 2026 re\u00fanen a escritores y pol\u00edticos en una gala marcada por las recomendaciones literarias | Cultura"},"content":{"rendered":"<p class=\"\"><a href=\"https:\/\/www.premioszenda.com\/\" target=\"_self\" rel=\"nofollow noopener\" title=\"https:\/\/www.premioszenda.com\/\">Los premios Zenda<\/a> 2026 se han entregado esta tarde en un acto que reuni\u00f3 a autores, editores y representantes del \u00e1mbito cultural. Se trat\u00f3 de la segunda edici\u00f3n de los galardones, cuyos ganadores fueron anunciados en diciembre de 2025. La ceremonia, como en la primera edici\u00f3n, se celebr\u00f3 en la Real F\u00e1brica de Tapices de Madrid, a cuya gala asistieron la presidenta de la Comunidad, Isabel D\u00edaz Ayuso; el ministro de Transportes, \u00d3scar Puente, y el de Justicia, F\u00e9lix Bola\u00f1os, y la reina Letizia, que presidi\u00f3 el acto. \u201cA Zenda hay que llegar contenta y curiosa\u201d, dijo la reina en la inauguraci\u00f3n. \u201cEs un territorio en el que sentimos que la literatura est\u00e1 con nosotros\u201d, se\u00f1al\u00f3, \u201cgracias a quienes parieron Zenda, un territorio libre y plural hace 10 a\u00f1os\u201d. <\/p>\n<p class=\"\">Entre ese grupo est\u00e1 <a href=\"https:\/\/elpais.com\/noticias\/arturo-perez-reverte\/\" target=\"_self\" rel=\"nofollow noopener\" title=\"https:\/\/elpais.com\/noticias\/arturo-perez-reverte\/\">Arturo P\u00e9rez-Reverte<\/a>, creador e impulsor del portal literario Zenda. El escritor record\u00f3 que Zenda naci\u00f3 \u201ctransversal a izquierda y derecha: con la convicci\u00f3n de que tan recomendable es Contraataque, de Ram\u00f3n J. Sender, como Madrid, de corte a Checa, de Fox\u00e1\u201d. P\u00e9rez-Reverte entreg\u00f3 junto a la Reina el Premio de Honor a Enrique Vila-Matas, en reconocimiento al conjunto de una obra que ha marcado la literatura en lengua espa\u00f1ola de las \u00faltimas d\u00e9cadas.<\/p>\n<p>M\u00e1s informaci\u00f3n<\/p>\n<p class=\"\">Al recoger el galard\u00f3n, <a href=\"https:\/\/elpais.com\/autor\/enrique-vila-matas\/\" target=\"_self\" rel=\"nofollow noopener\" title=\"https:\/\/elpais.com\/autor\/enrique-vila-matas\/\">Vila-Matas<\/a> declar\u00f3: \u201cUn escritor es un tipo que se quita los guantes, se frota las manos, cuelga el abrigo y se atreve a todo\u201d. \u201cNo se trata de luchar a fondo contra los imb\u00e9ciles digitales, sino de escucharlos para construir un mundo mejor; un mundo donde los imb\u00e9ciles no entren\u201d, apunt\u00f3 durante su discurso. El galardonado record\u00f3 cuando le pidieron cambiar el color de una chimenea en uno de sus relatos y \u00e9l se neg\u00f3. Y rindi\u00f3 homenaje al \u201cviejo esp\u00edritu de la literatura; nada que tenga mucha importancia, pero precisamente por eso es tan interesante\u201d.<\/p>\n<p class=\"\">Sobre la gala planeaban <a href=\"https:\/\/elpais.com\/cultura\/2026-01-12\/rae-analizara-con-rigor-las-criticas-de-perez-reverte-y-no-descarta-corregir-defectos-de-funcionamiento.html\" target=\"_self\" rel=\"nofollow noopener\" title=\"https:\/\/elpais.com\/cultura\/2026-01-12\/rae-analizara-con-rigor-las-criticas-de-perez-reverte-y-no-descarta-corregir-defectos-de-funcionamiento.html\">las recientes declaraciones de P\u00e9rez-Reverte<\/a>, que en una tribuna publicada en El Mundo acus\u00f3 el lunes a la RAE (de la que forma parte desde 2003) de no hacer ya honor a su lema: \u201cNi fija, ni limpia, ni da esplendor\u201d, en lo que muchos han visto como un ataque a su director, Antonio Mu\u00f1oz Machado. \u201cTodo vale, y cualquier cateto audaz puede imponerse, si persevera, a Cervantes, Gald\u00f3s o Garc\u00eda M\u00e1rquez\u201d, lamentaba el autor en su art\u00edculo. <\/p>\n<p><img decoding=\"auto\" class=\"_re lazyload a_m-h\" height=\"270\"  width=\"414\"  src=\"https:\/\/www.europesays.com\/es\/wp-content\/uploads\/2026\/01\/QWQKGDRW2JN4HLFJZ5ZQDUQ55Y.jpg\" loading=\"lazy\"\/>Javier Cercas y la presidenta de Banco Santander, Ana Patricia Bot\u00edn, entregan un  premio Zenda a Ebiblio, el servicio p\u00fablico de pr\u00e9stamos digitales.Jos\u00e9 Oliva (Europa Press)<\/p>\n<p class=\"\">Jos\u00e9 Luis Mart\u00ednez-Almeida, alcalde de Madrid, entreg\u00f3 el Premio Zenda de Narrativa a <a href=\"https:\/\/elpais.com\/autor\/francisco-cerda-arroyo\/\" target=\"_self\" rel=\"nofollow noopener\" title=\"https:\/\/elpais.com\/autor\/francisco-cerda-arroyo\/\">Paco Cerd\u00e1<\/a> tras recomendar Los tres mosqueteros. \u201cNo me gustaba leer y a mi abuelo no le gustaba hablar. Por ejemplo, no habl\u00f3 del pared\u00f3n de Paterna donde su padre fue fusilado\u201d, dijo Cerd\u00e1, autor de Presentes (Alfaguara), obra que recrea el pomposo cortejo f\u00fanebre de Jos\u00e9 Antonio Primo de Rivera en 1939 y que tambi\u00e9n se hizo con el Premio Nacional de Narrativa. \u201cVale la pena hablar, leer y escribir\u201d, termin\u00f3.<\/p>\n<p class=\"\">Felix Bola\u00f1os (que recomend\u00f3 La liebre con ojos de \u00e1mbar) entreg\u00f3 el Premio de poes\u00eda a <a href=\"https:\/\/elpais.com\/autor\/chantal-maillard\/\" target=\"_self\" rel=\"nofollow noopener\" title=\"https:\/\/elpais.com\/autor\/chantal-maillard\/\">Chantal Maillard<\/a> por Poes\u00eda Completa 1988-2022 (Tusquets), una edici\u00f3n que re\u00fane m\u00e1s de tres d\u00e9cadas de escritura po\u00e9tica. En su intervenci\u00f3n, Maillard se refiri\u00f3 a que \u201cla voz po\u00e9tica es la m\u00e1s com\u00fan, porque surge del fondo de lo humano. El premio del poeta es saber qu\u00e9 esa voz puede guiarnos hasta las profundidades donde no hay diferencias. Ojal\u00e1 desde all\u00ed podamos abrir cauces para la escucha\u201d, declar\u00f3 la poeta.<\/p>\n<p class=\"\">\u201cEste es un premio a la biograf\u00eda, un g\u00e9nero que no ha tenido tanto predicamento como otros\u201d, dijo Anna Caball\u00e9, Premio Zenda de Ensayo por \u00cdntima Atl\u00e1ntida, el libro que precisamente recomend\u00f3 Julia Navarro, que le entreg\u00f3 el Premio, y que es una biograf\u00eda sobre Rosa Chacel. \u201cPero no hay dos vidas iguales, y hay que reivindicarlas\u201d.<\/p>\n<p><img decoding=\"auto\" class=\"_re lazyload a_m-h\" height=\"277\"  width=\"414\"  src=\"https:\/\/www.europesays.com\/es\/wp-content\/uploads\/2026\/01\/7E2SB36BWBJHXFGE5VOWUBDIHY.jpg\" loading=\"lazy\"\/>Los premiados durante la ceremonia de entrega de los Premios Zenda 2024-2025.Kiko Huesca (EFE)<\/p>\n<p class=\"\">En la categor\u00eda de \u00d3pera Prima, el reconocimiento fue para Esther L\u00f3pez Calder\u00f3n por Pipas, que dedic\u00f3 su premio \u201ca quienes lidian con el fuego interno que les empuja a escribir un libro\u201d. Y el premio de Traducci\u00f3n fue para Jos\u00e9 Mar\u00eda Mic\u00f3 (por toda su trayectoria), qu\u00e9 recibi\u00f3 su premio de manos de Miguel Rell\u00e1n, que recomend\u00f3 El verano de Cervantes.<\/p>\n<p class=\"\">Libros del asteroide (fundada en 2005 en Barcelona), recibi\u00f3 el premio Zenda Editorial. Luis Solano, su editor, recibi\u00f3 el galard\u00f3n de manos de Isabel D\u00edas Ayuso, que recomend\u00f3 Pantale\u00f3n y las visitadoras; y Lorenzo Silva, que recomend\u00f3 El imperio escita. <\/p>\n<p class=\"\">El Premio Zenda de Novela fue para Alberto Olmos por Hotel Z,<b> <\/b>mientras que el de Ensayo distingue a Mar\u00eda Jos\u00e9 Solano por Oc\u00e9anos y bibliotecas. En No Ficci\u00f3n, el galard\u00f3n fue para \u00c1lvaro Colomer por La llamada. Por otra parte, el Premio Zenda de Periodismo reconoci\u00f3 a Ander Izagirre por Periodista con botas, destacando una trayectoria centrada en el reportaje y la cr\u00f3nica. <\/p>\n<p class=\"\">Adem\u00e1s de los 10 premios Zenda, se entreg\u00f3 el Premio especial Zenda Edhasa. Luis Alberto de Cuenca y Mar\u00eda Jos\u00e9 Solano (coeditora de Zenda Edhasa) entregaron el galard\u00f3n al militar e historiador Manuel \u00c1ngel Cuenca. Letras corsarias, de Salamanca, se llev\u00f3 el premio a mejor librer\u00eda. Santander 1936 fue el libro recomendado por Ana Patricia Bot\u00edn, y El diccionario del diablo por Javier Cercas. Juntos entregaron el premio a Ebiblio, el servicio p\u00fablico de pr\u00e9stamos digitales. Jordi Mart\u00ed, secretario de Estado de Cultura, recogi\u00f3 el galard\u00f3n Zenda Innovaci\u00f3n.<\/p>\n<p class=\"\">El premio a libro infantil o juvenil lo entreg\u00f3 \u00d3scar Puente (que recomend\u00f3 El mundo de ayer), junto con Jos\u00e9 Mar\u00eda Merino y Luis Mateo D\u00edez y el galard\u00f3n fue para Najat el Hachmi por Los secretos de Nur (Destino). Qu\u00e9 dedic\u00f3 el premio \u201ca las ni\u00f1as que aprenden a leer en sitios donde no les dejan, y que echan ra\u00edces en lugares donde nadie quiere que lo hagan\u201d.<\/p>\n<p class=\"\">La actuaci\u00f3n musical del intermedio corri\u00f3 a cargo de <a href=\"https:\/\/elpais.com\/noticias\/david-summers\/\" target=\"_self\" rel=\"nofollow noopener\" title=\"https:\/\/elpais.com\/noticias\/david-summers\/\">David Summers<\/a>, l\u00edder de la banda Hombres G, y el pianista Basilio Mart\u00ed. El acto, al igual que en la primera entrega, termin\u00f3 en una fiesta multitudinaria. Con esta segunda edici\u00f3n, los Premios Zenda refuerzan su apuesta por una literatura diversa en g\u00e9neros y miradas, consolid\u00e1ndose como una de las citas culturales del inicio del a\u00f1o literario en Espa\u00f1a. Como dijo el propio P\u00e9rez-Reverte: \u201cTransversal de izquierda a derecha\u201d.<\/p>\n","protected":false},"excerpt":{"rendered":"Los premios Zenda 2026 se han entregado esta tarde en un acto que reuni\u00f3 a autores, editores y&hellip;\n","protected":false},"author":2,"featured_media":338878,"comment_status":"","ping_status":"","sticky":false,"template":"","format":"standard","meta":{"footnotes":""},"categories":[91],"tags":[20728,209,3662,77374,146,147,25,1598,24,9014,225,671,205,532,33469,670,11362,23],"class_list":{"0":"post-338877","1":"post","2":"type-post","3":"status-publish","4":"format-standard","5":"has-post-thumbnail","7":"category-entretenimiento","8":"tag-arturo-perez-reverte","9":"tag-cultura","10":"tag-editoriales","11":"tag-enrique-vila-matas","12":"tag-entertainment","13":"tag-entretenimiento","14":"tag-es","15":"tag-escritores","16":"tag-espana","17":"tag-javier-cercas","18":"tag-libros","19":"tag-literatura","20":"tag-madrid","21":"tag-premios","22":"tag-premios-literarios","23":"tag-rae","24":"tag-reina-letizia","25":"tag-spain"},"share_on_mastodon":{"url":"https:\/\/pubeurope.com\/@es\/115889602932540055","error":""},"_links":{"self":[{"href":"https:\/\/www.europesays.com\/es\/wp-json\/wp\/v2\/posts\/338877","targetHints":{"allow":["GET"]}}],"collection":[{"href":"https:\/\/www.europesays.com\/es\/wp-json\/wp\/v2\/posts"}],"about":[{"href":"https:\/\/www.europesays.com\/es\/wp-json\/wp\/v2\/types\/post"}],"author":[{"embeddable":true,"href":"https:\/\/www.europesays.com\/es\/wp-json\/wp\/v2\/users\/2"}],"replies":[{"embeddable":true,"href":"https:\/\/www.europesays.com\/es\/wp-json\/wp\/v2\/comments?post=338877"}],"version-history":[{"count":0,"href":"https:\/\/www.europesays.com\/es\/wp-json\/wp\/v2\/posts\/338877\/revisions"}],"wp:featuredmedia":[{"embeddable":true,"href":"https:\/\/www.europesays.com\/es\/wp-json\/wp\/v2\/media\/338878"}],"wp:attachment":[{"href":"https:\/\/www.europesays.com\/es\/wp-json\/wp\/v2\/media?parent=338877"}],"wp:term":[{"taxonomy":"category","embeddable":true,"href":"https:\/\/www.europesays.com\/es\/wp-json\/wp\/v2\/categories?post=338877"},{"taxonomy":"post_tag","embeddable":true,"href":"https:\/\/www.europesays.com\/es\/wp-json\/wp\/v2\/tags?post=338877"}],"curies":[{"name":"wp","href":"https:\/\/api.w.org\/{rel}","templated":true}]}}