{"id":338883,"date":"2026-01-13T20:11:07","date_gmt":"2026-01-13T20:11:07","guid":{"rendered":"https:\/\/www.europesays.com\/es\/338883\/"},"modified":"2026-01-13T20:11:07","modified_gmt":"2026-01-13T20:11:07","slug":"el-apagon-de-internet-podria-volverse-permanente","status":"publish","type":"post","link":"https:\/\/www.europesays.com\/es\/338883\/","title":{"rendered":"el apag\u00f3n de Internet podr\u00eda volverse permanente"},"content":{"rendered":"<p>Mientras el mundo observa\u00a0<a class=\"internal-link\" href=\"https:\/\/www.dw.com\/es\/ir\u00e1n\/t-63346395\" rel=\"nofollow noopener\" target=\"_blank\">Ir\u00e1n<\/a>, quienes se encuentran en el pa\u00eds se enfrentan a un f\u00e9rreo\u00a0<a class=\"internal-link\" href=\"https:\/\/www.dw.com\/es\/estallan-nuevas-protestas-en-ir\u00e1n-pese-a-bloqueo-de-internet\/a-75458828\" rel=\"nofollow noopener\" target=\"_blank\">bloqueo de las comunicaciones<\/a> . Para muchos iran\u00edes, el aislamiento y el caos se han sumado a preocupaciones m\u00e1s existenciales sobre el futuro de su pa\u00eds.<\/p>\n<p>Es dif\u00edcil obtener informaci\u00f3n precisa, pero se estima que entre el 95\u00a0y el 99 por ciento de la red de comunicaciones\u00a0-desde las se\u00f1ales de tel\u00e9fonos m\u00f3viles e Internet hasta los tel\u00e9fonos fijos- ha estado bloqueada desde el viernes pasado.<\/p>\n<p>El 12 de enero, por la ma\u00f1ana, se restableci\u00f3 parcialmente la posibilidad\u00a0de llamar a n\u00fameros internacionales para algunas personas, pero las llamadas internacionales entrantes siguen prohibidas e Internet sigue sin estar disponible para el p\u00fablico en general, lo que ha causado repercusiones que van mucho m\u00e1s all\u00e1 de la comunicaci\u00f3n personal.<\/p>\n<p>\u00abNo se pueden cobrar cheques, el flujo de dinero se ve interrumpido, los negocios se ven afectados, los camioneros no trabajan como de costumbre, por lo que las mercanc\u00edas no llegan de la f\u00e1brica al consumidor; es la vida cotidiana\u00bb, dice a DW el experto iran\u00ed en derechos digitales\u00a0Amir Rashidi.<\/p>\n<p>Seg\u00fan Rashidi, las comunicaciones se interrumpen por completo al anochecer, mientras que\u00a0funciones cotidianas b\u00e1sicas, como los cajeros autom\u00e1ticos y las m\u00e1quinas de tarjetas, no funcionan.<\/p>\n<p><img data-format=\"MASTER_LANDSCAPE\" data-id=\"75472393\" data-url=\"https:\/\/static.dw.com\/image\/75472393_${formatId}.jpg\" data-aspect-ratio=\"16\/9\" alt=\"Protesta frente a Embajada iran\u00ed en Londres, en solidaridad con los manifestantes en Ir\u00e1n\" style=\"padding-bottom: 56.25%; height: 0; max-height: 0;\"\/>El apag\u00f3n comunicacional en Ir\u00e1n ha afectado tanto a quienes est\u00e1n dentro del pa\u00eds como en el exterior.Imagen: Seiya Tanase\/NurPhoto\/picture alliance<\/p>\n<p>Apagones, un arma de conflicto<\/p>\n<p>El apag\u00f3n fue impuesto por las autoridades iran\u00edes como parte de una <a class=\"internal-link\" href=\"https:\/\/www.dw.com\/es\/ayudan-las-amenazas-de-trump-a-los-manifestantes-en-ir\u00e1n\/a-75409687\" rel=\"nofollow noopener\" target=\"_blank\">represi\u00f3n violenta<\/a> m\u00e1s amplia que tiene como objetivo\u00a0sofocar el levantamiento en el pa\u00eds y evitar que los manifestantes se organicen de manera efectiva.<\/p>\n<p>En los \u00faltimos d\u00edas, se han difundido\u00a0algunos videos de los enfrentamientos. Para poder publicarlos,\u00a0se\u00a0necesitan\u00a0una serie de herramientas en l\u00ednea dise\u00f1adas para eludir la censura, incluidos servidores proxy de Telegram, navegadores y un servicio de mensajer\u00eda seguro llamado Delta Chat, con un riesgo significativo, dada la censura de las autoridades.<\/p>\n<p>La estudiante iran\u00ed N., de 28 a\u00f1os y residente en Colonia, cuenta a DW que, tras varios d\u00edas, finalmente logr\u00f3 contactar a su hermano en Ir\u00e1n. El nombre real de los iran\u00edes entrevistados por DW se ha mantenido en el anonimato por razones de seguridad.<\/p>\n<p>\u00abUn amigo me dijo que un amigo suyo conoc\u00eda a alguien que podr\u00eda conectarse a Internet. No s\u00e9 c\u00f3mo. Les di el n\u00famero de mi hermano y finalmente me enviaron un mensaje de voz suyo. Llor\u00e9. \u00c9l dijo que todos estaban bien y que ya no saldr\u00eda, sobre todo de noche. Dijo\u00a0que mi familia quer\u00eda que dejara de preocuparme y que me concentrara en mis ex\u00e1menes. No s\u00e9 por cu\u00e1ntas personas pas\u00f3\u00a0ese mensaje antes de que me llegara a m\u00ed, pero no me importa\u00bb, relata N.<\/p>\n<p>Lista blanca de\u00a0sitios web aprobados<\/p>\n<p>Asimismo, el servicio de Internet Starlink, de Elon Musk, parece seguir funcionando a menor capacidad en el pa\u00eds, a pesar de que su uso ya hab\u00eda sido prohibido antes de las recientes protestas, que han causado m\u00e1s de <a class=\"internal-link\" href=\"https:\/\/www.dw.com\/es\/m\u00e1s-de-seiscientos-muertos-en-las-protestas-de-ir\u00e1n\/a-75481102\" rel=\"nofollow noopener\" target=\"_blank\">640 muertes<\/a> y m\u00e1s de 10.700 detenciones, seg\u00fan organizaciones de derechos humanos. Starlink se ha utilizado con frecuencia en este tipo de apagones, como en Ucrania, Sud\u00e1n y en anteriores levantamientos en Ir\u00e1n.<\/p>\n<p>Rashidi explica que el Gobierno iran\u00ed tiene una \u00ablista blanca\u00bb, en la que figuran sitios web aprobados, generalmente aquellos que son propiedad de las autoridades clericales que gobiernan el pa\u00eds o que est\u00e1n aprobados por ellas.<\/p>\n<p>Incluso antes del <a class=\"internal-link\" href=\"https:\/\/www.dw.com\/es\/protestas-en-ir\u00e1n-desde-1999-una-cronolog\u00eda\/a-75441287\" rel=\"nofollow noopener\" target=\"_blank\">\u00faltimo estallido social<\/a>, Ir\u00e1n ten\u00eda <a class=\"internal-link\" href=\"https:\/\/www.dw.com\/es\/ir\u00e1n-ola-de-ejecuciones-como-parte-de-la-represi\u00f3n-pol\u00edtica\/a-74321848\" rel=\"nofollow noopener\" target=\"_blank\">estrictos controles<\/a> sobre los sitios de redes sociales y las VPN (redes privadas virtuales), y el Consejo Supremo del Ciberespacio (SCC) del pa\u00eds intentaba dirigir el tr\u00e1fico iran\u00ed hacia su Red Nacional de Informaci\u00f3n (NIN), esencialmente una intranet estatal.<\/p>\n<p>El experto en derecho digitales Rashidi agrega que las autoridades tambi\u00e9n pueden permitir el acceso a ciertos grupos demogr\u00e1ficos mediante el proceso de lista blanca. Esto significa que un sitio web puede estar disponible para hombres, pero no para mujeres, para funcionarios p\u00fablicos, pero no para empresarios, o para personas mayores, pero no para j\u00f3venes.<\/p>\n<p>Aislada\u00a0en el extranjero<\/p>\n<p>Los iran\u00edes que viven en el exterior se preocupan por quienes se han quedado aislados. Lily A., una iran\u00ed de 31 a\u00f1os que ahora reside en Berl\u00edn, cuenta a DW que no ha podido comunicarse con su familia desde que comenz\u00f3 el apag\u00f3n.<\/p>\n<p>\u00abSolo un amigo de una ciudad peque\u00f1a ha logrado comunicarse, pero mi amigo tambi\u00e9n tiene dificultades para llamar a otros dentro del pa\u00eds, por lo que tampoco he podido comunicarme indirectamente con mi familia\u00bb, explica.<\/p>\n<p>Internet podr\u00eda cambiar para siempre<\/p>\n<p>Rashidi se\u00f1ala que las autoridades creen que las actuales protestas requieren un apag\u00f3n m\u00e1s duro que nunca.<\/p>\n<p>\u00abLa situaci\u00f3n es m\u00e1s seria\u00bb, insiste el entrevistado, que estima que el apag\u00f3n durar\u00e1 un m\u00ednimo de 10 d\u00edas. \u00abNo me sorprender\u00eda que Internet se suspendiera por m\u00e1s tiempo ni que parte del da\u00f1o incluso perdurara\u00bb, agrega. El experto est\u00e1 convencido de que Internet no volver\u00e1\u00a0a ser lo mismo en Ir\u00e1n, en caso de que el r\u00e9gimen logre <a class=\"internal-link\" href=\"https:\/\/www.dw.com\/es\/ir\u00e1n-endurece-represi\u00f3n-a-protestas-y-pide-marcha-de-apoyo\/a-75468292\" rel=\"nofollow noopener\" target=\"_blank\">reprimir las protestas<\/a>.<\/p>\n<p>(vt\/ms)<\/p>\n<p>\u00a0<\/p>\n","protected":false},"excerpt":{"rendered":"Mientras el mundo observa\u00a0Ir\u00e1n, quienes se encuentran en el pa\u00eds se enfrentan a un f\u00e9rreo\u00a0bloqueo de las comunicaciones&hellip;\n","protected":false},"author":2,"featured_media":338884,"comment_status":"","ping_status":"","sticky":false,"template":"","format":"standard","meta":{"footnotes":""},"categories":[42],"tags":[17,18,13,14,11,61,62,63,64,19,20,9,10,15,16,12,21,22,65,66,67],"class_list":{"0":"post-338883","1":"post","2":"type-post","3":"status-publish","4":"format-standard","5":"has-post-thumbnail","7":"category-internacional","8":"tag-breaking-news","9":"tag-breakingnews","10":"tag-featured-news","11":"tag-featurednews","12":"tag-headlines","13":"tag-internacional","14":"tag-international","15":"tag-international-news","16":"tag-internationalnews","17":"tag-latest-news","18":"tag-latestnews","19":"tag-news","20":"tag-noticias","21":"tag-noticias-destacadas","22":"tag-noticiasdestacadas","23":"tag-titulares","24":"tag-ultimas-noticias","25":"tag-ultimasnoticias","26":"tag-world","27":"tag-world-news","28":"tag-worldnews"},"share_on_mastodon":{"url":"https:\/\/pubeurope.com\/@es\/115889614669591697","error":""},"_links":{"self":[{"href":"https:\/\/www.europesays.com\/es\/wp-json\/wp\/v2\/posts\/338883","targetHints":{"allow":["GET"]}}],"collection":[{"href":"https:\/\/www.europesays.com\/es\/wp-json\/wp\/v2\/posts"}],"about":[{"href":"https:\/\/www.europesays.com\/es\/wp-json\/wp\/v2\/types\/post"}],"author":[{"embeddable":true,"href":"https:\/\/www.europesays.com\/es\/wp-json\/wp\/v2\/users\/2"}],"replies":[{"embeddable":true,"href":"https:\/\/www.europesays.com\/es\/wp-json\/wp\/v2\/comments?post=338883"}],"version-history":[{"count":0,"href":"https:\/\/www.europesays.com\/es\/wp-json\/wp\/v2\/posts\/338883\/revisions"}],"wp:featuredmedia":[{"embeddable":true,"href":"https:\/\/www.europesays.com\/es\/wp-json\/wp\/v2\/media\/338884"}],"wp:attachment":[{"href":"https:\/\/www.europesays.com\/es\/wp-json\/wp\/v2\/media?parent=338883"}],"wp:term":[{"taxonomy":"category","embeddable":true,"href":"https:\/\/www.europesays.com\/es\/wp-json\/wp\/v2\/categories?post=338883"},{"taxonomy":"post_tag","embeddable":true,"href":"https:\/\/www.europesays.com\/es\/wp-json\/wp\/v2\/tags?post=338883"}],"curies":[{"name":"wp","href":"https:\/\/api.w.org\/{rel}","templated":true}]}}