{"id":338895,"date":"2026-01-13T20:21:09","date_gmt":"2026-01-13T20:21:09","guid":{"rendered":"https:\/\/www.europesays.com\/es\/338895\/"},"modified":"2026-01-13T20:21:09","modified_gmt":"2026-01-13T20:21:09","slug":"seria-mejor-que-dejarais-de-escuchar-mentiras","status":"publish","type":"post","link":"https:\/\/www.europesays.com\/es\/338895\/","title":{"rendered":"Ser\u00eda mejor que dejarais de escuchar mentiras"},"content":{"rendered":"<p data-gtm-element-container=\"modulo-texto-link\" class=\"paragraph\">Nuevo contratiempo para <strong>Anthony Davis<\/strong> y los <strong>Dallas Mavericks<\/strong>. El p\u00edvot, que tan s\u00f3lo ha disputado 29 partidos con el equipo texano desde su llegada en la ventana de traspasos de la pasada temporada a cambio de <strong>Luka Doncic<\/strong>, sufri\u00f3 una <strong>importante lesi\u00f3n en la mano izquierda<\/strong> en el encuentro de la pasada semana ante los <strong>Utah Jazz<\/strong>, una lesi\u00f3n que hizo que los rumores de traspaso alrededor del jugador cesaran en seco a la espera de conocer el pron\u00f3stico.<\/p>\n<p data-gtm-element-container=\"modulo-texto-link\" class=\"paragraph\">Despu\u00e9s de unos d\u00edas de incertidumbre, los <strong>Mavericks <\/strong>ya saben que <strong>Anthony Davis<\/strong> podr\u00eda haber jugado su \u00faltimo partido con Dallas, y es que seg\u00fan ha adelantado ESPN este martes, la lesi\u00f3n un ligamento la mano podr\u00eda requerir de cirug\u00eda y podr\u00eda dejar al p\u00edvot en el dique seco\u00a0<strong>\u00abvarios meses\u00bb<\/strong>. No obstante, por ahora <strong>no se ha confirmado al 100%<\/strong> si estar\u00eda disponible para unos hipot\u00e9ticos Playoffs en caso que fuese traspasado a otro equipo.<\/p>\n<p>    Lee tambi\u00e9n<\/p>\n<blockquote class=\"twitter-tweet\" data-lang=\"es\"><p>\n<a href=\"https:\/\/twitter.com\/RonKnowsSports\/status\/2009477235221393674\" rel=\"nofollow noopener\" target=\"_blank\">\n<\/p><\/blockquote>\n<p>Davis lo desmiente<\/p>\n<p data-gtm-element-container=\"modulo-texto-link\" class=\"paragraph\">Mientras Shams Charania ofrec\u00eda la versi\u00f3n que el jugador podr\u00eda estar de baja unos meses, instantes despu\u00e9s sal\u00eda\u00a0<strong>Anthony Davis<\/strong>\u00a0a desmentir la informaci\u00f3n del periodista de ESPN\u00a0de forma tajante en la red social &#8216;<strong>X<\/strong>&#8216;, tildando a dichos rumores como <strong>falsos<\/strong>.<\/p>\n<p>                <img loading=\"lazy\" decoding=\"async\" data-full-src=\"https:\/\/www.mundodeportivo.com\/uploads\/2026\/01\/13\/69669f2d34914.jpeg\" alt=\"davis\" width=\"449\" height=\"248\" src=\"https:\/\/www.europesays.com\/es\/wp-content\/uploads\/2026\/01\/69669f2d34914.jpeg\" class=\"lazy\"\/><\/p>\n<p class=\"caption-title \">Davis sali\u00f3 al paso en Twitter sobre los rumores de su lesi\u00f3n.\u00a0<\/p>\n<p>                <img loading=\"lazy\" decoding=\"async\" data-full-src=\"https:\/\/www.mundodeportivo.com\/uploads\/2026\/01\/13\/69669fa1a40b1.jpeg\" alt=\"davis\" width=\"449\" height=\"248\" src=\"https:\/\/www.europesays.com\/es\/wp-content\/uploads\/2026\/01\/69669fa1a40b1.jpeg\" class=\"lazy\"\/><\/p>\n<p class=\"caption-title \">\u00abMentiras\u00bb, contestaba Davis a la noticia de ESPN.\u00a0<\/p>\n<p data-gtm-element-container=\"modulo-texto-link\" class=\"paragraph\"><strong>\u00abSer\u00eda mejor que dejarais de escuchar todas esas mentiras en estas aplicaciones\u00bb<\/strong>, sentenciaba el p\u00edvot respecto a la informaci\u00f3n ofrecida en ESPN. A su vez, tambi\u00e9n aprovechaba para contestar con otro claro<strong> \u00ab\u00a1Mentira!\u00bb <\/strong>al tweet de la cuenta &#8216;@LegionHoops&#8217; que citaba la noticia.<\/p>\n<p data-gtm-element-container=\"modulo-texto-link\" class=\"paragraph\">Poco despu\u00e9s de la reacci\u00f3n del p\u00edvot, el periodista Marc Stein y el medio DLLS Sports mostraban <strong>unos pron\u00f3sticos algo m\u00e1s optimistas<\/strong> para el jugador, en los que han dejado entrever que Davis podr\u00eda regresar <strong>\u00aben alg\u00fan punto del mes de marzo\u00bb<\/strong>, incluso en caso de ser intervenido quir\u00fargicamente.<\/p>\n<p>        Lee tambi\u00e9n<\/p>\n<p>    Mundo Deportivo<\/p>\n<p>             <img loading=\"lazy\" decoding=\"async\" data-full-src=\"https:\/\/www.mundodeportivo.com\/uploads\/2025\/10\/15\/68ef6abb77bd7.jpeg\" alt=\"Sarunas Jasikevicius, durante un partido del Fenerbah\u00e7e\" width=\"334\" height=\"164\" src=\"https:\/\/www.europesays.com\/es\/wp-content\/uploads\/2026\/01\/68ef6abb77bd7.jpeg\" class=\"lazy\"\/><\/p>\n<p>Los rumores se \u00abreactivan\u00bb<\/p>\n<p data-gtm-element-container=\"modulo-texto-link\" class=\"paragraph\">Por otro lado, mientras los rumores sobre una posible salida de Dallas estaban calientes antes de la lesi\u00f3n, <strong>estas conversaciones se habr\u00edan \u00abreactivado\u00bb en los \u00faltimos d\u00edas<\/strong>, especialmente con equipos candidatos a entrar a Playoffs. Seg\u00fan el periodista\u00a0Shams Charania, <strong>Atlanta Hawks <\/strong>y <strong>Toronto Raptors<\/strong> son dos equipos que, concretamente, ya hab\u00edan preguntado previamente por Davis, y con la lesi\u00f3n -con posible retorno a Playoffs incluido- podr\u00edan adquirirlo a un coste m\u00e1s bajo.<\/p>\n<p data-gtm-element-container=\"modulo-texto-link\" class=\"paragraph\">A d\u00eda de hoy, los <strong>Mavericks <\/strong>se sit\u00faan como un equipo que, como mucho, podr\u00eda llegar a disputar el play-in al final de campa\u00f1a (balance actual de 15-25), y es por ello que se considera que la ef\u00edmera etapa de Davis en Dallas, entre lesi\u00f3n y lesi\u00f3n <strong>(18 dolencias en 11 meses)<\/strong>, habr\u00eda llegado a su fin de forma definitiva.\u00a0<\/p>\n<blockquote class=\"twitter-tweet\" data-lang=\"es\"><p>\n<a href=\"https:\/\/twitter.com\/Hero_OfThe_Day\/status\/2010854306451235198\" rel=\"nofollow noopener\" target=\"_blank\">\n<\/p><\/blockquote>\n<p data-gtm-element-container=\"modulo-texto-link\" class=\"paragraph\">En 20 encuentros disputados con el equipo texano esta temporada, <strong>Anthony Davis <\/strong>ha promediado <strong>20,4 puntos, 11,1 rebotes, 2,8 asistencias <\/strong>y <strong>1,7 tapones <\/strong>por encuentro. Cabe recordar que, adem\u00e1s, a final de temporada cuenta con una opci\u00f3n de jugador para 2026-27 y que, de paso, pasar\u00e1 a ser elegible para negociar una extensi\u00f3n de contrato, aunque todav\u00eda est\u00e1 por ver d\u00f3nde lo har\u00e1.<\/p>\n<p><script async src=\"https:\/\/platform.twitter.com\/widgets.js\" charset=\"utf-8\"><\/script><\/p>\n","protected":false},"excerpt":{"rendered":"Nuevo contratiempo para Anthony Davis y los Dallas Mavericks. El p\u00edvot, que tan s\u00f3lo ha disputado 29 partidos&hellip;\n","protected":false},"author":2,"featured_media":338896,"comment_status":"","ping_status":"","sticky":false,"template":"","format":"standard","meta":{"footnotes":""},"categories":[269],"tags":[299,298,168,25,24,23,167],"class_list":{"0":"post-338895","1":"post","2":"type-post","3":"status-publish","4":"format-standard","5":"has-post-thumbnail","7":"category-baloncesto","8":"tag-baloncesto","9":"tag-basketball","10":"tag-deportes","11":"tag-es","12":"tag-espana","13":"tag-spain","14":"tag-sports"},"share_on_mastodon":{"url":"https:\/\/pubeurope.com\/@es\/115889653993338286","error":""},"_links":{"self":[{"href":"https:\/\/www.europesays.com\/es\/wp-json\/wp\/v2\/posts\/338895","targetHints":{"allow":["GET"]}}],"collection":[{"href":"https:\/\/www.europesays.com\/es\/wp-json\/wp\/v2\/posts"}],"about":[{"href":"https:\/\/www.europesays.com\/es\/wp-json\/wp\/v2\/types\/post"}],"author":[{"embeddable":true,"href":"https:\/\/www.europesays.com\/es\/wp-json\/wp\/v2\/users\/2"}],"replies":[{"embeddable":true,"href":"https:\/\/www.europesays.com\/es\/wp-json\/wp\/v2\/comments?post=338895"}],"version-history":[{"count":0,"href":"https:\/\/www.europesays.com\/es\/wp-json\/wp\/v2\/posts\/338895\/revisions"}],"wp:featuredmedia":[{"embeddable":true,"href":"https:\/\/www.europesays.com\/es\/wp-json\/wp\/v2\/media\/338896"}],"wp:attachment":[{"href":"https:\/\/www.europesays.com\/es\/wp-json\/wp\/v2\/media?parent=338895"}],"wp:term":[{"taxonomy":"category","embeddable":true,"href":"https:\/\/www.europesays.com\/es\/wp-json\/wp\/v2\/categories?post=338895"},{"taxonomy":"post_tag","embeddable":true,"href":"https:\/\/www.europesays.com\/es\/wp-json\/wp\/v2\/tags?post=338895"}],"curies":[{"name":"wp","href":"https:\/\/api.w.org\/{rel}","templated":true}]}}