{"id":338897,"date":"2026-01-13T20:22:10","date_gmt":"2026-01-13T20:22:10","guid":{"rendered":"https:\/\/www.europesays.com\/es\/338897\/"},"modified":"2026-01-13T20:22:10","modified_gmt":"2026-01-13T20:22:10","slug":"cancelo-un-comodin-en-la-defensa-para-hansi-flick-futbol-deportes","status":"publish","type":"post","link":"https:\/\/www.europesays.com\/es\/338897\/","title":{"rendered":"Cancelo, un comod\u00edn en la defensa para Hansi Flick | F\u00fatbol | Deportes"},"content":{"rendered":"<p class=\"\"><a href=\"https:\/\/elpais.com\/deportes\/futbol\/2024-04-24\/cancelo-y-el-dilema-del-mercado-del-barcelona.html\" target=\"_blank\" rel=\"noreferrer nofollow noopener\" title=\"https:\/\/elpais.com\/deportes\/futbol\/2024-04-24\/cancelo-y-el-dilema-del-mercado-del-barcelona.html\">Cancelo jugar\u00e1 en el Barcelona hasta el final de temporada<\/a>. Un retorno al Camp Nou que no se explicar\u00eda sin las limitaciones econ\u00f3micas de la entidad azulgrana, pero tampoco sin el entusiasmo del lateral portugu\u00e9s, de 31 a\u00f1os, por volver a vestir la camiseta del Bar\u00e7a. \u201cCasi todos mis \u00eddolos eran del Bar\u00e7a. Me identifico mucho con la cultura del club. He jugado una temporada solo, pero hoy volv\u00ed y me sent\u00ed como en casa en el vestuario. A mi hija y mi mujer les gusta mucho. Tengo un sentimiento especial por este Barcelona\u201d, coment\u00f3 Cancelo en su presentaci\u00f3n. Fue por la tarde, pasadas las 17.00, cuando estaba programada para el mediod\u00eda. El suspense, seg\u00fan fuentes del club, fue un problema burocr\u00e1tico con el Al-Hilal. En el medio, sin embargo, borraron todos los comunicados p\u00fablicos. \u201cEl fichaje nunca estuvo en peligro\u201d, comentan desde la direcci\u00f3n deportiva.<\/p>\n<p>M\u00e1s informaci\u00f3n<\/p>\n<p class=\"\">Para el \u00e1rea deportiva del Barcelona, justamente, Cancelo no era la primera opci\u00f3n. <a href=\"https:\/\/elpais.com\/deportes\/2026-01-13\/hansi-flick-y-la-formula-del-8-8.html\" target=\"_blank\" rel=\"noreferrer nofollow noopener\" title=\"https:\/\/elpais.com\/deportes\/2026-01-13\/hansi-flick-y-la-formula-del-8-8.html\">No cumpl\u00eda con la petici\u00f3n de Flick<\/a>, que apuntaba a la incorporaci\u00f3n de un central, zurdo si era posible. Sin embargo, el t\u00e9cnico alem\u00e1n pas\u00f3 de la insistencia a la preocupaci\u00f3n cuando Christensen sufri\u00f3 una lesi\u00f3n parcial en el ligamento de la rodilla izquierda. Flick se quedaba entonces \u00fanicamente con Pau Cubars\u00ed y Eric Garc\u00eda como centrales, adem\u00e1s de la improvisaci\u00f3n de Gerard Mart\u00edn como zaguero zurdo.<\/p>\n<p class=\"\">Con la baja de Christensen, al Bar\u00e7a se le abri\u00f3 un hueco de cinco millones de euros en el fair-play financiero. Tras rastrear el mercado, no apareci\u00f3 ning\u00fan futbolista que mejorara lo que ya hab\u00eda en la plantilla. \u201cPara eso tenemos a los jugadores del filial\u201d, explican desde el \u00e1rea deportiva. Flick, de hecho, antes de viajar a Arabia para disputar la Supercopa de Espa\u00f1a, pas\u00f3 por el Estadi Johan Cruyff para observar a los centrales Andr\u00e9s Cuenca y Mamadou Mbacke durante el duelo entre el Bar\u00e7a Atl\u00e8tic y el Ibiza. \u201cPueden entrar en din\u00e1mica de primer equipo\u201d, subrayaron desde el cuerpo t\u00e9cnico.<\/p>\n<p class=\"\">Sin opciones de garant\u00eda en el mercado y con Cuenca y Mbacke como alternativas desde el filial, Deco volvi\u00f3 a pensar en Cancelo. La idea tom\u00f3 fuerza, adem\u00e1s, <a href=\"https:\/\/elpais.com\/deportes\/futbol\/2026-01-13\/los-cuatro-minutos-del-partido-de-araujo-en-la-final-de-la-supercopa-con-los-que-culmina-su-recuperacion.html\" target=\"_self\" rel=\"nofollow noopener\" title=\"https:\/\/elpais.com\/deportes\/futbol\/2026-01-13\/los-cuatro-minutos-del-partido-de-araujo-en-la-final-de-la-supercopa-con-los-que-culmina-su-recuperacion.html\">despu\u00e9s de que Ara\u00fajo comenzara a dejar atr\u00e1s sus problemas de salud mental.<\/a> \u201cCuando Ronald estaba trabajando en Uruguay durante el par\u00f3n, habl\u00e1bamos con \u00e9l constantemente y ve\u00edamos que pod\u00eda incorporarse pronto a la din\u00e1mica del primer equipo\u201d, cuentan desde la Ciudad Deportiva del Barcelona.<\/p>\n<p class=\"\">Con Ara\u00fajo de regreso, a Deco le ofrecieron la vuelta de Cancelo, un futbolista capaz de actuar en ambos laterales. Su incorporaci\u00f3n se interpret\u00f3 como una oportunidad de mercado. \u201cCon Jo\u00e3o en la plantilla, Eric y Gerard ya solo pueden jugar de centrales. Si no est\u00e1 Kound\u00e9, juega Cancelo; y si no est\u00e1 Balde, tambi\u00e9n puede jugar Cancelo\u201d. De esta manera, Flick pasaba a contar con cuatro centrales naturales \u2014Cubars\u00ed, Eric, Ara\u00fajo y Gerard Mart\u00edn\u2014, adem\u00e1s de la opci\u00f3n de sumar a Kound\u00e9. \u201cYo vengo para entender mi espacio. Voy a entrenar para jugar. Jules, Balde, Gerard Mart\u00edn y Eric lo est\u00e1n haciendo muy bien. A m\u00ed me gustan los retos\u201d, sostiene Cancelo, un comod\u00edn en la zaga para Hansi Flick.<\/p>\n<p class=\"\">El Bar\u00e7a, adem\u00e1s, recuper\u00f3 a un futbolista que ya hab\u00eda demostrado su voluntad de jugar en el Camp Nou. Lo hizo en su primera etapa, cuando acept\u00f3 rebajarse la ficha en dos millones de euros para cuadrar el fair-play, y tambi\u00e9n ahora, en esta segunda etapa, tras descartar una oferta del Inter de Mil\u00e1n. \u201cHabl\u00e9 con el Al-Hilal. Me dijeron que hab\u00eda una posibilidad de salir. Hab\u00eda clubes interesados, pero Deco me llam\u00f3 y le dije que esperar\u00eda al Bar\u00e7a, que era mi primera opci\u00f3n\u201d, coment\u00f3 Cancelo. Y Flick no tard\u00f3 en ponerse en contacto con el portugu\u00e9s. \u201cHe hablado con \u00e9l. Este es un equipo con mucho talento. Algunos de los ni\u00f1os se han convertido en hombres. Han evolucionado mucho. Yo vengo a ayudar a este equipo y, si es posible, ganar t\u00edtulos\u201d, cerr\u00f3 Cancelo.<\/p>\n","protected":false},"excerpt":{"rendered":"Cancelo jugar\u00e1 en el Barcelona hasta el final de temporada. Un retorno al Camp Nou que no se&hellip;\n","protected":false},"author":2,"featured_media":338898,"comment_status":"","ping_status":"","sticky":false,"template":"","format":"standard","meta":{"footnotes":""},"categories":[268],"tags":[1540,168,1539,25,24,881,285,4970,280,282,1538,9890,281,23,167],"class_list":{"0":"post-338897","1":"post","2":"type-post","3":"status-publish","4":"format-standard","5":"has-post-thumbnail","7":"category-futbol","8":"tag-competiciones","9":"tag-deportes","10":"tag-entrenadores","11":"tag-es","12":"tag-espana","13":"tag-fc-barcelona","14":"tag-fichajes","15":"tag-flick","16":"tag-football","17":"tag-futbol","18":"tag-futbolistas","19":"tag-mercado-fichajes","20":"tag-soccer","21":"tag-spain","22":"tag-sports"},"share_on_mastodon":{"url":"https:\/\/pubeurope.com\/@es\/115889657996902276","error":""},"_links":{"self":[{"href":"https:\/\/www.europesays.com\/es\/wp-json\/wp\/v2\/posts\/338897","targetHints":{"allow":["GET"]}}],"collection":[{"href":"https:\/\/www.europesays.com\/es\/wp-json\/wp\/v2\/posts"}],"about":[{"href":"https:\/\/www.europesays.com\/es\/wp-json\/wp\/v2\/types\/post"}],"author":[{"embeddable":true,"href":"https:\/\/www.europesays.com\/es\/wp-json\/wp\/v2\/users\/2"}],"replies":[{"embeddable":true,"href":"https:\/\/www.europesays.com\/es\/wp-json\/wp\/v2\/comments?post=338897"}],"version-history":[{"count":0,"href":"https:\/\/www.europesays.com\/es\/wp-json\/wp\/v2\/posts\/338897\/revisions"}],"wp:featuredmedia":[{"embeddable":true,"href":"https:\/\/www.europesays.com\/es\/wp-json\/wp\/v2\/media\/338898"}],"wp:attachment":[{"href":"https:\/\/www.europesays.com\/es\/wp-json\/wp\/v2\/media?parent=338897"}],"wp:term":[{"taxonomy":"category","embeddable":true,"href":"https:\/\/www.europesays.com\/es\/wp-json\/wp\/v2\/categories?post=338897"},{"taxonomy":"post_tag","embeddable":true,"href":"https:\/\/www.europesays.com\/es\/wp-json\/wp\/v2\/tags?post=338897"}],"curies":[{"name":"wp","href":"https:\/\/api.w.org\/{rel}","templated":true}]}}