{"id":338921,"date":"2026-01-13T20:35:11","date_gmt":"2026-01-13T20:35:11","guid":{"rendered":"https:\/\/www.europesays.com\/es\/338921\/"},"modified":"2026-01-13T20:35:11","modified_gmt":"2026-01-13T20:35:11","slug":"portal-de-noticias-del-gobierno-de-canarias-471","status":"publish","type":"post","link":"https:\/\/www.europesays.com\/es\/338921\/","title":{"rendered":"Portal de Noticias del Gobierno de Canarias"},"content":{"rendered":"<blockquote>\n<p>El consenso permitir\u00e1 avanzar en la redacci\u00f3n del proyecto de acondicionamiento de la GC-2, entre Ba\u00f1aderos y El Pagador, una infraestructura estrat\u00e9gica para el desarrollo del norte de la isla<\/p>\n<p>El trazado acordado combina mejora de la movilidad, respeto medioambiental y m\u00ednima afecci\u00f3n a los n\u00facleos poblacionales cercanos, tras m\u00e1s de 30 a\u00f1os de debates<\/p>\n<\/blockquote>\n<p><strong>El consejero de Obras P\u00fablicas, Vivienda y Movilidad del Gobierno de Canarias, Pablo Rodr\u00edguez, ha mantenido este martes, 13 de enero, un encuentro de trabajo con el presidente de la Mancomunidad del Norte de Gran Canaria y alcalde de G\u00e1ldar, Teodoro Sosa; el alcalde de Arucas, Juan Jes\u00fas Facundo, y el alcalde de la Villa de Moya, Ra\u00fal Afonso, en la que se ha alcanzado un acuerdo en torno al trazado del proyecto de acondicionamiento de la GC-2. Tramo Ba\u00f1aderos \u2013 El Pagador, \u201cun paso decisivo que permite desbloquear una de las infraestructuras viarias m\u00e1s relevantes y demandadas de la isla de Gran Canaria\u201d, ha destacado Rodr\u00edguez.<\/strong><\/p>\n<p>En la reuni\u00f3n tambi\u00e9n han estado presentes la directora general de Infraestructura Viaria, Rosana Meli\u00e1n; el gerente de la Mancomunidad del Norte de Gran Canaria, Alejandro Pe\u00f1afiel, y el jefe de \u00c1rea de Infraestructura Viaria, \u00c1ngel Mej\u00edas.<\/p>\n<p>El consejero Pablo Rodr\u00edguez ha destacado que \u201choy es un d\u00eda importante porque se han dado pasos firmes en la b\u00fasqueda del consenso para la ampliaci\u00f3n de la carretera del norte de Gran Canaria. Probablemente, junto a la obra de La Aldea y a las actuaciones en la GC-1 y la GC-3, estamos ante una de las infraestructuras m\u00e1s importantes de la pr\u00f3xima d\u00e9cada en la isla\u201d.<\/p>\n<p>Rodr\u00edguez ha subrayado que esta actuaci\u00f3n \u201cpermitir\u00e1 que las personas que viven en el norte puedan desarrollar su proyecto de vida sin dificultades de movilidad, mejorando la conexi\u00f3n con la capital y con el sur de la isla\u201d, y ha recordado que la Consejer\u00eda ha licitado la redacci\u00f3n del proyecto en 2024 y ha adjudicado su elaboraci\u00f3n en 2025, tras a\u00f1os en los que el debate no hab\u00eda pasado a una fase t\u00e9cnica real.<\/p>\n<p>\u201cSabemos que es un espacio complejo, limitado y con importantes valores ambientales, pero hemos trabajado para que el proyecto sea lo m\u00e1s respetuoso posible con el entorno y fruto del di\u00e1logo con las administraciones locales\u201d, ha afirmado.<\/p>\n<p>Asimismo, ha explicado que durante el a\u00f1o 2026 el proyecto entrar\u00e1 en fase de exposici\u00f3n p\u00fablica y participaci\u00f3n ciudadana, seguida de la evaluaci\u00f3n ambiental para la obtenci\u00f3n de la Declaraci\u00f3n de Impacto Ambiental. \u201cEl objetivo de esta legislatura es dejar aprobado el proyecto con su declaraci\u00f3n ambiental para poder licitar la obra en la siguiente, dentro del marco del Convenio de Carreteras. Esta infraestructura supondr\u00e1 un cambio absoluto y una respuesta definitiva a una demanda hist\u00f3rica del norte de Gran Canaria\u201d, ha concluido.<\/p>\n<p>Por su parte, el presidente de la Mancomunidad del Norte y alcalde de G\u00e1ldar, Teodoro Sosa, ha calificado la jornada como \u201cun d\u00eda hist\u00f3rico\u201d. \u201cDespu\u00e9s de m\u00e1s de 30 a\u00f1os de debates sobre variantes, t\u00faneles, soterramientos o combinaciones de soluciones, hoy nos hemos puesto de acuerdo para desbloquear la GC-2. Salimos unidos, dici\u00e9ndole a los m\u00e1s de 127.000 vecinos del norte que por fin este proyecto tiene un trazado consensuado, que no se impone desde los despachos, sino que nace del di\u00e1logo y la escucha\u201d.<\/p>\n<p>El alcalde de la Villa de Moya, Ra\u00fal Afonso, ha se\u00f1alado que para su municipio \u201ces un d\u00eda hist\u00f3rico. Tras m\u00e1s de 30 a\u00f1os defendiendo que el trazado a su paso por Moya fuera mediante t\u00faneles, hoy se confirma que ser\u00e1 as\u00ed. Este consenso no solo beneficia a Moya, sino a todo el norte de la isla\u201d. Afonso ha valorado especialmente que el proyecto se haya trabajado antes de su presentaci\u00f3n definitiva, \u201cbuscando el consenso real con los ayuntamientos\u201d.<\/p>\n<p>Asimismo, el alcalde de Arucas, Juan Jes\u00fas Facundo, ha agradecido la predisposici\u00f3n del equipo del Gobierno de Canarias y el trabajo t\u00e9cnico desarrollado durante meses. \u201cEstamos ante un momento hist\u00f3rico. Arucas tendr\u00e1 un futuro dentro de la GC-2, con soluciones como el soterramiento parcial en zonas complejas, reduciendo al m\u00e1ximo las afecciones y respetando la orograf\u00eda del entorno\u201d.<\/p>\n<p>Facundo ha subrayado que el acuerdo alcanzado es el resultado \u201cde un trabajo consensuado, riguroso y prolongado en el tiempo\u201d.<\/p>\n<p><strong>Sobre el proyecto<\/strong><\/p>\n<p>El proyecto \u2018Acondicionamiento de la GC-2. Tramo Ba\u00f1aderos \u2013 El Pagador\u2019 responde a una demanda hist\u00f3rica del norte de Gran Canaria para la soluci\u00f3n de ese tramo de v\u00eda por la que diariamente transitan m\u00e1s de 30.000 veh\u00edculos y sirve para conectar a m\u00e1s de 140.000 habitantes con la capital.<\/p>\n<p>Se trabaja en este proyecto de trazado partiendo de lo establecido en el PTP-15, contemplando para el tramo entre El Pagador y el barranco de Azuaje una soluci\u00f3n mediante t\u00fanel y para el tramo de Ba\u00f1aderos una soluci\u00f3n que permita un soterramiento en el \u00e1mbito de la actual rotonda.<\/p>\n","protected":false},"excerpt":{"rendered":"El consenso permitir\u00e1 avanzar en la redacci\u00f3n del proyecto de acondicionamiento de la GC-2, entre Ba\u00f1aderos y El&hellip;\n","protected":false},"author":2,"featured_media":338922,"comment_status":"","ping_status":"","sticky":false,"template":"","format":"standard","meta":{"footnotes":""},"categories":[8],"tags":[17,18,25,24,13,14,11,19,20,9,10,15,16,23,12,21,22],"class_list":{"0":"post-338921","1":"post","2":"type-post","3":"status-publish","4":"format-standard","5":"has-post-thumbnail","7":"category-espana","8":"tag-breaking-news","9":"tag-breakingnews","10":"tag-es","11":"tag-espana","12":"tag-featured-news","13":"tag-featurednews","14":"tag-headlines","15":"tag-latest-news","16":"tag-latestnews","17":"tag-news","18":"tag-noticias","19":"tag-noticias-destacadas","20":"tag-noticiasdestacadas","21":"tag-spain","22":"tag-titulares","23":"tag-ultimas-noticias","24":"tag-ultimasnoticias"},"share_on_mastodon":{"url":"https:\/\/pubeurope.com\/@es\/115889709037066450","error":""},"_links":{"self":[{"href":"https:\/\/www.europesays.com\/es\/wp-json\/wp\/v2\/posts\/338921","targetHints":{"allow":["GET"]}}],"collection":[{"href":"https:\/\/www.europesays.com\/es\/wp-json\/wp\/v2\/posts"}],"about":[{"href":"https:\/\/www.europesays.com\/es\/wp-json\/wp\/v2\/types\/post"}],"author":[{"embeddable":true,"href":"https:\/\/www.europesays.com\/es\/wp-json\/wp\/v2\/users\/2"}],"replies":[{"embeddable":true,"href":"https:\/\/www.europesays.com\/es\/wp-json\/wp\/v2\/comments?post=338921"}],"version-history":[{"count":0,"href":"https:\/\/www.europesays.com\/es\/wp-json\/wp\/v2\/posts\/338921\/revisions"}],"wp:featuredmedia":[{"embeddable":true,"href":"https:\/\/www.europesays.com\/es\/wp-json\/wp\/v2\/media\/338922"}],"wp:attachment":[{"href":"https:\/\/www.europesays.com\/es\/wp-json\/wp\/v2\/media?parent=338921"}],"wp:term":[{"taxonomy":"category","embeddable":true,"href":"https:\/\/www.europesays.com\/es\/wp-json\/wp\/v2\/categories?post=338921"},{"taxonomy":"post_tag","embeddable":true,"href":"https:\/\/www.europesays.com\/es\/wp-json\/wp\/v2\/tags?post=338921"}],"curies":[{"name":"wp","href":"https:\/\/api.w.org\/{rel}","templated":true}]}}