{"id":338999,"date":"2026-01-13T21:31:10","date_gmt":"2026-01-13T21:31:10","guid":{"rendered":"https:\/\/www.europesays.com\/es\/338999\/"},"modified":"2026-01-13T21:31:10","modified_gmt":"2026-01-13T21:31:10","slug":"el-excapitan-baskonista-fabien-causeur-se-retira-tras-20-anos-de-carrera-me-voy-de-la-pista-en-paz-lleno-de-gratitud","status":"publish","type":"post","link":"https:\/\/www.europesays.com\/es\/338999\/","title":{"rendered":"El excapit\u00e1n baskonista Fabien Causeur se retira tras 20 a\u00f1os de carrera: \u00abMe voy de la pista en paz, lleno de gratitud\u00bb"},"content":{"rendered":"<p><img fetchpriority=\"high\" class=\"v-a-img\" src=\"https:\/\/www.europesays.com\/es\/wp-content\/uploads\/2026\/01\/causeur-baskonia1-kfDC-U240830642733oDF-1200x840@El Correo.jpg\" loading=\"eager\" decoding=\"async\" alt=\"El excapit\u00e1n baskonista Fabien Causeur se retira tras 20 a\u00f1os de carrera: \u00abMe voy de la pista en paz, lleno de gratitud\u00bb\"  width=\"1200\" height=\"840\"\/><\/p>\n<p>Baskonia        <\/p>\n<p>El alero franc\u00e9s cuelga las botas a los 38 a\u00f1os tras varios meses sin equipo<\/p>\n<p><a class=\"v-mdl-ath__fig-a\" href=\"https:\/\/www.elcorreo.com\/autor\/ivan-benito-4702.html\" title=\"Iv\u00e1n Benito\" rel=\"nofollow noopener\" target=\"_blank\"><br \/>\n<img decoding=\"async\" class=\"v-mdl-ath__img\" src=\"https:\/\/www.europesays.com\/es\/wp-content\/uploads\/2025\/10\/autor-4702-foto-1.jpeg\" alt=\"Iv\u00e1n Benito\"\/><br \/>\n<\/a><\/p>\n<p class=\"v-mdl-ath__p v-mdl-ath__p--6\">\nMartes, 13 de enero 2026, 19:59<\/p>\n<p class=\"v-p\">Con 38 a\u00f1os y sin equipo desde verano, Fabien Causeur ha decidido colgar las botas. \u00abDespu\u00e9s de 20 a\u00f1os en la cancha, ha llegado el momento de terminar un cap\u00edtulo incre\u00edble de mi vida\u00bb, anunci\u00f3 en Twitter. El alero franc\u00e9s disput\u00f3 cuatro temporadas en Vitoria (2012-2016) con altos y bajos. <\/p>\n<p class=\"v-p\">Formado en Le Havre y en el Cholet, recal\u00f3 en el conjunto azulgrana en el que sufri\u00f3 una anomal\u00eda renal, fue capit\u00e1n la \u00faltima campa\u00f1a y apenas pudo jugar en la Final Four de Berl\u00edn por una lesi\u00f3n de espalda. Bamberg, Real Madrid (donde gan\u00f3 dos Euroligas) y Mil\u00e1n fueron sus otros clubes. \u00abSin duda lo que m\u00e1s voy a extra\u00f1ar ser\u00e1 el apoyo de los fans. Me voy del campo en paz, lleno de gratitud. Comienza una nueva aventura&#8230; gracias por ser parte de la m\u00eda\u00bb, culmina.<\/p>\n<p>Reporta un error<\/p>\n","protected":false},"excerpt":{"rendered":"Baskonia El alero franc\u00e9s cuelga las botas a los 38 a\u00f1os tras varios meses sin equipo Martes, 13&hellip;\n","protected":false},"author":2,"featured_media":339000,"comment_status":"","ping_status":"","sticky":false,"template":"","format":"standard","meta":{"footnotes":""},"categories":[269],"tags":[988,299,298,8234,4860,77396,168,25,24,77394,77395,77397,5586,11506,5839,15896,23,167,575],"class_list":{"0":"post-338999","1":"post","2":"type-post","3":"status-publish","4":"format-standard","5":"has-post-thumbnail","7":"category-baloncesto","8":"tag-anos","9":"tag-baloncesto","10":"tag-basketball","11":"tag-baskonista","12":"tag-carrera","13":"tag-causeur","14":"tag-deportes","15":"tag-es","16":"tag-espana","17":"tag-excapitan","18":"tag-fabien","19":"tag-gratitud","20":"tag-lleno","21":"tag-paz","22":"tag-pista","23":"tag-retira","24":"tag-spain","25":"tag-sports","26":"tag-tras"},"share_on_mastodon":{"url":"https:\/\/pubeurope.com\/@es\/115889929305744700","error":""},"_links":{"self":[{"href":"https:\/\/www.europesays.com\/es\/wp-json\/wp\/v2\/posts\/338999","targetHints":{"allow":["GET"]}}],"collection":[{"href":"https:\/\/www.europesays.com\/es\/wp-json\/wp\/v2\/posts"}],"about":[{"href":"https:\/\/www.europesays.com\/es\/wp-json\/wp\/v2\/types\/post"}],"author":[{"embeddable":true,"href":"https:\/\/www.europesays.com\/es\/wp-json\/wp\/v2\/users\/2"}],"replies":[{"embeddable":true,"href":"https:\/\/www.europesays.com\/es\/wp-json\/wp\/v2\/comments?post=338999"}],"version-history":[{"count":0,"href":"https:\/\/www.europesays.com\/es\/wp-json\/wp\/v2\/posts\/338999\/revisions"}],"wp:featuredmedia":[{"embeddable":true,"href":"https:\/\/www.europesays.com\/es\/wp-json\/wp\/v2\/media\/339000"}],"wp:attachment":[{"href":"https:\/\/www.europesays.com\/es\/wp-json\/wp\/v2\/media?parent=338999"}],"wp:term":[{"taxonomy":"category","embeddable":true,"href":"https:\/\/www.europesays.com\/es\/wp-json\/wp\/v2\/categories?post=338999"},{"taxonomy":"post_tag","embeddable":true,"href":"https:\/\/www.europesays.com\/es\/wp-json\/wp\/v2\/tags?post=338999"}],"curies":[{"name":"wp","href":"https:\/\/api.w.org\/{rel}","templated":true}]}}