{"id":339025,"date":"2026-01-13T21:45:08","date_gmt":"2026-01-13T21:45:08","guid":{"rendered":"https:\/\/www.europesays.com\/es\/339025\/"},"modified":"2026-01-13T21:45:08","modified_gmt":"2026-01-13T21:45:08","slug":"victor-abalos-dice-que-delcy-rodriguez-estaba-hasta-hace-nada-en-madrid-de-compras","status":"publish","type":"post","link":"https:\/\/www.europesays.com\/es\/339025\/","title":{"rendered":"V\u00edctor \u00c1balos dice que Delcy Rodr\u00edguez estaba \u00abhasta hace nada\u00bb en Madrid \u00abde compras\u00bb"},"content":{"rendered":"<p><a href=\"https:\/\/theobjective.com\/espana\/politica\/2026-01-12\/comision-koldo-zapatero-salazar-victor-abalos\/\" rel=\"nofollow noopener\" target=\"_blank\">V\u00edctor \u00c1balos<\/a>, el hijo del exministro Jos\u00e9 Luis <a href=\"https:\/\/theobjective.com\/etiqueta\/jose-luis-abalos\/\" rel=\"nofollow noopener\" target=\"_blank\">\u00c1balos<\/a>, ha afirmado que la actual presidenta encargada de <a href=\"https:\/\/theobjective.com\/etiqueta\/venezuela\/\" rel=\"nofollow noopener\" target=\"_blank\">Venezuela<\/a>,<a href=\"https:\/\/theobjective.com\/espana\/tribunales\/2026-01-13\/delcy-rodriguez-contratos-petroleo-correa\/\" rel=\"nofollow noopener\" target=\"_blank\"> Delcy Rodr\u00edguez,<\/a> ha estado \u00abhasta hace nada\u00bb en Espa\u00f1a, y\u00e9ndose \u00abde compras\u00bb y <strong>visitando una cl\u00ednica est\u00e9tica en la calle madrile\u00f1a de Serrano.<\/strong><\/p>\n<p><strong>\u00abHasta hace nada, Delcy ha estado en Espa\u00f1a.<\/strong> Ha venido incluso con sanciones impuestas y ha estado tambi\u00e9n por Serrano (la segunda calle m\u00e1s cara de Espa\u00f1a), para irse de compras o visitar una cl\u00ednica est\u00e9tica\u00bb, ha se\u00f1alado en una entrevista concedida al programa El Precio de&#8230; que ser\u00e1 emitida este mi\u00e9rcoles en Telecinco.<\/p>\n<p>En ella, el hijo de \u00c1balos \u2013adem\u00e1s de revelar supuestas visitas posteriores a Espa\u00f1a por parte de la dirigente venezolana\u2013 se refiere tambi\u00e9n al denominado caso Delcygate, originado a ra\u00edz de la <strong>parada que el avi\u00f3n de Rodr\u00edguez hizo en el aeropuerto Adolfo Su\u00e1rez-Madrid-Barajas<\/strong> el 20 de enero de 2020, y que fue analizada por el Tribunal Supremo (TS) y los juzgados madrile\u00f1os desde el prisma de la normativa comunitaria que prohib\u00eda la entrada al espacio Schengen de personas sancionadas por la Uni\u00f3n Europea (UE).<\/p>\n<p>El caso Delcygate<\/p>\n<p>Al respecto, el entrevistado asevera que \u00abnadie en el Gobierno conoc\u00eda que hubiera sanciones\u00bb sobre la actual presidenta venezolana, indicando que la persona que llam\u00f3 al exministro de Transportes para que fuese a Barajas fue el presidente del Gobierno, Pedro S\u00e1nchez. \u00abSu misi\u00f3n era evitar que pisara espacio Schengen\u201d, explica.<\/p>\n<p>El hijo del exdirigente socialista sostiene que el expresidente Jos\u00e9 Luis Rodr\u00edguez <strong>Zapatero es \u00abel presidente en la sombra\u00bb y quien \u00abdirige\u00bb la posici\u00f3n de Espa\u00f1a <\/strong>en el orden internacional. \u00abSe ha beneficiado de muchas actividades en Venezuela. Si \u00e9l cae, el presidente va a tener que dar muchas explicaciones\u00bb, advierte.<\/p>\n<p>Seg\u00fan ha trasladado este martes el Grupo Mediaset en un comunicado, V\u00edctor \u00c1balos ampliar\u00e1 y comentar\u00e1 as\u00ed la entrevista ofrecida al periodista Santiago Acosta, revelando \u201cqui\u00e9n\u201d invit\u00f3 a la entonces vicepresidenta Delcy Rodr\u00edguez y \u00abpor qu\u00e9\u00bb; el \u00abpapel\u00bb que jugaron S\u00e1nchez y Zapatero en esa visita. La entrevista incluye tambi\u00e9n temas como la relaci\u00f3n de la esposa del l\u00edder del Ejecutivo, Bego\u00f1a G\u00f3mez, con el rescate de Air Europa; y los responsables que autorizaron el rescate de Plus Ultra.<\/p>\n<p>\u00abMi padre tiene informaci\u00f3n\u00bb <\/p>\n<p>Por otro lado, V\u00edctor \u00c1balos detalla c\u00f3mo era la relaci\u00f3n de su padre con S\u00e1nchez, la cual define como \u00abla relaci\u00f3n m\u00e1s cercana que uno se pueda imaginar\u00bb. <strong>\u00abNo le cabe a nadie en la cabeza que no eran amigos. Es indiscutible<\/strong> (\u2026) Mi padre era el confidente de S\u00e1nchez. Siempre le demostr\u00f3 cari\u00f1o, amistad y afecto\u00bb, defiende, avisando que el exministro \u00abtiene informaci\u00f3n\u00bb.<\/p>\n<p>En referencia a la estancia en prisi\u00f3n de su padre tras su ingreso en Soto del Real el pasado mes de noviembre, <strong>reconoce que \u00abest\u00e1 viviendo en unas condiciones complicadas\u00bb<\/strong> y que, a su juicio, hay personas con delitos de asesinato y terrorismo que est\u00e1n \u00abm\u00e1s humanizados\u00bb que su progenitor.<\/p>\n<p>Asimismo, remarca que ha vivido junto a \u00e9l \u00abdesagradables episodios\u00bb: \u00abA mi padre y a m\u00ed casi nos sacan de la carretera al grito de rojos de mierda\u00bb. \u00abHay que estar muy enfermo\u00bb. \u00abYo veo en mi padre fuego en los ojos. <strong>\u00c9l se siente un preso pol\u00edtico. Es inocente. <\/strong>No pienso en otra cosa m\u00e1s que en sacarlo de la c\u00e1rcel lo antes posible\u00bb, concluye.<\/p>\n","protected":false},"excerpt":{"rendered":"V\u00edctor \u00c1balos, el hijo del exministro Jos\u00e9 Luis \u00c1balos, ha afirmado que la actual presidenta encargada de Venezuela,&hellip;\n","protected":false},"author":2,"featured_media":339026,"comment_status":"","ping_status":"","sticky":false,"template":"","format":"standard","meta":{"footnotes":""},"categories":[8],"tags":[17,18,4334,17525,76582,77398,7232,25,24,13,14,5965,11,15466,29322,19,20,9,10,15,16,5966,41893,23,12,21,22],"class_list":{"0":"post-339025","1":"post","2":"type-post","3":"status-publish","4":"format-standard","5":"has-post-thumbnail","7":"category-espana","8":"tag-breaking-news","9":"tag-breakingnews","10":"tag-caso-koldo","11":"tag-cu00e1rcel","12":"tag-delcy-rodru00edguez","13":"tag-delcygate","14":"tag-delitos","15":"tag-es","16":"tag-espana","17":"tag-featured-news","18":"tag-featurednews","19":"tag-gobierno-de-espau00f1a","20":"tag-headlines","21":"tag-josu00e9-luis-rodru00edguez-zapatero","22":"tag-josu00e9-luis-u00c1balos","23":"tag-latest-news","24":"tag-latestnews","25":"tag-news","26":"tag-noticias","27":"tag-noticias-destacadas","28":"tag-noticiasdestacadas","29":"tag-pedro-su00e1nchez","30":"tag-soto-del-real","31":"tag-spain","32":"tag-titulares","33":"tag-ultimas-noticias","34":"tag-ultimasnoticias"},"share_on_mastodon":{"url":"https:\/\/pubeurope.com\/@es\/115889984301145766","error":""},"_links":{"self":[{"href":"https:\/\/www.europesays.com\/es\/wp-json\/wp\/v2\/posts\/339025","targetHints":{"allow":["GET"]}}],"collection":[{"href":"https:\/\/www.europesays.com\/es\/wp-json\/wp\/v2\/posts"}],"about":[{"href":"https:\/\/www.europesays.com\/es\/wp-json\/wp\/v2\/types\/post"}],"author":[{"embeddable":true,"href":"https:\/\/www.europesays.com\/es\/wp-json\/wp\/v2\/users\/2"}],"replies":[{"embeddable":true,"href":"https:\/\/www.europesays.com\/es\/wp-json\/wp\/v2\/comments?post=339025"}],"version-history":[{"count":0,"href":"https:\/\/www.europesays.com\/es\/wp-json\/wp\/v2\/posts\/339025\/revisions"}],"wp:featuredmedia":[{"embeddable":true,"href":"https:\/\/www.europesays.com\/es\/wp-json\/wp\/v2\/media\/339026"}],"wp:attachment":[{"href":"https:\/\/www.europesays.com\/es\/wp-json\/wp\/v2\/media?parent=339025"}],"wp:term":[{"taxonomy":"category","embeddable":true,"href":"https:\/\/www.europesays.com\/es\/wp-json\/wp\/v2\/categories?post=339025"},{"taxonomy":"post_tag","embeddable":true,"href":"https:\/\/www.europesays.com\/es\/wp-json\/wp\/v2\/tags?post=339025"}],"curies":[{"name":"wp","href":"https:\/\/api.w.org\/{rel}","templated":true}]}}