{"id":339091,"date":"2026-01-13T22:30:08","date_gmt":"2026-01-13T22:30:08","guid":{"rendered":"https:\/\/www.europesays.com\/es\/339091\/"},"modified":"2026-01-13T22:30:08","modified_gmt":"2026-01-13T22:30:08","slug":"iran-ejecutara-a-joven-de-26-anos-por-protestas-ihr-dice-que-lo-ahorcaran-internacional-noticias","status":"publish","type":"post","link":"https:\/\/www.europesays.com\/es\/339091\/","title":{"rendered":"Ir\u00e1n ejecutar\u00e1 a joven de 26 a\u00f1os por protestas, IHR dice que lo ahorcar\u00e1n | Internacional | Noticias"},"content":{"rendered":"<p class=\"prose-text\">Las autoridades iran\u00edes ejecutar\u00edan este mi\u00e9rcoles a <b>Erfan Soltani<\/b>, un joven de 26 a\u00f1os detenido durante las recientes protestas contra el r\u00e9gimen, seg\u00fan denunciaron organizaciones de derechos humanos. <\/p>\n<p class=\"prose-text\">De acuerdo con <b>Iran Human Rights (IHR)<\/b> y la <b>National Union for Democracy in Iran (NUFD)<\/b>, Soltani ser\u00eda ahorcado tras un proceso que califican de irregular y sin garant\u00edas legales. <\/p>\n<p class=\"prose-text\">IHR se\u00f1al\u00f3 que la familia del joven fue informada de que hab\u00eda sido condenado a muerte y que la sentencia se ejecutar\u00eda el <b>14 de enero<\/b>. La NUFD afirm\u00f3 que el \u201c\u00fanico delito\u201d de Soltani fue <b>pedir libertad para Ir\u00e1n<\/b> y solicit\u00f3 apoyo internacional urgente para frenar la ejecuci\u00f3n. <\/p>\n<p class=\"prose-text\">Seg\u00fan estas organizaciones, el detenido no ha podido acceder a asesor\u00eda legal para defenderse.<\/p>\n<p class=\"prose-text\">Soltani fue arrestado el jueves pasado durante las manifestaciones en <b>Karaj<\/b> y enfrenta el cargo de <b>\u201chacer la guerra contra Dios\u201d<\/b>, un delito castigado con la pena de muerte en Ir\u00e1n. Las \u00f3rdenes de ejecuci\u00f3n no han podido ser verificadas de manera independiente debido a la interrupci\u00f3n de las comunicaciones en el pa\u00eds.<\/p>\n<p><img decoding=\"async\" class=\"h-auto m-0\"   src=\"https:\/\/www.europesays.com\/es\/wp-content\/uploads\/2026\/01\/ODZTEFVGP5A5VET7NKYI7D23TQ.jpg\" alt=\"\" style=\"width:100%;height:100%;object-fit:cover;object-position:center;position:absolute;top:0;left:0\"\/><img decoding=\"async\" class=\"h-auto m-0\"   src=\"https:\/\/www.europesays.com\/es\/wp-content\/uploads\/2026\/01\/ODZTEFVGP5A5VET7NKYI7D23TQ.jpg\" alt=\"\" style=\"width:100%;height:100%;object-fit:cover;object-position:center;position:absolute;top:0;left:0\"\/>Este video, tomado el 13 de enero de 2026 a partir de im\u00e1genes UGC publicadas en redes sociales el 10 de enero de 2026, muestra enfrentamientos en Mashhad, en el noreste de Ir\u00e1n.(Foto por UGC \/ AFP)  <strong class=\"text-grey-700\">Foto: AFP<\/strong><\/p>\n<p class=\"prose-text\">El caso se produce en medio de una<b> represi\u00f3n intensificada <\/b>contra las protestas antigubernamentales, detonadas por la crisis econ\u00f3mica. Organizaciones de derechos humanos estiman que <b>m\u00e1s de 10.000 personas<\/b> han sido encarceladas en las \u00faltimas dos semanas y que la violencia estatal ha dejado <b>m\u00e1s de 500 muertos<\/b> hasta el lunes. Mientras que el\u200b Gobierno iran\u00ed ha calificado a los manifestantes de \u201calborotadores\u201d.<\/p>\n<p class=\"prose-text\">El director de IHR, <b>Mahmood Amiry-Moghaddam<\/b>, advirti\u00f3 que el n\u00famero de v\u00edctimas podr\u00eda aumentar si las autoridades avanzan con ejecuciones para \u201cenviar un mensaje\u201d a la disidencia. <\/p>\n<p class=\"prose-text\">\u201cEl riesgo de ejecuciones masivas y extrajudiciales de manifestantes es extremadamente serio\u201d, afirm\u00f3, e inst\u00f3 a la comunidad internacional a actuar bajo el principio de <b>Responsabilidad de Proteger<\/b>.<\/p>\n<p class=\"prose-text\">En el plano internacional, el presidente de Estados Unidos, <b>Donald Trump<\/b>, advirti\u00f3 que la violencia contra los manifestantes podr\u00eda desencadenar una respuesta militar. La Casa Blanca indic\u00f3 que el mandatario eval\u00faa opciones, aunque mantiene la diplomacia como primera v\u00eda. <\/p>\n<p class=\"prose-text\">Ir\u00e1n, por su parte, ha advertido que <b>responder\u00e1<\/b> a cualquier ataque estadounidense y asegura estar \u201cplenamente preparado para la guerra\u201d, seg\u00fan su canciller, <b>Abbas Araghchi<\/b>. (I)<\/p>\n","protected":false},"excerpt":{"rendered":"Las autoridades iran\u00edes ejecutar\u00edan este mi\u00e9rcoles a Erfan Soltani, un joven de 26 a\u00f1os detenido durante las recientes&hellip;\n","protected":false},"author":2,"featured_media":339092,"comment_status":"","ping_status":"","sticky":false,"template":"","format":"standard","meta":{"footnotes":""},"categories":[42],"tags":[17,18,13,14,11,61,62,63,64,19,20,9,10,15,16,12,21,22,65,66,67],"class_list":{"0":"post-339091","1":"post","2":"type-post","3":"status-publish","4":"format-standard","5":"has-post-thumbnail","7":"category-internacional","8":"tag-breaking-news","9":"tag-breakingnews","10":"tag-featured-news","11":"tag-featurednews","12":"tag-headlines","13":"tag-internacional","14":"tag-international","15":"tag-international-news","16":"tag-internationalnews","17":"tag-latest-news","18":"tag-latestnews","19":"tag-news","20":"tag-noticias","21":"tag-noticias-destacadas","22":"tag-noticiasdestacadas","23":"tag-titulares","24":"tag-ultimas-noticias","25":"tag-ultimasnoticias","26":"tag-world","27":"tag-world-news","28":"tag-worldnews"},"share_on_mastodon":{"url":"https:\/\/pubeurope.com\/@es\/115890161376031059","error":""},"_links":{"self":[{"href":"https:\/\/www.europesays.com\/es\/wp-json\/wp\/v2\/posts\/339091","targetHints":{"allow":["GET"]}}],"collection":[{"href":"https:\/\/www.europesays.com\/es\/wp-json\/wp\/v2\/posts"}],"about":[{"href":"https:\/\/www.europesays.com\/es\/wp-json\/wp\/v2\/types\/post"}],"author":[{"embeddable":true,"href":"https:\/\/www.europesays.com\/es\/wp-json\/wp\/v2\/users\/2"}],"replies":[{"embeddable":true,"href":"https:\/\/www.europesays.com\/es\/wp-json\/wp\/v2\/comments?post=339091"}],"version-history":[{"count":0,"href":"https:\/\/www.europesays.com\/es\/wp-json\/wp\/v2\/posts\/339091\/revisions"}],"wp:featuredmedia":[{"embeddable":true,"href":"https:\/\/www.europesays.com\/es\/wp-json\/wp\/v2\/media\/339092"}],"wp:attachment":[{"href":"https:\/\/www.europesays.com\/es\/wp-json\/wp\/v2\/media?parent=339091"}],"wp:term":[{"taxonomy":"category","embeddable":true,"href":"https:\/\/www.europesays.com\/es\/wp-json\/wp\/v2\/categories?post=339091"},{"taxonomy":"post_tag","embeddable":true,"href":"https:\/\/www.europesays.com\/es\/wp-json\/wp\/v2\/tags?post=339091"}],"curies":[{"name":"wp","href":"https:\/\/api.w.org\/{rel}","templated":true}]}}