{"id":339109,"date":"2026-01-13T22:46:08","date_gmt":"2026-01-13T22:46:08","guid":{"rendered":"https:\/\/www.europesays.com\/es\/339109\/"},"modified":"2026-01-13T22:46:08","modified_gmt":"2026-01-13T22:46:08","slug":"por-que-nunca-mas-va-a-tocar-en-estados-unidos","status":"publish","type":"post","link":"https:\/\/www.europesays.com\/es\/339109\/","title":{"rendered":"por qu\u00e9 nunca m\u00e1s va a tocar en Estados Unidos"},"content":{"rendered":"<p> <strong><a href=\"https:\/\/www.lacapital.com.ar\/britney-spears-a4782.html\" target=\"_blank\" rel=\"follow nofollow noopener\">Britney Spears<\/a><\/strong> volvi\u00f3 a dar que hablar con sus dichos en redes. Esta vez, en un posteo en Instagram, <strong>habl\u00f3 de su deseo de volver a los escenarios y comparti\u00f3 por qu\u00e9 \u201cnunca m\u00e1s\u201d va a volver a tocar en Estados Unidos.<\/strong><\/p>\n<p> La artista<strong> hizo estas declaraciones como pie de una foto donde a la ve junto a un piano blanco, <\/strong>en otro momento de su carrera. \u201cLe voy a mandar este piano a mi hijo este a\u00f1o\u201d, anunci\u00f3.<\/p>\n<p> <strong>\u201cNunca voy a volver a presentarme en Estados Unidos por razones de extrema sensibilidad. <\/strong>Pero espero estar sentada en un banquito, con un rodete y una rosa en el pelo, cantando con mi hijo en el Reino Unido y Australia muy pronto. \u00c9l es una estrella incre\u00edble, su presencia me vuelve humilde. \u00c9xitos, muchachito!\u201d, agreg\u00f3 Spears. Britney se refiere a Jayden James Federline, su hijo de 19 a\u00f1os, el menor de los dos que tuvo junto a su exmarido Kevin Federline.<\/p>\n<p> La pol\u00e9mica por los posteos de Britney Spears <\/p>\n<p><strong>La noticia puso en alerta a los fan\u00e1ticos, dado que la \u00faltima vez que la artista sali\u00f3 de gira fue en 2018,<\/strong> todav\u00eda en medio de la tutela legal regida por su padre, que dur\u00f3 desde 2008 hasta 2021, y por cuyo fin luch\u00f3 largamente.<\/p>\n<p>En la misma publicaci\u00f3n, la artista volvi\u00f3 a explicar por qu\u00e9 sube videos bailando a Instagram, que muchos consideran rid\u00edculas. <strong>\u201cBailo en Instagram para sanar cosas de mi cuerpo de las cuales la gente no tiene ni idea. S\u00ed, a veces da verg\u00fcenza<\/strong>\u2026 pero camin\u00e9 a trav\u00e9s del fuego para salvar mi vida\u201d, afirm\u00f3.<\/p>\n<p>En otras ocasiones, <strong>Britney habl\u00f3 de que su comportamiento aparentemente err\u00e1tico en redes tiene que ver con ejercer por primera vez una libertad in\u00e9dita sobre su imagen y sus acciones,<\/strong> despu\u00e9s de una vida entera bajo el ojo p\u00fablico y m\u00e1s de una d\u00e9cada bajo tutela legal.<\/p>\n","protected":false},"excerpt":{"rendered":"Britney Spears volvi\u00f3 a dar que hablar con sus dichos en redes. Esta vez, en un posteo en&hellip;\n","protected":false},"author":2,"featured_media":339110,"comment_status":"","ping_status":"","sticky":false,"template":"","format":"standard","meta":{"footnotes":""},"categories":[170],"tags":[146,147,25,24,184,185,23],"class_list":{"0":"post-339109","1":"post","2":"type-post","3":"status-publish","4":"format-standard","5":"has-post-thumbnail","7":"category-musica","8":"tag-entertainment","9":"tag-entretenimiento","10":"tag-es","11":"tag-espana","12":"tag-music","13":"tag-musica","14":"tag-spain"},"share_on_mastodon":{"url":"https:\/\/pubeurope.com\/@es\/115890224173874949","error":""},"_links":{"self":[{"href":"https:\/\/www.europesays.com\/es\/wp-json\/wp\/v2\/posts\/339109","targetHints":{"allow":["GET"]}}],"collection":[{"href":"https:\/\/www.europesays.com\/es\/wp-json\/wp\/v2\/posts"}],"about":[{"href":"https:\/\/www.europesays.com\/es\/wp-json\/wp\/v2\/types\/post"}],"author":[{"embeddable":true,"href":"https:\/\/www.europesays.com\/es\/wp-json\/wp\/v2\/users\/2"}],"replies":[{"embeddable":true,"href":"https:\/\/www.europesays.com\/es\/wp-json\/wp\/v2\/comments?post=339109"}],"version-history":[{"count":0,"href":"https:\/\/www.europesays.com\/es\/wp-json\/wp\/v2\/posts\/339109\/revisions"}],"wp:featuredmedia":[{"embeddable":true,"href":"https:\/\/www.europesays.com\/es\/wp-json\/wp\/v2\/media\/339110"}],"wp:attachment":[{"href":"https:\/\/www.europesays.com\/es\/wp-json\/wp\/v2\/media?parent=339109"}],"wp:term":[{"taxonomy":"category","embeddable":true,"href":"https:\/\/www.europesays.com\/es\/wp-json\/wp\/v2\/categories?post=339109"},{"taxonomy":"post_tag","embeddable":true,"href":"https:\/\/www.europesays.com\/es\/wp-json\/wp\/v2\/tags?post=339109"}],"curies":[{"name":"wp","href":"https:\/\/api.w.org\/{rel}","templated":true}]}}