{"id":339163,"date":"2026-01-13T23:23:11","date_gmt":"2026-01-13T23:23:11","guid":{"rendered":"https:\/\/www.europesays.com\/es\/339163\/"},"modified":"2026-01-13T23:23:11","modified_gmt":"2026-01-13T23:23:11","slug":"felix-auger-aliassime-se-une-a-alcaraz-en-un-godo-que-promete-emociones-fuertes","status":"publish","type":"post","link":"https:\/\/www.europesays.com\/es\/339163\/","title":{"rendered":"Felix Auger-Aliassime se une a Alcaraz en un God\u00f3 que promete emociones fuertes"},"content":{"rendered":"<p data-gtm-element-container=\"modulo-texto-link\" class=\"paragraph\">El <strong>Barcelona Open Banc Sabadell-Trofeo Conde de God\u00f3 2026<\/strong> va tomando forma. Si a mediados de diciembre se confirm\u00f3 la presencia del n\u00famero 1 del mundo y bicampe\u00f3n del torneo, <strong>Carlos Alcaraz<\/strong>, este martes lleg\u00f3 el turno de otro top 10.<\/p>\n<p data-gtm-element-container=\"modulo-texto-link\" class=\"paragraph\">La organizaci\u00f3n anunci\u00f3 que <strong>Felix Auger-Aliassime<\/strong>, actual n\u00famero 7 del mundo,<strong> ser\u00e1 una de las estrellas que dar\u00e1 lustre al hist\u00f3rico torneo barcelon\u00e9s<\/strong>, que se disputar\u00e1 en las pistas del RCT Barcelona\u00a0del 11 al 19 de abril.<\/p>\n<blockquote class=\"twitter-tweet\" data-lang=\"es\"><p>\n<a href=\"https:\/\/twitter.com\/bcnopenbs\/status\/2011038073820254517\" rel=\"nofollow noopener\" target=\"_blank\">\n<\/p><\/blockquote>\n<p data-gtm-element-container=\"modulo-texto-link\" class=\"paragraph\">El tenista canadiense de 25 a\u00f1os, uno de los jugadores con mayor talento del circuito, cuenta en su palmar\u00e9s con ocho t\u00edtulos, entre ellos los tres que consigui\u00f3 la temporada pasada en los ATP 250 de Bruselas, Montpellier y Adelaida. Adem\u00e1s, <strong>ha disputado un total de 12 finales, entre ellas las de los Masters 1.000 de Par\u00eds y Madrid.<\/strong><\/p>\n<p data-gtm-element-container=\"modulo-texto-link\" class=\"paragraph\">Auger-Aliassime ha jugado en Barcelona en tres ediciones, <strong>alcanzando los cuartos de final como mejor resultado en 2021 y 2022<\/strong>.<\/p>\n<p>    Lee tambi\u00e9n<\/p>\n<p data-gtm-element-container=\"modulo-texto-link\" class=\"paragraph\">La edici\u00f3n de este a\u00f1o presenta importantes novedades como<strong> la creaci\u00f3n de la &#8216;Fan Week&#8217; la semana anterior<\/strong>, con un torneo pre previa dirigido a tenistas sub21, un duelo de leyendas, seguramente un dobles Espa\u00f1a vs. Francia.<\/p>\n<p data-gtm-element-container=\"modulo-texto-link\" class=\"paragraph\">Vuelve a la escena una idea antigua, ahora reforzada y que ser\u00e1 puesta en pr\u00e1ctica el jueves 16 de abril: <strong>el partido en sesi\u00f3n nocturna, con uno de los principales favoritos como protagonista.<\/strong><\/p>\n<p data-gtm-element-container=\"modulo-texto-link\" class=\"paragraph\">Se generar\u00e1n espacios para actos paralelos con la eliminaci\u00f3n de la actual Pista 3. <strong>Habr\u00e1 un redise\u00f1o de la grada de la Pista 1<\/strong>. Se ampliar\u00e1 la oferta para aficionados, patrocinadores (unos 40) y en el seno del Hospitality.<\/p>\n<p data-gtm-element-container=\"modulo-texto-link\" class=\"paragraph\"><strong>En 2027 el torneo se abrir\u00e1 y algunos partidos de dobles se disputar\u00e1n en otros clubs<\/strong>, en un concepto de encuentro rodeado de una fiesta con tir\u00f3n para los m\u00e1s j\u00f3venes. Tambi\u00e9n se crear\u00e1 una segunda sala de jugadores fuera de la instalaci\u00f3n, que mantendr\u00e1 el n\u00facleo con la actual.<\/p>\n<p data-gtm-element-container=\"modulo-texto-link\" class=\"paragraph\">Las entradas que todav\u00eda quedan para la presente edici\u00f3n se pueden adquirir a trav\u00e9s de la web oficial del torneo (www.barcelonaopenbancsabadell.com).<\/p>\n<p><script async src=\"https:\/\/platform.twitter.com\/widgets.js\" charset=\"utf-8\"><\/script><\/p>\n","protected":false},"excerpt":{"rendered":"El Barcelona Open Banc Sabadell-Trofeo Conde de God\u00f3 2026 va tomando forma. Si a mediados de diciembre se&hellip;\n","protected":false},"author":2,"featured_media":339164,"comment_status":"","ping_status":"","sticky":false,"template":"","format":"standard","meta":{"footnotes":""},"categories":[274],"tags":[168,25,24,23,167,327,326],"class_list":{"0":"post-339163","1":"post","2":"type-post","3":"status-publish","4":"format-standard","5":"has-post-thumbnail","7":"category-tenis","8":"tag-deportes","9":"tag-es","10":"tag-espana","11":"tag-spain","12":"tag-sports","13":"tag-tenis","14":"tag-tennis"},"share_on_mastodon":{"url":"https:\/\/pubeurope.com\/@es\/115890369846398839","error":""},"_links":{"self":[{"href":"https:\/\/www.europesays.com\/es\/wp-json\/wp\/v2\/posts\/339163","targetHints":{"allow":["GET"]}}],"collection":[{"href":"https:\/\/www.europesays.com\/es\/wp-json\/wp\/v2\/posts"}],"about":[{"href":"https:\/\/www.europesays.com\/es\/wp-json\/wp\/v2\/types\/post"}],"author":[{"embeddable":true,"href":"https:\/\/www.europesays.com\/es\/wp-json\/wp\/v2\/users\/2"}],"replies":[{"embeddable":true,"href":"https:\/\/www.europesays.com\/es\/wp-json\/wp\/v2\/comments?post=339163"}],"version-history":[{"count":0,"href":"https:\/\/www.europesays.com\/es\/wp-json\/wp\/v2\/posts\/339163\/revisions"}],"wp:featuredmedia":[{"embeddable":true,"href":"https:\/\/www.europesays.com\/es\/wp-json\/wp\/v2\/media\/339164"}],"wp:attachment":[{"href":"https:\/\/www.europesays.com\/es\/wp-json\/wp\/v2\/media?parent=339163"}],"wp:term":[{"taxonomy":"category","embeddable":true,"href":"https:\/\/www.europesays.com\/es\/wp-json\/wp\/v2\/categories?post=339163"},{"taxonomy":"post_tag","embeddable":true,"href":"https:\/\/www.europesays.com\/es\/wp-json\/wp\/v2\/tags?post=339163"}],"curies":[{"name":"wp","href":"https:\/\/api.w.org\/{rel}","templated":true}]}}