{"id":339190,"date":"2026-01-13T23:40:07","date_gmt":"2026-01-13T23:40:07","guid":{"rendered":"https:\/\/www.europesays.com\/es\/339190\/"},"modified":"2026-01-13T23:40:07","modified_gmt":"2026-01-13T23:40:07","slug":"servicios-minimos-comunidad-por-comunidad","status":"publish","type":"post","link":"https:\/\/www.europesays.com\/es\/339190\/","title":{"rendered":"servicios m\u00ednimos comunidad por comunidad"},"content":{"rendered":"<p>\n                                                 Manifestaci\u00f3n de m\u00e9dicos.                                            <\/p>\n<p>                                            Empieza 2026 como acab\u00f3 el a\u00f1o anterior, con <a href=\"https:\/\/www.redaccionmedica.com\/secciones\/sanidad-hoy\/la-gripe-y-las-urgencias-marcan-los-servicios-minimos-de-la-huelga-medica-1302\" title=\"La gripe y las urgencias marcan los servicios m\u00ednimos de la huelga m\u00e9dica\" rel=\"nofollow noopener\" target=\"_blank\">dos nuevas jornadas de huelga y manifestaciones<\/a> de los m\u00e9dicos por el Estatuto Marco que se negocia desde el Ministerio de Sanidad. Para el paro de este mi\u00e9rcoles y jueves, convocado por la Agrupaci\u00f3n por un Estatuto M\u00e9dico y Facultativo (Apemyf), est\u00e1n llamados<strong> todos los m\u00e9dicos de Atenci\u00f3n Primaria<\/strong>, as\u00ed como el resto de facultativos de Catalu\u00f1a, la Comunidad de Madrid, Pa\u00eds Vasco, la Regi\u00f3n de Murcia, el Principado de Asturias y la Comunidad Valenciana.<\/p>\n<p>As\u00ed, desde cada una de las regiones se han establecido <strong>servicios m\u00ednimos <\/strong>que garanticen la <strong>atenci\u00f3n de los pacientes<\/strong>, especialmente en los servicios de Primaria y Urgencias Extrahospitalarias, teniendo en cuenta tambi\u00e9n a los MIR y la incidencia de la gripe, en algunos casos.<\/p>\n<p>&#13;<br \/>\n\tCatalu\u00f1a<br \/>\n<br \/>\nEn Catalu\u00f1a, la huelga de este mi\u00e9rcoles y jueves provocar\u00e1 una <strong>situaci\u00f3n parecida a la que hubo los pasados d\u00edas 9 y 10 de diciembre<\/strong>. La convocatoria afecta a todos los m\u00e9dicos de Familia y pediatras de Atenci\u00f3n Primaria dependientes del Sistema Nacional de Salud y al <strong>personal facultativo laboral, al estatutario, al funcionarial y a las personas en formaci\u00f3n especializada<\/strong> que presta sus servicios en las administraciones e instituciones p\u00fablicas y privadas concertadas del \u00e1mbito sanitario.<\/p>\n<p>No obstante, el Govern garantizar\u00e1 el servicio esencial de asistencia sanitaria que se presta a la poblaci\u00f3n. La principal afectaci\u00f3n del paro para los pacientes es la suspensi\u00f3n de consultas de Atenci\u00f3n Primaria y especialidades ya concertadas y en la actividad quir\u00fargica no urgente. En esta ocasi\u00f3n, ni el Departament de Salut ni el Servei Catal\u00e0 de la Salut acudieron a la reuni\u00f3n de medicaci\u00f3n con el Departament d&#8217;Empresa i Treball i <strong>Metges de Catalunya, quien lo calific\u00f3 de \u00abmenosprecio al colectivo m\u00e9dico\u00bb<\/strong>.<\/p>\n<p>As\u00ed, <strong>los servicios m\u00ednimos deber\u00e1n garantizar el funcionamiento habitual del servicio de urgencias<\/strong>, las unidades especiales, los tratamientos de radioterapia y quimioterapia, la actividad quir\u00fargica inaplazable, la atenci\u00f3n de los enfermos ingresados y el servicio de coordinaci\u00f3n de urgencias y sistemas de emergencias m\u00e9dicas. <strong>En Primaria, los servicios m\u00ednimos ser\u00e1n del 25 por ciento de la plantilla<\/strong>.<\/p>\n<p>&#13;<br \/>\n\tBaleares<br \/>\n<br \/>\nPor su parte, los servicios m\u00ednimos para la huelga en Baleares determinan que deben permanecer abiertos los centros de salud en el turno de ma\u00f1ana, con una <strong>plantilla m\u00ednima de dos m\u00e9dicos y un pediatra<\/strong>, y en el turno de tarde, con dos m\u00e9dicos y un pediatra, si los hay. En el horario matutino, en caso de ser un centro de salud con m\u00e1s de 20.500 tarjetas sanitarias individuales, <strong>el m\u00ednimo ser\u00e1 de tres m\u00e9dicos y un pediatra<\/strong>.<\/p>\n<p><strong>La cobertura de la atenci\u00f3n continuada ser\u00e1 del 100 por cien<\/strong> en todos los servicios sanitarios, mientras que tambi\u00e9n se ha acordado que <strong>los MIR no podr\u00e1n ser designados como servicios m\u00ednimos<\/strong> ni suplir al personal m\u00e9dico que se adhiera a la huelga.<\/p>\n<p>&#13;<br \/>\n\tArag\u00f3n<br \/>\n<br \/>\nEn el caso de Arag\u00f3n, los servicios m\u00ednimos en Atenci\u00f3n Primaria deber\u00e1n <strong>garantizar la atenci\u00f3n domiciliaria y consultas con car\u00e1cter urgente<\/strong>, la atenci\u00f3n a todos los pacientes con tratamiento cuya suspensi\u00f3n suponga un grave riesgo, las prescripciones farmac\u00e9uticas necesarias para instaurar o proseguir tratamientos urgentes y la emisi\u00f3n de los partes relativos a los procesos de incapacidad temporal.<\/p>\n<p>Por otro lado, funcionar\u00e1n asistencialmente con plena normalidad las unidades de Demanda Urgente de Atenci\u00f3n Primaria. <strong>En atenci\u00f3n continuada, los servicios m\u00ednimos ser\u00e1n del cien por cien<\/strong>, mientras que <strong>los MIR de las especialidades convocadas<\/strong>, Medicina Familiar y Comunitaria y Pediatr\u00eda, <strong>ser\u00e1n considerados servicio m\u00ednimo<\/strong> durante la jornada ordinaria en los centros de salud y servicios hospitalarios en los que est\u00e9n desarrollando su formaci\u00f3n.<\/p>\n<p>&#13;<br \/>\n\tRegi\u00f3n de Murcia<br \/>\n<br \/>\n<strong>En La Regi\u00f3n de Murcia ir\u00e1n a huelga todos sus facultativos, tanto de Atenci\u00f3n Primaria como hospitalaria<\/strong>. En Atenci\u00f3n Primaria, habr\u00e1 un m\u00ednimo de tres m\u00e9dicos de Familia en jornada de ma\u00f1ana y uno de tarde en aquellos equipos que habitualmente tengan diez o m\u00e1s. Si no, habr\u00e1 dos m\u00e9dicos de Familia por la ma\u00f1ana y uno por la tarde. Algo parecido ocurrir\u00e1 en Pediatr\u00eda, con dos en jornada de ma\u00f1ana en consultorios que normalmente tienen cinco, y uno donde haya menos de cinco, acompa\u00f1ados todos ellos de un pediatra si existe en jornada de tarde.<\/p>\n<p>En atenci\u00f3n hospitalaria, se han instaurado unos <strong>servicios m\u00ednimos con 75 por ciento del personal facultativo habitual en hospitalizaci\u00f3n y plantas de ingreso<\/strong>, del 65 por ciento en servicios centrales y pruebas diagn\u00f3sticas, mismo porcentaje en actividad quir\u00fargica programada y reanimaci\u00f3n y consultas externas.<\/p>\n<p>En urgencias hospitalarias, los servicios m\u00ednimos ser\u00e1n del cien por cien, as\u00ed como en unidades de cuidados intensivos, en consultas externas de controles de embarazo y ecograf\u00edas obst\u00e9tricas y los servicios de hospital de d\u00eda m\u00e9dico y radioterapia y di\u00e1lisis.<\/p>\n<p>&#13;<br \/>\n\tComunidad Valenciana<br \/>\n<br \/>\nEn la Comunidad Valenciana <strong>han convocado la huelga el Sindicato M\u00e9dico Avanza y el Sindicato M\u00e9dico de Atenci\u00f3n Primaria<\/strong>, pero no CESM-CV. En esta regi\u00f3n, <strong>los servicios m\u00ednimos en los hospitales son los propios de un domingo<\/strong> en salas de hospitalizaci\u00f3n, servicios centrales urgentes, quir\u00f3fano de urgencias y servicios de urgencias hospitalarias, mientras que funcionar\u00e1n como una jornada habitual los de di\u00e1lisis, radioterapia, UCI y unidades de reanimaci\u00f3n.<\/p>\n<p>Por su parte, los Servicios de Farmacia hospitalaria, quir\u00f3fanos programados, Oncolog\u00eda, unidad de hospitalizaci\u00f3n a domicilio, hospital de d\u00eda, laboratorios, y area de imagen funcionar\u00e1n al <strong>50 por ciento<\/strong>, y <strong>las consultas externas al 25 por ciento<\/strong>. Los Puntos de Atenci\u00f3n Continuada de Primaria, Puntos de Atenci\u00f3n Sanitaria y el CICU-SAMU funcionar\u00e1n como una jornada habitual; los centros de salud y consultorios auxiliares <strong>como un s\u00e1bado<\/strong>; los centros de especialidades al 25 por ciento y <strong>la atenci\u00f3n domiciliaria al 50 por ciento<\/strong> de la jornada habitual para garantizar la asistencia no demorable.<br \/>&#13;\n<\/p>\n<p>&#13;<br \/>\n\t<br \/>&#13;<br \/>\n\tExtremadura<br \/>\n<br \/>\nEn la comunidad de Extremadura, los servicios m\u00ednimos se han fijado teniendo en cuenta la garant\u00eda de atenci\u00f3n urgente, la protecci\u00f3n de pacientes vulnerables, evitar retrasos cr\u00edticos en diagn\u00f3sticos y tratamientos, el cumplimiento de normativa sanitarias y el impacto en el funcionamiento de los hospitales. As\u00ed, se han <strong>establecido medidas en Atenci\u00f3n Primaria<\/strong>, incluidos los servicios de <strong>Urgencias Extrahospitalarias <\/strong>y los <strong>MIR <\/strong>de Medicina de Familia y Pediatr\u00eda.<\/p>\n<p>En ese sentido, todos los Centros de Atenci\u00f3n Primaria en los que se ubique un Punto de Atenci\u00f3n Continuada (PAC) o PAC Accesorio, ser\u00e1n atendidos en r\u00e9gimen de <strong>Atenci\u00f3n Continuada como un d\u00eda festivo<\/strong>. En los centros de salud donde no haya un PAC \u00abse designar\u00e1 como servicios m\u00ednimos un m\u00e9dico para la atenci\u00f3n a la urgencia exclusivamente\u00bb. En tanto, los Servicios de Urgencias y Emergencias en Primaria, se contemplar\u00e1n en su totalidad como servicios m\u00ednimos.<\/p>\n<p>En cuanto a los <strong>pediatras <\/strong>de Atenci\u00f3n Primaria:<\/p>\n<ul>&#13;<\/p>\n<li>&#13;<br \/>\n\t\tEn los centros donde haya dos o m\u00e1s pediatras, se designa a uno de ellos como servicios m\u00ednimos.<\/li>\n<p>&#13;<\/p>\n<li>&#13;<br \/>\n\t\tEn los centros en los que haya un pediatra, la atenci\u00f3n ser\u00e1 la de un d\u00eda festivo.<\/li>\n<p>&#13;<\/p>\n<li>&#13;<br \/>\n\t\tAdem\u00e1s, como norma general, se prestar\u00e1 atenci\u00f3n sanitaria a todos los pacientes que la necesiten \u00abde forma inexcusable\u00bb.<\/li>\n<p>&#13;\n<\/ul>\n<p>&#13;<br \/>\n\t<br \/>&#13;<br \/>\n\tComunidad de Madrid<br \/>\n<br \/>\nEn el caso de la Comunidad de Madrid, los servicios m\u00ednimos son en el \u00e1mbito de <strong>Atenci\u00f3n Primaria, Atenci\u00f3n Extrahospitalaria y Atenci\u00f3n Hospitalaria<\/strong>. En los centros hospitalarios se han establecido para la jornada del d\u00eda de huelga, los que corresponden con el personal que presta servicios en <strong>s\u00e1bados, domingos y\/o festivos <\/strong>y personal con guardia programada el d\u00eda de la huelga. Adem\u00e1s, se han fijado adicionales en las unidades de Di\u00e1lisis, Urgencias, Reanimaci\u00f3n, Cuidados Cr\u00edticos, Hospitalizaci\u00f3n, Quir\u00f3fanos, Anatom\u00eda Patol\u00f3gica, Hospital de D\u00eda, Oncolog\u00eda, Pediatr\u00eda, M\u00e9dico-Quir\u00fargico, Unidades de Cuidados Paliativos, Farmacia, Diagn\u00f3stico por Imagen y Otras Exploraciones, Laboratorio, Extracci\u00f3n y Trasplante de \u00d3rganos, Radioterapia, Hemodin\u00e1mica, Admisi\u00f3n y Archivo.<\/p>\n<p>Por la <strong>incidencia de la gripe<\/strong>, tambi\u00e9n se podr\u00e1n fijar servicios m\u00ednimos adicionales en las unidades implicadas en la asistencia sanitaria a pacientes con dicha patolog\u00eda. \u00abEn cualquier caso, los servicios m\u00ednimos <strong>no podr\u00e1n superar el 35 por ciento <\/strong>del total de los efectivos del personal sanitario del grupo A1 existentes en cada Gerencia\u00bb, indica la resoluci\u00f3n del bolet\u00edn oficial de la regi\u00f3n.<\/p>\n<p>En <strong>Atenci\u00f3n Primaria<\/strong>, en los centros de salud:<\/p>\n<ul>&#13;<\/p>\n<li>&#13;<br \/>\n\t\tQue cuenten con cuatro o m\u00e1s m\u00e9dicos\/as de Familia: dos m\u00e9dicos\/as de Familia y un\/una pediatra por centro y turno que tuvieran que trabajar el d\u00eda de la huelga. En el supuesto de que no existiera pediatra en la plantilla, se sustituir\u00e1 por otro\/a m\u00e9dico\/a de Familia.<\/li>\n<p>&#13;<\/p>\n<li>&#13;<br \/>\n\t\tCon menos de cuatro m\u00e9dicos\/as de Familia: un\/una m\u00e9dico\/a de Familia y un pediatra por centro y turno que tuvieran que trabajar el d\u00eda de la huelga. En el supuesto de que no existiera pediatra en la plantilla se sustituir\u00e1 por otro\/a m\u00e9dico\/a de Familia.<\/li>\n<p>&#13;<\/p>\n<li>&#13;<br \/>\n\t\tEquipos de Soporte de Atenci\u00f3n Domiciliaria (ESAD): un m\u00e9dico en cada ESAD el d\u00eda de la huelga.<\/li>\n<p>&#13;<\/p>\n<li>&#13;<br \/>\n\t\tCentros de Continuidad Asistencial: el 100 por cien de personal facultativo que, seg\u00fan la planificaci\u00f3n establecida en cada centro sanitario, tengan que trabajar en la jornada del d\u00eda de la huelga.<\/li>\n<p>&#13;\n<\/ul>\n<p>\nEn cuanto a los <strong>MIR<\/strong>, en el \u00e1mbito de <strong>Atenci\u00f3n Hospitalaria <\/strong>se fijan los servicios m\u00ednimos de\u00a0 jornada ordinaria de trabajo del <strong>35 por ciento del personal residente <\/strong>que de acuerdo con la planificaci\u00f3n establecida tenga la obligaci\u00f3n de prestar servicios el d\u00eda de la huelga. En la jornada complementaria, el 100 por cien de los residentes que tengan programada guardia el d\u00eda de la huelga, incluidos los residentes de la especialidad de Medicina Familiar y Comunitaria que tengan programada guardia en los centros hospitalarios.<\/p>\n<p>En <strong>Atenci\u00f3n Primaria <\/strong>se fija que los centros de salud en los que coincidan hasta cuatro residentes o m\u00e1s, con independencia del a\u00f1o de residencia, deber\u00e1 haber <strong>dos residentes en servicios m\u00ednimos <\/strong>por centro y turno. En los centros de salud en los que coincidan hasta tres residentes, con independencia del a\u00f1o de residencia, deber\u00e1 haber un residente en servicios m\u00ednimos por centro y turno.<\/p>\n<p>&#13;<br \/>\n\tCastilla-La Mancha<br \/>\n<br \/>\nEn el Servicio de Salud de Castilla-La Mancha (Sescam) se ha fijado en el \u00e1mbito de Atenci\u00f3n Primaria y Urgencias Extrahospitalarias, <strong>garantizar la atenci\u00f3n urgente <\/strong>en cada Zona B\u00e1sica con el 100 por cien de los efectivos previstos para <strong>un d\u00eda festivo <\/strong>con personal de guardia programada en cada PAC. En el servicio de respuesta sanitaria estar\u00e1n al 100 por cien, al igual que en la Unidad auton\u00f3mica de coordinaci\u00f3n de trasplantes. En el resto de centros y servicios, al <strong>25 por ciento de los efectivos de un d\u00eda no festivo<\/strong>, computados a nivel de la Zona B\u00e1sica de Salud.<\/p>\n<p>\u00abEl r\u00e9gimen de prestaci\u00f3n de servicio y retribuci\u00f3n del personal al que, en su caso, se le asigne servicio m\u00ednimo en r\u00e9gimen de guardia, tanto presencial como localizada, ser\u00e1 el correspondiente a <strong>un d\u00eda no festivo<\/strong>, por tener tal car\u00e1cter los d\u00edas afectos a la convocatoria de huelga\u00bb, indica la resoluci\u00f3n.<br \/>&#13;\n<\/p>\n<p>&#13;<br \/>\n\t<br \/>&#13;<br \/>\n\tCastilla y Le\u00f3n<br \/>\n<br \/>\nEn Castilla y Le\u00f3n, la convocatoria de huelga afecta a los m\u00e9dicos de Familia y pediatras de Atenci\u00f3n Primaria, as\u00ed como a los MIR de esas especialidades, por lo que se han adoptado las medidas que <strong>aseguren el mantenimiento <\/strong>de los servicios p\u00fablicos esenciales. \u00abEse m\u00ednimo de actividad asistencial con car\u00e1cter general ser\u00e1 el que se realiza de manera ordinaria <strong>en d\u00eda festivo con preferencia <\/strong>a la actividad urgente, en el que se compatibiliza la prestaci\u00f3n asistencial con el derecho al descanso del personal\u00bb, indica la publicaci\u00f3n en el bolet\u00edn oficial.&#13;<br \/>\n\tGalicia<br \/>\n<br \/>\nLa Xunta de Galicia ha determinado para los d\u00edas de huelga, que el personal de la Fundaci\u00f3n P\u00fablica Urgencias Sanitarias de Galicia-061 cuente con el <strong>personal m\u00ednimo necesario <\/strong>para la cobertura del 100 por cien de la atenci\u00f3n urgente y permanente. En tanto, el personal de la Agencia Gallega de Sangre, \u00d3rganos y Tejidos tambi\u00e9n contar\u00e1 con el m\u00ednimo necesario para la <strong>cobertura del suministro de sangre y hemoderivados<\/strong>, la coordinaci\u00f3n de las donaciones, los trasplantes de \u00f3rganos y los implantes de c\u00e9lulas y tejidos.<\/p>\n<p>En cuanto al personal de los centros e instituciones sanitarias del Sergas, la cobertura ser\u00e1 del <strong>100 por cien de la actividad urgente <\/strong>de la atenci\u00f3n en el Servicio de Urgencias y guardias m\u00e9dicas, quir\u00f3fanos, salas de parto y laboratorios. Tambi\u00e9n habr\u00e1 cobertura del 100 por cien de la actividad en las Unidades de Reanimaci\u00f3n, de Cuidados Intensivos, Di\u00e1lisis y tratamientos Oncol\u00f3gicos.<\/p>\n<p>En el \u00e1mbito de la consulta, se atender\u00e1n las que est\u00e9n consideradas como <strong>urgentes o preferentes<\/strong>, seg\u00fan el criterio del personal facultativo. Se garantizar\u00e1 tambi\u00e9n la <strong>dispensaci\u00f3n de sangre, medicamentos y productos sanitarios<\/strong>, y la atenci\u00f3n a pacientes de hospitalizaci\u00f3n.<\/p>\n<p>&#13;<br \/>\n\tAsturias<br \/>\n<br \/>\nTambi\u00e9n har\u00e1n un paro los m\u00e9dicos asturianos. En su caso, para la concreci\u00f3n de los servicios m\u00ednimos se han tenido en cuenta <strong>las plantillas de los centros y la demanda estimada<\/strong>, la extensi\u00f3n de la huelga, la modalidad de prestaci\u00f3n y caracter\u00edsticas concretas de las categor\u00edas y de los puestos de trabajo, el n\u00famero de dispositivos en cada \u00e1rea de salud y la <strong>modalidad de organizaci\u00f3n <\/strong>de los dispositivos sanitarios.<\/p>\n<p>Con base en todos ellos, se seguir\u00e1 prestando los servicios relacionados con la <strong>Atenci\u00f3n a las Urgencias y Emergencias<\/strong>. Adem\u00e1s, en el \u00e1mbito de Atenci\u00f3n Primaria tambi\u00e9n se ha fijado el <strong>n\u00famero m\u00ednimo de m\u00e9dicos <\/strong>que deben trabajar en cada centro.<\/p>\n<p>Todo ello con el objetivo de garantizar la atenci\u00f3n a las urgencias que se produzca tanto en el centro como en domicilios, la atenci\u00f3n a enfermos que <strong>precisen asistencia continuada <\/strong>en su tratamiento, las prescripciones farmac\u00e9uticas necesarias y los programas de vacunaciones. En la resoluci\u00f3n donde se fijan los m\u00ednimos tambi\u00e9n se deja claro que <strong>los residentes podr\u00e1n participar en la huelga<\/strong>, algo que no ocurre en otras comunidades aut\u00f3nomas.                                        <\/p>\n<p>\n                                            Las informaciones publicadas en Redacci\u00f3n M\u00e9dica contienen afirmaciones, datos y declaraciones procedentes de instituciones oficiales y profesionales sanitarios. No obstante, ante cualquier duda relacionada con su salud, consulte con su especialista sanitario correspondiente.\n                                        <\/p>\n","protected":false},"excerpt":{"rendered":"Manifestaci\u00f3n de m\u00e9dicos. Empieza 2026 como acab\u00f3 el a\u00f1o anterior, con dos nuevas jornadas de huelga y manifestaciones&hellip;\n","protected":false},"author":2,"featured_media":339191,"comment_status":"","ping_status":"","sticky":false,"template":"","format":"standard","meta":{"footnotes":""},"categories":[8],"tags":[17,18,25,24,13,14,11,19,20,9,10,15,16,23,12,21,22],"class_list":{"0":"post-339190","1":"post","2":"type-post","3":"status-publish","4":"format-standard","5":"has-post-thumbnail","7":"category-espana","8":"tag-breaking-news","9":"tag-breakingnews","10":"tag-es","11":"tag-espana","12":"tag-featured-news","13":"tag-featurednews","14":"tag-headlines","15":"tag-latest-news","16":"tag-latestnews","17":"tag-news","18":"tag-noticias","19":"tag-noticias-destacadas","20":"tag-noticiasdestacadas","21":"tag-spain","22":"tag-titulares","23":"tag-ultimas-noticias","24":"tag-ultimasnoticias"},"share_on_mastodon":{"url":"https:\/\/pubeurope.com\/@es\/115890436570299275","error":""},"_links":{"self":[{"href":"https:\/\/www.europesays.com\/es\/wp-json\/wp\/v2\/posts\/339190","targetHints":{"allow":["GET"]}}],"collection":[{"href":"https:\/\/www.europesays.com\/es\/wp-json\/wp\/v2\/posts"}],"about":[{"href":"https:\/\/www.europesays.com\/es\/wp-json\/wp\/v2\/types\/post"}],"author":[{"embeddable":true,"href":"https:\/\/www.europesays.com\/es\/wp-json\/wp\/v2\/users\/2"}],"replies":[{"embeddable":true,"href":"https:\/\/www.europesays.com\/es\/wp-json\/wp\/v2\/comments?post=339190"}],"version-history":[{"count":0,"href":"https:\/\/www.europesays.com\/es\/wp-json\/wp\/v2\/posts\/339190\/revisions"}],"wp:featuredmedia":[{"embeddable":true,"href":"https:\/\/www.europesays.com\/es\/wp-json\/wp\/v2\/media\/339191"}],"wp:attachment":[{"href":"https:\/\/www.europesays.com\/es\/wp-json\/wp\/v2\/media?parent=339190"}],"wp:term":[{"taxonomy":"category","embeddable":true,"href":"https:\/\/www.europesays.com\/es\/wp-json\/wp\/v2\/categories?post=339190"},{"taxonomy":"post_tag","embeddable":true,"href":"https:\/\/www.europesays.com\/es\/wp-json\/wp\/v2\/tags?post=339190"}],"curies":[{"name":"wp","href":"https:\/\/api.w.org\/{rel}","templated":true}]}}