{"id":339225,"date":"2026-01-14T00:04:35","date_gmt":"2026-01-14T00:04:35","guid":{"rendered":"https:\/\/www.europesays.com\/es\/339225\/"},"modified":"2026-01-14T00:04:35","modified_gmt":"2026-01-14T00:04:35","slug":"la-taberna-garibaldi-de-pablo-iglesias-denuncia-un-ataque-nazi-sionista-que-ha-herido-a-uno-de-sus-trabajadores","status":"publish","type":"post","link":"https:\/\/www.europesays.com\/es\/339225\/","title":{"rendered":"La Taberna Garibaldi de Pablo Iglesias denuncia un \u00abataque nazi-sionista\u00bb que ha herido a uno de sus trabajadores"},"content":{"rendered":"<p style=\"\">La Taberna Garibaldi, el local de hosteler\u00eda cofundado por el exvicepresidente y<a href=\"https:\/\/www.abc.es\/sociedad\/pablo-iglesias-volvera-dar-clases-politicas-profesor-20250929200917-nt.html\" data-voc-vtm-id=\"in-text-traffic\" title=\" exl\u00edder de Podemos Pablo Iglesias,\" rel=\"nofollow noopener\" target=\"_blank\"> exl\u00edder de Podemos Pablo Iglesias,<\/a> ha denunciado el ataque de un<strong> individuo \u00abnazi-sionista\u00bb,<\/strong> armado con una piedra y una llave inglesa, que ha herido a uno de sus trabajadores y  &#8230; ha causado da\u00f1os materiales en el recinto.<\/p>\n<p class=\"voc-p\" style=\"\">A trav\u00e9s de varios mensajes en su cuenta oficial en Instagram, la <strong>Taberna Garibaldi <\/strong>ha relatado que el hombre ha sido reducido y detenido por la Polic\u00eda, adem\u00e1s de mostrar varias im\u00e1genes de una piedra lanzada y el escaparate roto del establecimiento, ubicado en el barrio madrile\u00f1o de Lavapi\u00e9s.<\/p>\n<p class=\"voc-p\" style=\"\">Tambi\u00e9n ha asegurado que el hombre justific\u00f3 su ataque acusando al bar de Iglesias de cometer delitos de odio al lucir una pegatina (con la imagen de una bandera de Israel con el s\u00edmbolo de prohibido) colocada en la fachada <strong>\u00abdonde se proh\u00edbe la entrada a sionistas\u00bb<\/strong>.<\/p>\n<p class=\"voc-p\" style=\"\">El exportavoz de Unidas Podemos en el Congreso Pablo Echenique ha achacado en la red social X el ataque en el establecimiento a un \u00abescuadradista sionazi\u00bb. \u00abLos <strong>asesinos de ni\u00f1os palestinos <\/strong>no toleran que nadie les haga frente en ning\u00fan lugar del mundo\u00ab, ha remachado.<\/p>\n<p class=\"voc-p\" style=\"\">\u00abLos nazis se\u00f1alaban los locales jud\u00edos y reventaban los escaparates de sus tiendas. Hoy los sionistas intentan hacer lo mismo con los espacios antifascistas\u00bb, ha comparado el propio Iglesias en su cuenta de X.<\/p>\n<p class=\"voc-p\" style=\"\">En el per\u00edodico &#8216;Diario Red&#8217;, fundado por Iglesias, relacionan el incidente con una fotograf\u00eda realizada con anterioridad de David Castillo, del entorno de Vito Quiles, en que aparece realizando el saludo fascista frente al establecimiento. <\/p>\n","protected":false},"excerpt":{"rendered":"La Taberna Garibaldi, el local de hosteler\u00eda cofundado por el exvicepresidente y exl\u00edder de Podemos Pablo Iglesias, ha&hellip;\n","protected":false},"author":2,"featured_media":339226,"comment_status":"","ping_status":"","sticky":false,"template":"","format":"standard","meta":{"footnotes":""},"categories":[5],"tags":[1422,17,18,6775,25,24,13,14,77438,11,7534,19,20,9,10,15,16,618,41072,23,59604,12,21,22],"class_list":{"0":"post-339225","1":"post","2":"type-post","3":"status-publish","4":"format-standard","5":"has-post-thumbnail","7":"category-titulares","8":"tag-ataque","9":"tag-breaking-news","10":"tag-breakingnews","11":"tag-denuncia","12":"tag-es","13":"tag-espana","14":"tag-featured-news","15":"tag-featurednews","16":"tag-garibaldi","17":"tag-headlines","18":"tag-iglesias","19":"tag-latest-news","20":"tag-latestnews","21":"tag-news","22":"tag-noticias","23":"tag-noticias-destacadas","24":"tag-noticiasdestacadas","25":"tag-pablo","26":"tag-sionista","27":"tag-spain","28":"tag-taberna","29":"tag-titulares","30":"tag-ultimas-noticias","31":"tag-ultimasnoticias"},"share_on_mastodon":{"url":"https:\/\/pubeurope.com\/@es\/115890530697907745","error":""},"_links":{"self":[{"href":"https:\/\/www.europesays.com\/es\/wp-json\/wp\/v2\/posts\/339225","targetHints":{"allow":["GET"]}}],"collection":[{"href":"https:\/\/www.europesays.com\/es\/wp-json\/wp\/v2\/posts"}],"about":[{"href":"https:\/\/www.europesays.com\/es\/wp-json\/wp\/v2\/types\/post"}],"author":[{"embeddable":true,"href":"https:\/\/www.europesays.com\/es\/wp-json\/wp\/v2\/users\/2"}],"replies":[{"embeddable":true,"href":"https:\/\/www.europesays.com\/es\/wp-json\/wp\/v2\/comments?post=339225"}],"version-history":[{"count":0,"href":"https:\/\/www.europesays.com\/es\/wp-json\/wp\/v2\/posts\/339225\/revisions"}],"wp:featuredmedia":[{"embeddable":true,"href":"https:\/\/www.europesays.com\/es\/wp-json\/wp\/v2\/media\/339226"}],"wp:attachment":[{"href":"https:\/\/www.europesays.com\/es\/wp-json\/wp\/v2\/media?parent=339225"}],"wp:term":[{"taxonomy":"category","embeddable":true,"href":"https:\/\/www.europesays.com\/es\/wp-json\/wp\/v2\/categories?post=339225"},{"taxonomy":"post_tag","embeddable":true,"href":"https:\/\/www.europesays.com\/es\/wp-json\/wp\/v2\/tags?post=339225"}],"curies":[{"name":"wp","href":"https:\/\/api.w.org\/{rel}","templated":true}]}}