{"id":339308,"date":"2026-01-14T01:05:12","date_gmt":"2026-01-14T01:05:12","guid":{"rendered":"https:\/\/www.europesays.com\/es\/339308\/"},"modified":"2026-01-14T01:05:12","modified_gmt":"2026-01-14T01:05:12","slug":"la-soriana-cristina-urgel-nominada-a-los-goya-por-el-documental-la-conversacion-que-nunca-tuvimos","status":"publish","type":"post","link":"https:\/\/www.europesays.com\/es\/339308\/","title":{"rendered":"La soriana Cristina Urgel, nominada a los Goya por el documental &#8216;La conversaci\u00f3n que nunca tuvimos&#8217;"},"content":{"rendered":"<p class=\"paragraph\">La cineasta soriana <b>Cristina Urgel<\/b> ha sido nominada en la 40 edici\u00f3n de los <b>Premios Goya<\/b>, que se celebrar\u00e1n el 28 de febrero en Barcelona. Urgel firma el documental <b>&#8216;La conversaci\u00f3n que nunca tuvimos&#8217;<\/b>, propuesta que ha sido nominada a Mejor cortometraje documental, informa Europa Press.<\/p>\n<p class=\"paragraph\">La tambi\u00e9n actriz y presentadora <b>produce y dirige<\/b> este corto que aborda la historia de <b>su abuela como madre soltera <\/b>en un peque\u00f1o pueblo de Soria, una pieza en la que con la voz de la protagonista se relata la dura experiencia de una mujer se\u00f1alada por una sociedad que la apartaba.<\/p>\n<p class=\"paragraph\">Urgel gan\u00f3 en el <b>Certamen de Cortos Ciudad de Soria<\/b> el premio al Mejor documental nacional y Mejor cortometraje de Castilla y Le\u00f3n.<\/p>\n<p class=\"paragraph\">Cristina Urgel es <b>actriz, presentadora, guionista y directora espa\u00f1ola de Soria<\/b>, conocida por interpretar a &#8216;La Teniente&#8217; en La Reina del Sur, pero que ha evolucionado hacia la direcci\u00f3n y producci\u00f3n, fundando su propia compa\u00f1\u00eda, <b>Not Alone Productions<\/b>.<\/p>\n<p>            <a href=\"#\" title=\"\"><\/p>\n<p>                    <img loading=\"lazy\" decoding=\"async\" data-index=\"\" width=\"140\" height=\"140\" alt=\"Un momento de la gala de clausura en la Audiencia.\" data-full=\"[object Object]\" data-original=\"[object Object]\" src=\"https:\/\/imagenes.heraldodiariodesoria.es\/files\/related_image\/uploads\/2025\/11\/16\/6919a7706fb6c.jpeg\" data-full-src=\"https:\/\/www.europesays.com\/es\/wp-content\/uploads\/2026\/01\/6919a7706fb6c.jpeg\"\/><\/p>\n<p>            <\/a><\/p>\n<p class=\"paragraph\">Salt\u00f3 a la fama con series como <b>La que se avecina y La Reina del Sur<\/b>, adem\u00e1s de presentar programas como S\u00e9 lo que hicisteis y El Grand Prix del verano.<\/p>\n<p class=\"paragraph\">Se form\u00f3 en direcci\u00f3n y guion para contar <b>sus propias historias<\/b>, escribiendo y dirigiendo el corto Luz y debutando en largometrajes con &#8216;La conversaci\u00f3n que nunca tuvimos&#8217;.<\/p>\n<p class=\"paragraph\">La productora que dirige est\u00e1 enfocada en apoyar el <b>talento femenino<\/b> y desarrollar proyectos audiovisuales.<\/p>\n","protected":false},"excerpt":{"rendered":"La cineasta soriana Cristina Urgel ha sido nominada en la 40 edici\u00f3n de los Premios Goya, que se&hellip;\n","protected":false},"author":2,"featured_media":339309,"comment_status":"","ping_status":"","sticky":false,"template":"","format":"standard","meta":{"footnotes":""},"categories":[169],"tags":[77448,177,5197,146,147,25,24,176,175,28226,246,23],"class_list":{"0":"post-339308","1":"post","2":"type-post","3":"status-publish","4":"format-standard","5":"has-post-thumbnail","7":"category-cine","8":"tag-certamen-de-cortos-de-soria","9":"tag-cine","10":"tag-documentales","11":"tag-entertainment","12":"tag-entretenimiento","13":"tag-es","14":"tag-espana","15":"tag-film","16":"tag-movies","17":"tag-premios-goya","18":"tag-soria","19":"tag-spain"},"share_on_mastodon":{"url":"https:\/\/pubeurope.com\/@es\/115890770702182511","error":""},"_links":{"self":[{"href":"https:\/\/www.europesays.com\/es\/wp-json\/wp\/v2\/posts\/339308","targetHints":{"allow":["GET"]}}],"collection":[{"href":"https:\/\/www.europesays.com\/es\/wp-json\/wp\/v2\/posts"}],"about":[{"href":"https:\/\/www.europesays.com\/es\/wp-json\/wp\/v2\/types\/post"}],"author":[{"embeddable":true,"href":"https:\/\/www.europesays.com\/es\/wp-json\/wp\/v2\/users\/2"}],"replies":[{"embeddable":true,"href":"https:\/\/www.europesays.com\/es\/wp-json\/wp\/v2\/comments?post=339308"}],"version-history":[{"count":0,"href":"https:\/\/www.europesays.com\/es\/wp-json\/wp\/v2\/posts\/339308\/revisions"}],"wp:featuredmedia":[{"embeddable":true,"href":"https:\/\/www.europesays.com\/es\/wp-json\/wp\/v2\/media\/339309"}],"wp:attachment":[{"href":"https:\/\/www.europesays.com\/es\/wp-json\/wp\/v2\/media?parent=339308"}],"wp:term":[{"taxonomy":"category","embeddable":true,"href":"https:\/\/www.europesays.com\/es\/wp-json\/wp\/v2\/categories?post=339308"},{"taxonomy":"post_tag","embeddable":true,"href":"https:\/\/www.europesays.com\/es\/wp-json\/wp\/v2\/tags?post=339308"}],"curies":[{"name":"wp","href":"https:\/\/api.w.org\/{rel}","templated":true}]}}