{"id":339320,"date":"2026-01-14T01:11:09","date_gmt":"2026-01-14T01:11:09","guid":{"rendered":"https:\/\/www.europesays.com\/es\/339320\/"},"modified":"2026-01-14T01:11:09","modified_gmt":"2026-01-14T01:11:09","slug":"guerra-ucrania-rusia-en-directo-hoy-2","status":"publish","type":"post","link":"https:\/\/www.europesays.com\/es\/339320\/","title":{"rendered":"Guerra Ucrania &#8211; Rusia, en directo hoy"},"content":{"rendered":"<p><strong>Los \u00faltimos ataques rusos en Ucrania matan a cuatro personas, y dejan zonas sin calefacci\u00f3n ni electricidad<\/strong><\/p>\n<p>\u00a0<\/p>\n<p>Rusia ha atacado ciudades de toda Ucrania con misiles y drones durante la noche en uno de sus mayores embestidas del A\u00f1o Nuevo hasta el momento, matando al menos a cuatro personas y dejando sin calefacci\u00f3n ni electricidad, exponiendo a millones al peligroso fr\u00edo invernal.<\/p>\n<p>\u00a0<\/p>\n<p>El presidente Volod\u00edmir Zelenski ha declarado\u00a0que Rusia hab\u00eda lanzado cerca de 300 drones, 18 misiles bal\u00edsticos y siete misiles de crucero durante ataques nocturnos contra ocho regiones de Ucrania. Los principales objetivos han sido instalaciones de generaci\u00f3n de energ\u00eda y subestaciones, seg\u00fan ha manifestado Zelenski en una publicaci\u00f3n en Telegram.<\/p>\n<p>\u00a0<\/p>\n<p>\u00abCada ataque de este tipo contra la vida es un recordatorio de que el apoyo a Ucrania es indetenible. Se necesitan misiles para los sistemas de defensa a\u00e9rea a diario, especialmente durante el invierno\u00bb. Las unidades de defensa a\u00e9rea ucranianas derribaron 247 drones y siete misiles, seg\u00fan la Fuerza A\u00e9rea.<\/p>\n<p>\u00a0<\/p>\n<p>Tambi\u00e9n ha indicado en Telegram que los misiles y drones causaron da\u00f1os en 24 emplazamientos. Se han decretado cortes de electricidad de emergencia en la capital, Kiev, y tambi\u00e9n en las regiones de Chernihiv, Odesa, J\u00e1rkov, Dnipropetrovsk, Zaporiyia y Donetsk, seg\u00fan el Ministerio de Energ\u00eda. DTEK, la mayor empresa energ\u00e9tica privada de Ucrania, ha declarado que el ataque ha causado graves da\u00f1os en los equipos de una de sus centrales t\u00e9rmicas.<\/p>\n<p>\u00a0<\/p>\n<p>Zelenski, en su discurso nocturno por video, ha se\u00f1alado que los equipos de emergencia, obstaculizados por \u00abdesaf\u00edos extraordinarios\u00bb y temperaturas que descendieron a -16 grados Celsius (3 grados Fahrenheit) en Kiev, han permanecido trabajando las 24 horas para restablecer la calefacci\u00f3n y la electricidad.\u00a0<\/p>\n","protected":false},"excerpt":{"rendered":"Los \u00faltimos ataques rusos en Ucrania matan a cuatro personas, y dejan zonas sin calefacci\u00f3n ni electricidad \u00a0&hellip;\n","protected":false},"author":2,"featured_media":339321,"comment_status":"","ping_status":"","sticky":false,"template":"","format":"standard","meta":{"footnotes":""},"categories":[42],"tags":[17,18,13,14,11,61,62,63,64,19,20,9,10,15,16,12,21,22,65,66,67],"class_list":{"0":"post-339320","1":"post","2":"type-post","3":"status-publish","4":"format-standard","5":"has-post-thumbnail","7":"category-internacional","8":"tag-breaking-news","9":"tag-breakingnews","10":"tag-featured-news","11":"tag-featurednews","12":"tag-headlines","13":"tag-internacional","14":"tag-international","15":"tag-international-news","16":"tag-internationalnews","17":"tag-latest-news","18":"tag-latestnews","19":"tag-news","20":"tag-noticias","21":"tag-noticias-destacadas","22":"tag-noticiasdestacadas","23":"tag-titulares","24":"tag-ultimas-noticias","25":"tag-ultimasnoticias","26":"tag-world","27":"tag-world-news","28":"tag-worldnews"},"share_on_mastodon":{"url":"https:\/\/pubeurope.com\/@es\/115890794201893671","error":""},"_links":{"self":[{"href":"https:\/\/www.europesays.com\/es\/wp-json\/wp\/v2\/posts\/339320","targetHints":{"allow":["GET"]}}],"collection":[{"href":"https:\/\/www.europesays.com\/es\/wp-json\/wp\/v2\/posts"}],"about":[{"href":"https:\/\/www.europesays.com\/es\/wp-json\/wp\/v2\/types\/post"}],"author":[{"embeddable":true,"href":"https:\/\/www.europesays.com\/es\/wp-json\/wp\/v2\/users\/2"}],"replies":[{"embeddable":true,"href":"https:\/\/www.europesays.com\/es\/wp-json\/wp\/v2\/comments?post=339320"}],"version-history":[{"count":0,"href":"https:\/\/www.europesays.com\/es\/wp-json\/wp\/v2\/posts\/339320\/revisions"}],"wp:featuredmedia":[{"embeddable":true,"href":"https:\/\/www.europesays.com\/es\/wp-json\/wp\/v2\/media\/339321"}],"wp:attachment":[{"href":"https:\/\/www.europesays.com\/es\/wp-json\/wp\/v2\/media?parent=339320"}],"wp:term":[{"taxonomy":"category","embeddable":true,"href":"https:\/\/www.europesays.com\/es\/wp-json\/wp\/v2\/categories?post=339320"},{"taxonomy":"post_tag","embeddable":true,"href":"https:\/\/www.europesays.com\/es\/wp-json\/wp\/v2\/tags?post=339320"}],"curies":[{"name":"wp","href":"https:\/\/api.w.org\/{rel}","templated":true}]}}