{"id":339324,"date":"2026-01-14T01:13:34","date_gmt":"2026-01-14T01:13:34","guid":{"rendered":"https:\/\/www.europesays.com\/es\/339324\/"},"modified":"2026-01-14T01:13:34","modified_gmt":"2026-01-14T01:13:34","slug":"volveremos-a-hacer-esa-buena-cantidad-de-goles-de-los-ultimos-anos","status":"publish","type":"post","link":"https:\/\/www.europesays.com\/es\/339324\/","title":{"rendered":"Volveremos a hacer esa buena cantidad de goles de los \u00faltimos a\u00f1os"},"content":{"rendered":"<p data-gtm-element-container=\"modulo-texto-link\" class=\"paragraph\">Diego Pablo Simeone, t\u00e9cnico del Atl\u00e9tico de Madrid, compareci\u00f3 en rueda de prensa despu\u00e9s de que su equipo se clasificase para los cuartos de final despu\u00e9s de ganar por la m\u00ednima al Depor en Riazor.<\/p>\n<p data-gtm-element-container=\"modulo-texto-link\" class=\"paragraph\"><strong>Griezmann<\/strong><\/p>\n<p data-gtm-element-container=\"modulo-texto-link\" class=\"paragraph\">\u201cComo hizo el gol, la critica es positiva. No lo saqu\u00e9 a \u00e9l y no dej\u00e9 a Juli\u00e1n. Entend\u00edamos que estaba m\u00e1s cerca de poder asistir en el tramo final. Marc\u00f3 un golazo desde la puerta del \u00e1rea. Sigue teniendo esa magia que lo alimenta, y le sigue dando esa ilusi\u00f3n para seguir ayudando al equipo con ese gol\u201d.<\/p>\n<p data-gtm-element-container=\"modulo-texto-link\" class=\"paragraph\"><strong>Actuaci\u00f3n de los que menos minutos tienen<\/strong><\/p>\n<p data-gtm-element-container=\"modulo-texto-link\" class=\"paragraph\">\u201cSab\u00edamos el partido que ten\u00edamos por delante. Un equipo que vienve compitiendo muy bien, que tiene buen contragolpe. El partido lo llevamos bien al primer tiempo. Creo que al segundo tiempo fue por ese lado hasta el gol. Tras el gol m\u00e1s ataque posicional de ellos, y tuvimos opci\u00f3n de resolver alguna contra. Lo importante es que estamos en cuartos\u201d.<\/p>\n<p data-gtm-element-container=\"modulo-texto-link\" class=\"paragraph\"><strong>Salidas de Gallagher y Raspadori<\/strong><\/p>\n<p data-gtm-element-container=\"modulo-texto-link\" class=\"paragraph\">\u201cLo que hablamos ayer con Mateu Y Miguel. El club est\u00e1 trabajando en consecuencia de lo que el equipo necesita, y los futbolistas que lleguen lo har\u00e1n para compensar los jugadores que se han ido\u201d.<\/p>\n<p>    Lee tambi\u00e9n<\/p>\n<p data-gtm-element-container=\"modulo-texto-link\" class=\"paragraph\"><strong>Falta de contundencia<\/strong><\/p>\n<p data-gtm-element-container=\"modulo-texto-link\" class=\"paragraph\">\u201cMe preocupar\u00eda m\u00e1s si no generamos ocasiones de gol. Eso supondr\u00eda que hay un colectivo que no funciona, pero ahora toca afinar. Seguramente que volveremos a hacer esa buena cantidad de goles que hemos hecho en los \u00faltimos a\u00f1os, porque el equipo genera\u201d.<\/p>\n<p>        Lee tambi\u00e9n<\/p>\n<p>    WALTER ZIMMERMANN<\/p>\n<p>             <img loading=\"lazy\" decoding=\"async\" data-full-src=\"https:\/\/www.mundodeportivo.com\/uploads\/2026\/01\/13\/6966c44546b11.jpeg\" alt=\"Horizontal\" width=\"334\" height=\"164\" src=\"https:\/\/www.europesays.com\/es\/wp-content\/uploads\/2026\/01\/6966c44546b11.r_d.1772-1181.jpeg\" class=\"lazy\"\/><\/p>\n<p data-gtm-element-container=\"modulo-texto-link\" class=\"paragraph\"><strong>La gran ilusi\u00f3n es la Copa<\/strong><\/p>\n<p data-gtm-element-container=\"modulo-texto-link\" class=\"paragraph\">\u201cLa gran ilusi\u00f3n es estar en el Atl\u00e9tico y jugar con esta camiseta. Cada competici\u00f3n la jugamos con la intenci\u00f3n de llegar lo m\u00e1s lejos posible\u201d.\u00a0<\/p>\n","protected":false},"excerpt":{"rendered":"Diego Pablo Simeone, t\u00e9cnico del Atl\u00e9tico de Madrid, compareci\u00f3 en rueda de prensa despu\u00e9s de que su equipo&hellip;\n","protected":false},"author":2,"featured_media":339325,"comment_status":"","ping_status":"","sticky":false,"template":"","format":"standard","meta":{"footnotes":""},"categories":[5],"tags":[17,18,25,24,13,14,11,19,20,9,10,15,16,23,12,21,22],"class_list":{"0":"post-339324","1":"post","2":"type-post","3":"status-publish","4":"format-standard","5":"has-post-thumbnail","7":"category-titulares","8":"tag-breaking-news","9":"tag-breakingnews","10":"tag-es","11":"tag-espana","12":"tag-featured-news","13":"tag-featurednews","14":"tag-headlines","15":"tag-latest-news","16":"tag-latestnews","17":"tag-news","18":"tag-noticias","19":"tag-noticias-destacadas","20":"tag-noticiasdestacadas","21":"tag-spain","22":"tag-titulares","23":"tag-ultimas-noticias","24":"tag-ultimasnoticias"},"share_on_mastodon":{"url":"https:\/\/pubeurope.com\/@es\/115890802093297714","error":""},"_links":{"self":[{"href":"https:\/\/www.europesays.com\/es\/wp-json\/wp\/v2\/posts\/339324","targetHints":{"allow":["GET"]}}],"collection":[{"href":"https:\/\/www.europesays.com\/es\/wp-json\/wp\/v2\/posts"}],"about":[{"href":"https:\/\/www.europesays.com\/es\/wp-json\/wp\/v2\/types\/post"}],"author":[{"embeddable":true,"href":"https:\/\/www.europesays.com\/es\/wp-json\/wp\/v2\/users\/2"}],"replies":[{"embeddable":true,"href":"https:\/\/www.europesays.com\/es\/wp-json\/wp\/v2\/comments?post=339324"}],"version-history":[{"count":0,"href":"https:\/\/www.europesays.com\/es\/wp-json\/wp\/v2\/posts\/339324\/revisions"}],"wp:featuredmedia":[{"embeddable":true,"href":"https:\/\/www.europesays.com\/es\/wp-json\/wp\/v2\/media\/339325"}],"wp:attachment":[{"href":"https:\/\/www.europesays.com\/es\/wp-json\/wp\/v2\/media?parent=339324"}],"wp:term":[{"taxonomy":"category","embeddable":true,"href":"https:\/\/www.europesays.com\/es\/wp-json\/wp\/v2\/categories?post=339324"},{"taxonomy":"post_tag","embeddable":true,"href":"https:\/\/www.europesays.com\/es\/wp-json\/wp\/v2\/tags?post=339324"}],"curies":[{"name":"wp","href":"https:\/\/api.w.org\/{rel}","templated":true}]}}