{"id":339354,"date":"2026-01-14T01:34:11","date_gmt":"2026-01-14T01:34:11","guid":{"rendered":"https:\/\/www.europesays.com\/es\/339354\/"},"modified":"2026-01-14T01:34:11","modified_gmt":"2026-01-14T01:34:11","slug":"dia-mundial-de-la-lucha-contra-la-depresion","status":"publish","type":"post","link":"https:\/\/www.europesays.com\/es\/339354\/","title":{"rendered":"D\u00eda Mundial de la Lucha contra la Depresi\u00f3n"},"content":{"rendered":"<p><strong>Santiago de Cali, 13 de enero de 2026\u00a0\u00a0\u00a0\u00a0\u00a0\u00a0\u00a0\u00a0\u00a0\u00a0\u00a0\u00a0\u00a0\u00a0\u00a0\u00a0\u00a0\u00a0\u00a0\u00a0\u00a0<\/strong><\/p>\n<p>La Secretar\u00eda de Salud P\u00fablica conmemora hoy el D\u00eda Mundial de la Lucha contra la Depresi\u00f3n, como una fecha clave para visibilizar la importancia del bienestar emocional, reducir el estigma y buscar ayuda profesional en salud mental.<\/p>\n<p>Seg\u00fan la Organizaci\u00f3n Mundial de la Salud-OMS, la depresi\u00f3n es considerada uno de los trastornos mentales m\u00e1s frecuentes, afecta la salud emocional, las relaciones interpersonales y el desempe\u00f1o laboral de quienes la padecen. Esta enfermedad tiene un impacto significativo en la calidad de vida, afectando a m\u00e1s de 280 millones de personas en el mundo, con una mayor prevalencia en mujeres.<\/p>\n<p>De acuerdo con los datos del Registro Individual de Prestaci\u00f3n de Servicios de Salud &#8211; RIPS, en Cali uno de los trastornos mentales que m\u00e1s predomina en la poblaci\u00f3n es la depresi\u00f3n, present\u00e1ndose en mayor proporci\u00f3n en las mujeres.<\/p>\n<p>Es por eso que la dependencia de Salud P\u00fablica, a trav\u00e9s de la Pol\u00edtica Distrital de Salud Mental, bajo el modelo de En-torno a tu salud mental, viene desarrollando la campa\u00f1a \u2018Hablar sana\u2019, que busca romper el silencio, generar espacios de confianza y promover la escucha activa, la empat\u00eda y el acompa\u00f1amiento. Porque hablar no es un signo de debilidad, sino un acto valiente que salva vidas y que ayuda a reconciliar a Cali.<\/p>\n<p>A trav\u00e9s de esta campa\u00f1a se pretende hablar abiertamente de salud mental, promover el di\u00e1logo abierto y la creaci\u00f3n de redes de apoyo para que las personas puedan tener confianza para hablar de eso que les duele.<\/p>\n<p>Con el equipo psicosocial se desarrollan \u00a0intervenciones y acciones pedag\u00f3gicas en varias comunas de la ciudad, el transporte p\u00fablico y las calles m\u00e1s transitadas, compartiendo con la ciudadan\u00eda la importancia de reconocer que todas las emociones son v\u00e1lidas; Adem\u00e1s, se lleva un espacio de escucha activa con apoyo y orientaci\u00f3n psicosocial.<\/p>\n<p><strong>L\u00ednea 106<\/strong><\/p>\n<p>Salud P\u00fablica tambi\u00e9n tiene a disposici\u00f3n de la ciudadan\u00eda la L\u00ednea 106, de tele orientaci\u00f3n en salud mental, que funciona las 24 horas del d\u00eda, los 7 d\u00edas de la semana, y es operada por profesionales en salud mental capacitados en escucha activa, orientaci\u00f3n psicol\u00f3gica, intervenci\u00f3n en crisis y acompa\u00f1amiento emocional.<\/p>\n<p>Su prop\u00f3sito es la detecci\u00f3n temprana de alteraciones en salud mental, la identificaci\u00f3n de factores de riesgo y la facilitaci\u00f3n del acceso a la red de servicios del Distrito.<\/p>\n<p>Desde la Administraci\u00f3n Distrital, bajo el liderazgo del alcalde Alejandro Eder, seguimos trabajando de manera intersectorial en la salud mental, llegando a cada rinc\u00f3n de la ciudad, impactando todos los cursos de vida, promoviendo el di\u00e1logo abierto, fomentando la escucha activa, la empat\u00eda y el acompa\u00f1amiento entre ciudadanos, familias, instituciones educativas y entornos laborales.<\/p>\n<p><strong>Comunicaciones Secretar\u00eda de Salud P\u00fablica de Cali.<\/strong><\/p>\n","protected":false},"excerpt":{"rendered":"Santiago de Cali, 13 de enero de 2026\u00a0\u00a0\u00a0\u00a0\u00a0\u00a0\u00a0\u00a0\u00a0\u00a0\u00a0\u00a0\u00a0\u00a0\u00a0\u00a0\u00a0\u00a0\u00a0\u00a0\u00a0 La Secretar\u00eda de Salud P\u00fablica conmemora hoy el D\u00eda Mundial&hellip;\n","protected":false},"author":2,"featured_media":339355,"comment_status":"","ping_status":"","sticky":false,"template":"","format":"standard","meta":{"footnotes":""},"categories":[42],"tags":[17,18,13,14,11,61,62,63,64,19,20,9,10,15,16,12,21,22,65,66,67],"class_list":{"0":"post-339354","1":"post","2":"type-post","3":"status-publish","4":"format-standard","5":"has-post-thumbnail","7":"category-internacional","8":"tag-breaking-news","9":"tag-breakingnews","10":"tag-featured-news","11":"tag-featurednews","12":"tag-headlines","13":"tag-internacional","14":"tag-international","15":"tag-international-news","16":"tag-internationalnews","17":"tag-latest-news","18":"tag-latestnews","19":"tag-news","20":"tag-noticias","21":"tag-noticias-destacadas","22":"tag-noticiasdestacadas","23":"tag-titulares","24":"tag-ultimas-noticias","25":"tag-ultimasnoticias","26":"tag-world","27":"tag-world-news","28":"tag-worldnews"},"share_on_mastodon":{"url":"https:\/\/pubeurope.com\/@es\/115890884698593439","error":""},"_links":{"self":[{"href":"https:\/\/www.europesays.com\/es\/wp-json\/wp\/v2\/posts\/339354","targetHints":{"allow":["GET"]}}],"collection":[{"href":"https:\/\/www.europesays.com\/es\/wp-json\/wp\/v2\/posts"}],"about":[{"href":"https:\/\/www.europesays.com\/es\/wp-json\/wp\/v2\/types\/post"}],"author":[{"embeddable":true,"href":"https:\/\/www.europesays.com\/es\/wp-json\/wp\/v2\/users\/2"}],"replies":[{"embeddable":true,"href":"https:\/\/www.europesays.com\/es\/wp-json\/wp\/v2\/comments?post=339354"}],"version-history":[{"count":0,"href":"https:\/\/www.europesays.com\/es\/wp-json\/wp\/v2\/posts\/339354\/revisions"}],"wp:featuredmedia":[{"embeddable":true,"href":"https:\/\/www.europesays.com\/es\/wp-json\/wp\/v2\/media\/339355"}],"wp:attachment":[{"href":"https:\/\/www.europesays.com\/es\/wp-json\/wp\/v2\/media?parent=339354"}],"wp:term":[{"taxonomy":"category","embeddable":true,"href":"https:\/\/www.europesays.com\/es\/wp-json\/wp\/v2\/categories?post=339354"},{"taxonomy":"post_tag","embeddable":true,"href":"https:\/\/www.europesays.com\/es\/wp-json\/wp\/v2\/tags?post=339354"}],"curies":[{"name":"wp","href":"https:\/\/api.w.org\/{rel}","templated":true}]}}